{"id":7049,"date":"2013-02-20T14:49:48","date_gmt":"2013-02-20T11:49:48","guid":{"rendered":"https:\/\/www.enerjigazetesi.ist\/?p=7049"},"modified":"2013-02-20T14:49:48","modified_gmt":"2013-02-20T11:49:48","slug":"turkiye-uluslararasi-seyl-gaz-ve-petrol-konferansi","status":"publish","type":"post","link":"https:\/\/www.enerjigazetesi.ist\/en\/turkiye-uluslararasi-seyl-gaz-ve-petrol-konferansi\/","title":{"rendered":"(Turkish) T\u00fcrkiye Uluslararas\u0131 \u015eeyl Gaz ve Petrol Konferans\u0131"},"content":{"rendered":"<p class=\"qtranxs-available-languages-message qtranxs-available-languages-message-en\">Sorry, this entry is only available in <a href=\"https:\/\/www.enerjigazetesi.ist\/tr\/wp-json\/wp\/v2\/posts\/7049\" class=\"qtranxs-available-language-link qtranxs-available-language-link-tr\" title=\"Turkish\">Turkish<\/a>. For the sake of viewer convenience, the content is shown below in the alternative language. You may click the link to switch the active language.<\/p><p><strong>TMMOB Petrol M\u00fchendisleri Odas\u0131 ve T\u00fcrkiye Petrol Jeologlar\u0131 Derne\u011fi\u2019nin ortakla\u015fa d\u00fczenledi\u011fi \u201cT\u00fcrkiye Uluslararas\u0131 \u015eeyl Gaz ve Petrol Konferans\u0131\u201d farkl\u0131 \u00fclkelerden sayg\u0131n akademisyen, uzman ve enerji y\u00f6neticilerini bir araya getirecek. Enerji ve Tabii Kaynaklar Bakan\u0131 Taner Y\u0131ld\u0131z\u2019\u0131n da kat\u0131laca\u011f\u0131 konferansta, T\u00fcrkiye ve d\u00fcnyadaki \u015feyl gaz ve petrol potansiyeli, arama ve \u00fcretim \u00e7al\u0131\u015fmalar\u0131 ile \u00e7evresel etki gibi konular ele al\u0131nacak.<\/strong><\/p>\n<p>T\u00fcrkiye\u2019de ilk kez d\u00fczenlenecek olan \u201cUluslararas\u0131 \u015eeyl Gaz ve Petrol Konferans\u0131\u201d, 20-21 \u015eubat 2013 tarihleri aras\u0131nda Ankara Bilkent Hotel\u2019de ger\u00e7ekle\u015ftirilecek. Enerji ve Tabii Kaynaklar Bakanl\u0131\u011f\u0131\u2019n\u0131n Onursal Ba\u015fkanl\u0131\u011f\u0131\u2019nda d\u00fczenlenen konferansa, Shell \u201cElmas Sponsor\u201d olarak destek veriyor.<\/p>\n<p><img loading=\"lazy\" class=\"alignleft size-medium wp-image-7050\" title=\"petrol-gaz-sektoru-boru-hatti2-505x172\" src=\"https:\/\/www.enerjigazetesi.ist\/wp-content\/uploads\/2013\/02\/petrol-gaz-sektoru-boru-hatti2-505x172-300x166.jpg\" alt=\"\" width=\"300\" height=\"166\" srcset=\"https:\/\/www.enerjigazetesi.ist\/wp-content\/uploads\/2013\/02\/petrol-gaz-sektoru-boru-hatti2-505x172-300x166.jpg 300w, https:\/\/www.enerjigazetesi.ist\/wp-content\/uploads\/2013\/02\/petrol-gaz-sektoru-boru-hatti2-505x172-80x44.jpg 80w, https:\/\/www.enerjigazetesi.ist\/wp-content\/uploads\/2013\/02\/petrol-gaz-sektoru-boru-hatti2-505x172.jpg 310w\" sizes=\"(max-width: 300px) 100vw, 300px\" \/>Uluslararas\u0131 sayg\u0131nl\u0131\u011fa sahip jeologlar, jeofizik\u00e7iler, petrol m\u00fchendisleri, enerji y\u00f6neticileri ve akademisyenlerin kat\u0131laca\u011f\u0131 konferansta, d\u00fcnyadaki \u015feyl gaz ve petrol sahalar\u0131n\u0131n geli\u015ftirilmesi, T\u00fcrkiye\u2019nin \u015feyl gaz ve petrol potansiyeli ve sahalar\u0131n\u0131n ekonomik olarak geli\u015ftirilmesi konular\u0131 tart\u0131\u015f\u0131lacak. Ayr\u0131ca arama, sondaj, \u00fcretim ve rezervuar m\u00fchendisli\u011fi konular\u0131ndaki oturumlarda yeni geli\u015fmeler, modelleme ve saha sonu\u00e7lar\u0131 ele al\u0131nacak.<\/p>\n<p>A\u00e7\u0131l\u0131\u015f\u0131n\u0131 Enerji ve Tabii Kaynaklar Bakan\u0131 Taner Y\u0131ld\u0131z\u2019\u0131n yapaca\u011f\u0131 konferansa, Shell Uluslararas\u0131 Ankonvansiyonel Giri\u015fimler M\u00fcd\u00fcr\u00fc Hans Van Marle, Shell Arama \u00dcretim S\u00fcrd\u00fcr\u00fclebilir Geli\u015fme Uzman\u0131 Sreejeeta Datta ve Shell Ara\u015ft\u0131rma Dan\u0131\u015fman\u0131 Dr. Erdem \u0130diz de kat\u0131lacak. Marle, \u201c\u015eeyl Gaz\u0131 ve Petrol\u00fc T\u00fcrkiye \u0130\u00e7in Bir F\u0131rsat m\u0131?\u201d, Erdem \u0130diz, \u201c\u015eeyl Gaz ve Petrol F\u0131rsatlar\u0131n\u0131n Aranmas\u0131 ve De\u011ferlendirilmesi\u201d, Datta ise \u201cKuyu Tamamlama, Ankonvansiyonel Kaynaklar i\u00e7in Kanuni, Denetimsel ve \u00c7evresel Etmenler\u201d oturumunda g\u00f6r\u00fc\u015flerini payla\u015facak.<\/p>\n<p>Kaynak: <a href=\"http:\/\/enerjienstitusu.com\/2013\/02\/20\/turkiye-uluslararasi-seyl-gaz-ve-petrol-konferansi\/\" target=\"_blank\">Enerji Enstit\u00fcs\u00fc<\/a><\/p>","protected":false},"excerpt":{"rendered":"<p>Sorry, this entry is only available in Turkish. For the sake of viewer convenience, the content is shown below in the alternative language. You may click the link to switch the active language.TMMOB Petrol M\u00fchendisleri Odas\u0131 ve T\u00fcrkiye Petrol Jeologlar\u0131 Derne\u011fi\u2019nin ortakla\u015fa d\u00fczenledi\u011fi \u201cT\u00fcrkiye Uluslararas\u0131 \u015eeyl Gaz ve Petrol Konferans\u0131\u201d farkl\u0131 \u00fclkelerden sayg\u0131n akademisyen, uzman [&hellip;]<\/p>\n","protected":false},"author":1,"featured_media":7050,"comment_status":"open","ping_status":"open","sticky":false,"template":"","format":"standard","meta":[],"categories":[46,53,44],"tags":[2674,2675,67,2676,59,2673,667,2670,2671,2672],"views":686,"_links":{"self":[{"href":"https:\/\/www.enerjigazetesi.ist\/en\/wp-json\/wp\/v2\/posts\/7049"}],"collection":[{"href":"https:\/\/www.enerjigazetesi.ist\/en\/wp-json\/wp\/v2\/posts"}],"about":[{"href":"https:\/\/www.enerjigazetesi.ist\/en\/wp-json\/wp\/v2\/types\/post"}],"author":[{"embeddable":true,"href":"https:\/\/www.enerjigazetesi.ist\/en\/wp-json\/wp\/v2\/users\/1"}],"replies":[{"embeddable":true,"href":"https:\/\/www.enerjigazetesi.ist\/en\/wp-json\/wp\/v2\/comments?post=7049"}],"version-history":[{"count":2,"href":"https:\/\/www.enerjigazetesi.ist\/en\/wp-json\/wp\/v2\/posts\/7049\/revisions"}],"predecessor-version":[{"id":7052,"href":"https:\/\/www.enerjigazetesi.ist\/en\/wp-json\/wp\/v2\/posts\/7049\/revisions\/7052"}],"wp:featuredmedia":[{"embeddable":true,"href":"https:\/\/www.enerjigazetesi.ist\/en\/wp-json\/wp\/v2\/media\/7050"}],"wp:attachment":[{"href":"https:\/\/www.enerjigazetesi.ist\/en\/wp-json\/wp\/v2\/media?parent=7049"}],"wp:term":[{"taxonomy":"category","embeddable":true,"href":"https:\/\/www.enerjigazetesi.ist\/en\/wp-json\/wp\/v2\/categories?post=7049"},{"taxonomy":"post_tag","embeddable":true,"href":"https:\/\/www.enerjigazetesi.ist\/en\/wp-json\/wp\/v2\/tags?post=7049"}],"curies":[{"name":"wp","href":"https:\/\/api.w.org\/{rel}","templated":true}]}}