{"id":70474,"date":"2018-01-02T22:00:57","date_gmt":"2018-01-02T19:00:57","guid":{"rendered":"https:\/\/www.enerjigazetesi.ist\/?p=70474"},"modified":"2018-01-02T22:00:57","modified_gmt":"2018-01-02T19:00:57","slug":"albayrak-kesintisiz-elektrik-icin-calisan-10-bin-arkadasimiz-var","status":"publish","type":"post","link":"https:\/\/www.enerjigazetesi.ist\/en\/albayrak-kesintisiz-elektrik-icin-calisan-10-bin-arkadasimiz-var\/","title":{"rendered":"(Turkish) Albayrak: \u201cKesintisiz Elektrik \u0130\u00e7in \u00c7al\u0131\u015fan 10 Bin Arkada\u015f\u0131m\u0131z Var\u201d"},"content":{"rendered":"<p class=\"qtranxs-available-languages-message qtranxs-available-languages-message-en\">Sorry, this entry is only available in <a href=\"https:\/\/www.enerjigazetesi.ist\/tr\/wp-json\/wp\/v2\/posts\/70474\" class=\"qtranxs-available-language-link qtranxs-available-language-link-tr\" title=\"Turkish\">Turkish<\/a>. For the sake of viewer convenience, the content is shown below in the alternative language. You may click the link to switch the active language.<\/p><p><strong>T\u00fcrkiye\u2019deki y\u00fck tevzi merkezleri ve di\u011fer b\u00f6lge m\u00fcd\u00fcrl\u00fckleriyle canl\u0131 ba\u011flant\u0131 yaparak elektrikteki durum hakk\u0131nda bilgi alan Albayrak T\u00fcrkiye\u2019deki elektrik konusunda <img loading=\"lazy\" class=\"alignright size-medium wp-image-44528\" src=\"https:\/\/www.enerjigazetesi.ist\/wp-content\/uploads\/2015\/09\/2015-kuresel-elektrik-enerjisi-sektorunun-gelecegi-300x165.jpg\" alt=\"\" width=\"300\" height=\"165\" srcset=\"https:\/\/www.enerjigazetesi.ist\/wp-content\/uploads\/2015\/09\/2015-kuresel-elektrik-enerjisi-sektorunun-gelecegi-300x165.jpg 300w, https:\/\/www.enerjigazetesi.ist\/wp-content\/uploads\/2015\/09\/2015-kuresel-elektrik-enerjisi-sektorunun-gelecegi-500x276.jpg 500w, https:\/\/www.enerjigazetesi.ist\/wp-content\/uploads\/2015\/09\/2015-kuresel-elektrik-enerjisi-sektorunun-gelecegi-80x44.jpg 80w, https:\/\/www.enerjigazetesi.ist\/wp-content\/uploads\/2015\/09\/2015-kuresel-elektrik-enerjisi-sektorunun-gelecegi.jpg 696w\" sizes=\"(max-width: 300px) 100vw, 300px\" \/>herhangi bir kesinti veya k\u0131s\u0131nt\u0131 olmad\u0131\u011f\u0131n\u0131 belirtti.<\/strong><\/p>\n<p>Albayrak \u201cSahada yakla\u015f\u0131k 10 bin arkada\u015f\u0131m\u0131z var, gerek TE\u0130A\u015e gerek elektrik da\u011f\u0131t\u0131m \u015firketleri b\u00fcnyesinde. T\u00fcm T\u00fcrkiye\u2019de m\u00fchendisinden teknisyenine kadar t\u00fcm arkada\u015flar\u0131m\u0131z teyakkuz halinde \u00fclkemizin yeni y\u0131la kesintisiz, k\u0131s\u0131nt\u0131s\u0131z, g\u00fcvenlikli ve g\u00fczel bir \u015fekilde girmesi i\u00e7in fedakarca \u00e7al\u0131\u015f\u0131yorlar\u201d dedi. Ziyaret etti\u011fi gemi hakk\u0131nda da bilgi veren Albayrak, geminin \u00e7ok k\u0131sa s\u00fcre i\u00e7erisinde ilk sondaj\u0131 i\u00e7in sahaya \u00e7\u0131kaca\u011f\u0131n\u0131 dile getirdi.<\/p>\n<p>Albayrak ziyaret \u00f6ncesi T\u00fcrkiye\u2019nin ilk sondaj gemisini gezdi\u011fini de belirterek, geminin \u00fc\u00e7 bin metre deniz, 12 bin 200 metre toplam derinlikte sondaj kapasitesiyle \u00e7ok m\u00fcstesna bir gemi oldu\u011funu anlatt\u0131. Albayrak, geminin \u00e7ok k\u0131sa s\u00fcre i\u00e7erisinde ilk i\u00e7in sahaya \u00e7\u0131kaca\u011f\u0131n\u0131 dile getirdi.<\/p>","protected":false},"excerpt":{"rendered":"<p>Sorry, this entry is only available in Turkish. For the sake of viewer convenience, the content is shown below in the alternative language. You may click the link to switch the active language.T\u00fcrkiye\u2019deki y\u00fck tevzi merkezleri ve di\u011fer b\u00f6lge m\u00fcd\u00fcrl\u00fckleriyle canl\u0131 ba\u011flant\u0131 yaparak elektrikteki durum hakk\u0131nda bilgi alan Albayrak T\u00fcrkiye\u2019deki elektrik konusunda herhangi bir kesinti [&hellip;]<\/p>\n","protected":false},"author":1,"featured_media":44528,"comment_status":"open","ping_status":"open","sticky":false,"template":"","format":"standard","meta":[],"categories":[51,53],"tags":[68,34979,140,26353,963,67,1009,165,35853,1582,105],"views":769,"_links":{"self":[{"href":"https:\/\/www.enerjigazetesi.ist\/en\/wp-json\/wp\/v2\/posts\/70474"}],"collection":[{"href":"https:\/\/www.enerjigazetesi.ist\/en\/wp-json\/wp\/v2\/posts"}],"about":[{"href":"https:\/\/www.enerjigazetesi.ist\/en\/wp-json\/wp\/v2\/types\/post"}],"author":[{"embeddable":true,"href":"https:\/\/www.enerjigazetesi.ist\/en\/wp-json\/wp\/v2\/users\/1"}],"replies":[{"embeddable":true,"href":"https:\/\/www.enerjigazetesi.ist\/en\/wp-json\/wp\/v2\/comments?post=70474"}],"version-history":[{"count":1,"href":"https:\/\/www.enerjigazetesi.ist\/en\/wp-json\/wp\/v2\/posts\/70474\/revisions"}],"predecessor-version":[{"id":70475,"href":"https:\/\/www.enerjigazetesi.ist\/en\/wp-json\/wp\/v2\/posts\/70474\/revisions\/70475"}],"wp:featuredmedia":[{"embeddable":true,"href":"https:\/\/www.enerjigazetesi.ist\/en\/wp-json\/wp\/v2\/media\/44528"}],"wp:attachment":[{"href":"https:\/\/www.enerjigazetesi.ist\/en\/wp-json\/wp\/v2\/media?parent=70474"}],"wp:term":[{"taxonomy":"category","embeddable":true,"href":"https:\/\/www.enerjigazetesi.ist\/en\/wp-json\/wp\/v2\/categories?post=70474"},{"taxonomy":"post_tag","embeddable":true,"href":"https:\/\/www.enerjigazetesi.ist\/en\/wp-json\/wp\/v2\/tags?post=70474"}],"curies":[{"name":"wp","href":"https:\/\/api.w.org\/{rel}","templated":true}]}}