{"id":70409,"date":"2017-12-31T14:54:18","date_gmt":"2017-12-31T11:54:18","guid":{"rendered":"https:\/\/www.enerjigazetesi.ist\/?p=70409"},"modified":"2017-12-31T14:54:18","modified_gmt":"2017-12-31T11:54:18","slug":"almanyadan-buyuk-olcekli-tuketicilere-elektrik-kullanimini-tesvik-odemesi","status":"publish","type":"post","link":"https:\/\/www.enerjigazetesi.ist\/en\/almanyadan-buyuk-olcekli-tuketicilere-elektrik-kullanimini-tesvik-odemesi\/","title":{"rendered":"(Turkish) Almanya&#8217;dan B\u00fcy\u00fck \u00d6l\u00e7ekli T\u00fcketicilere Elektrik Kullan\u0131m\u0131n\u0131 Te\u015fvik \u00d6demesi"},"content":{"rendered":"<p class=\"qtranxs-available-languages-message qtranxs-available-languages-message-en\">Sorry, this entry is only available in <a href=\"https:\/\/www.enerjigazetesi.ist\/tr\/wp-json\/wp\/v2\/posts\/70409\" class=\"qtranxs-available-language-link qtranxs-available-language-link-tr\" title=\"Turkish\">Turkish<\/a>. For the sake of viewer convenience, the content is shown below in the alternative language. You may click the link to switch the active language.<\/p><p><strong><img loading=\"lazy\" class=\"alignleft size-full wp-image-46353\" src=\"https:\/\/www.enerjigazetesi.ist\/wp-content\/uploads\/2015\/11\/elektrik-tuketimi-azaldi.jpg\" alt=\"\" width=\"300\" height=\"300\" srcset=\"https:\/\/www.enerjigazetesi.ist\/wp-content\/uploads\/2015\/11\/elektrik-tuketimi-azaldi.jpg 300w, https:\/\/www.enerjigazetesi.ist\/wp-content\/uploads\/2015\/11\/elektrik-tuketimi-azaldi-150x150.jpg 150w, https:\/\/www.enerjigazetesi.ist\/wp-content\/uploads\/2015\/11\/elektrik-tuketimi-azaldi-50x50.jpg 50w\" sizes=\"(max-width: 300px) 100vw, 300px\" \/>Pazar ve Pazartesi g\u00fcn\u00fc sabah\u0131n ilk saatlerinde Avrupa genelinde b\u00fcy\u00fck bir elektrik ticareti borsas\u0131 olan EPEX Spot piyasas\u0131nda, az oranda seyreden talep, mevsim normallerinin \u00fcst\u00fcnde olan s\u0131cakl\u0131k ve yo\u011fun r\u00fczg\u00e2r\u0131n r\u00fczg\u00e2r enerjisi santrallerini \u00e7ok iyi \u00e7al\u0131\u015ft\u0131rmas\u0131 nedeni ile elektrik fiyatlar\u0131 s\u0131f\u0131r\u0131n alt\u0131na d\u00fc\u015ft\u00fc.<\/strong><\/p>\n<p>EPEX Spot\u2019un elde etti\u011fi veriler dahilinde, 2017 senesinde Almanya\u2019da 100\u2019den fazla sefer m\u00fc\u015fterilere enerji t\u00fcketmeleri i\u00e7in \u00f6deme yap\u0131ld\u0131. Pazar g\u00fcn\u00fc fabrika sahipleri ve di\u011fer geni\u015f \u00f6l\u00e7ekli enerji t\u00fcketicileri, toptan fiyatlamada kulland\u0131klar\u0131 her bir megavat saat elektrik ba\u015f\u0131na 60 dolar tutar\u0131nda para ald\u0131.<\/p>\n<p>G\u00fcne\u015f enerjisi ve r\u00fczg\u00e2r enerjisinin olumsuz y\u00f6n\u00fc \u00e7ok ihtiya\u00e7 duyuldu\u011fu s\u00fcre\u00e7te de\u011fil, \u00e7ok r\u00fczg\u00e2r veya g\u00fcne\u015f oldu\u011fu zaman \u00fcretim ger\u00e7ekle\u015ftirmeleridir. Buna ek olarak, depolama teknolojisi de \u00fcretilen fazla enerjinin hepsini depolayacak g\u00fcce sahip de\u011fildir. Fosil yak\u0131tlarla \u00e7al\u0131\u015fan eski enerji santralleri de arz\u0131n azalt\u0131lmas\u0131 i\u00e7in do\u011fru zamanda harekete ge\u00e7ememektedir.<\/p>","protected":false},"excerpt":{"rendered":"<p>Sorry, this entry is only available in Turkish. For the sake of viewer convenience, the content is shown below in the alternative language. You may click the link to switch the active language.Pazar ve Pazartesi g\u00fcn\u00fc sabah\u0131n ilk saatlerinde Avrupa genelinde b\u00fcy\u00fck bir elektrik ticareti borsas\u0131 olan EPEX Spot piyasas\u0131nda, az oranda seyreden talep, mevsim [&hellip;]<\/p>\n","protected":false},"author":1,"featured_media":51233,"comment_status":"open","ping_status":"open","sticky":false,"template":"","format":"standard","meta":[],"categories":[51,53],"tags":[34979,343,19638,26353,8699,67,1009,36436,13,5132,36437,9698],"views":910,"_links":{"self":[{"href":"https:\/\/www.enerjigazetesi.ist\/en\/wp-json\/wp\/v2\/posts\/70409"}],"collection":[{"href":"https:\/\/www.enerjigazetesi.ist\/en\/wp-json\/wp\/v2\/posts"}],"about":[{"href":"https:\/\/www.enerjigazetesi.ist\/en\/wp-json\/wp\/v2\/types\/post"}],"author":[{"embeddable":true,"href":"https:\/\/www.enerjigazetesi.ist\/en\/wp-json\/wp\/v2\/users\/1"}],"replies":[{"embeddable":true,"href":"https:\/\/www.enerjigazetesi.ist\/en\/wp-json\/wp\/v2\/comments?post=70409"}],"version-history":[{"count":1,"href":"https:\/\/www.enerjigazetesi.ist\/en\/wp-json\/wp\/v2\/posts\/70409\/revisions"}],"predecessor-version":[{"id":70410,"href":"https:\/\/www.enerjigazetesi.ist\/en\/wp-json\/wp\/v2\/posts\/70409\/revisions\/70410"}],"wp:featuredmedia":[{"embeddable":true,"href":"https:\/\/www.enerjigazetesi.ist\/en\/wp-json\/wp\/v2\/media\/51233"}],"wp:attachment":[{"href":"https:\/\/www.enerjigazetesi.ist\/en\/wp-json\/wp\/v2\/media?parent=70409"}],"wp:term":[{"taxonomy":"category","embeddable":true,"href":"https:\/\/www.enerjigazetesi.ist\/en\/wp-json\/wp\/v2\/categories?post=70409"},{"taxonomy":"post_tag","embeddable":true,"href":"https:\/\/www.enerjigazetesi.ist\/en\/wp-json\/wp\/v2\/tags?post=70409"}],"curies":[{"name":"wp","href":"https:\/\/api.w.org\/{rel}","templated":true}]}}