{"id":70339,"date":"2017-12-26T22:48:22","date_gmt":"2017-12-26T19:48:22","guid":{"rendered":"https:\/\/www.enerjigazetesi.ist\/?p=70339"},"modified":"2017-12-26T22:49:41","modified_gmt":"2017-12-26T19:49:41","slug":"agaoglu-2018de-1-milyar-liralik-yenilenebilir-enerji-yatirimi-yapacak","status":"publish","type":"post","link":"https:\/\/www.enerjigazetesi.ist\/en\/agaoglu-2018de-1-milyar-liralik-yenilenebilir-enerji-yatirimi-yapacak\/","title":{"rendered":"(Turkish) A\u011fao\u011flu, 2018\u2019de 1 Milyar Liral\u0131k Yenilenebilir Enerji Yat\u0131r\u0131m\u0131 Yapacak"},"content":{"rendered":"<p class=\"qtranxs-available-languages-message qtranxs-available-languages-message-en\">Sorry, this entry is only available in <a href=\"https:\/\/www.enerjigazetesi.ist\/tr\/wp-json\/wp\/v2\/posts\/70339\" class=\"qtranxs-available-language-link qtranxs-available-language-link-tr\" title=\"Turkish\">Turkish<\/a>. For the sake of viewer convenience, the content is shown below in the alternative language. You may click the link to switch the active language.<\/p><p><strong>A\u011fao\u011flu Enerji Grubu yenilenebilir enerji alan\u0131ndaki yat\u0131r\u0131mlar\u0131na devam ediyor. Grup, ge\u00e7en y\u0131l Alman Nordex\u2019ten 68,4 MW kapasiteli 19 r\u00fczg\u00e2r t\u00fcrbini sipari\u015fi vermi\u015fti. 2016 y\u0131l\u0131n\u0131n Aral\u0131k ay\u0131nda 330 milyon liral\u0131k yat\u0131r\u0131ma imza atan A\u011fao\u011flu Enerji 2016 y\u0131l\u0131n\u0131 toplam 700 milyon liral\u0131k enerji yat\u0131r\u0131m\u0131yla kapatm\u0131\u015ft\u0131. Bursa ve Yalova\u2019daki 2 RES projesi tamamlanarak i\u015fletmeye a\u00e7\u0131ld\u0131. Bu iki projeden 160 bin hanenin elektrik ihtiyac\u0131 kar\u015f\u0131lan\u0131yor.<\/strong><\/p>\n<p><strong>A\u011fao\u011flu \u015eirketler Grubu Y\u00f6netim Kurulu Ba\u015fkan\u0131 Ali A\u011fao\u011flu;<\/strong> <em>\u201cHer zaman s\u00f6yl\u00fcyorum T\u00fcrkiye ekonomide durgunluk psikolojisine yenilmemeli. \u0130\u015f adam\u0131 g\u00fcnl\u00fck kararlarla de\u011fil, \u00fclkesinin gelece\u011fine g\u00fcvendi\u011fini g\u00f6steren yat\u0131r\u0131mlarla hareket etmelidir. Ge\u00e7en y\u0131l 700 milyon liral\u0131k enerji <img loading=\"lazy\" class=\"alignright size-medium wp-image-70340\" src=\"https:\/\/www.enerjigazetesi.ist\/wp-content\/uploads\/2017\/12\/agaoglu-2018de-1-milyar-liralik-yenilenebilir-enerji-yatirimi-yapacak-300x168.jpg\" alt=\"\" width=\"300\" height=\"168\" srcset=\"https:\/\/www.enerjigazetesi.ist\/wp-content\/uploads\/2017\/12\/agaoglu-2018de-1-milyar-liralik-yenilenebilir-enerji-yatirimi-yapacak-300x168.jpg 300w, https:\/\/www.enerjigazetesi.ist\/wp-content\/uploads\/2017\/12\/agaoglu-2018de-1-milyar-liralik-yenilenebilir-enerji-yatirimi-yapacak-80x45.jpg 80w, https:\/\/www.enerjigazetesi.ist\/wp-content\/uploads\/2017\/12\/agaoglu-2018de-1-milyar-liralik-yenilenebilir-enerji-yatirimi-yapacak.jpg 480w\" sizes=\"(max-width: 300px) 100vw, 300px\" \/>yat\u0131r\u0131m\u0131n\u0131 tamamlam\u0131\u015ft\u0131k bu y\u0131l ki hedefimiz 1 milyar liran\u0131n \u00fczerinde. 2017\u2019de 400 milyon liral\u0131k yat\u0131r\u0131m de\u011ferine sahip Bursa ve Yalova\u2019daki 2 RES projemizi tamamlayarak i\u015fletmeye a\u00e7t\u0131k. Toplam 68.4 MW Kurulu g\u00fcce sahip bu iki RES 160 bin hanenin elektrik ihtiyac\u0131n\u0131 kar\u015f\u0131l\u0131yor\u201d. <\/em><\/p>\n<p><strong><em>Enerjide yerli \u00fcretime gereken \u00f6nemi g\u00f6stermeliyiz<\/em><\/strong><\/p>\n<p><em>Ali A\u011fao\u011flu s\u00f6zlerine \u015f\u00f6yle devam etti; 2017 Ekim ay\u0131 itibari ile T\u00fcrkiye\u2019nin cari a\u00e7\u0131\u011f\u0131n\u0131n 42 milyar dolar seviyesinde oldu\u011funu ve en b\u00fcy\u00fck pay\u0131n enerji girdisine ait oldu\u011funu biliyoruz. Yenilenebilir Enerji alan\u0131ndaki her yat\u0131r\u0131m cari dengeye olumlu etki yapacakt\u0131r. Ayr\u0131ca r\u00fczg\u00e2r t\u00fcrbinlerinin kule kanat ve jenerat\u00f6rleri yerli imal edilmesi de \u00fclke ekonomisine katk\u0131d\u0131r.<\/em><\/p>\n<p><strong><em>2017\u2019de hedef 1 milyar liral\u0131k yenilenebilir enerji yat\u0131r\u0131m\u0131<\/em><\/strong><\/p>\n<p><strong><em>A\u011fao\u011flu Enerji Grubu Ba\u015fkan\u0131 Hakk\u0131 A\u011fao\u011flu;<\/em><\/strong><em> \u201cGe\u00e7ti\u011fimiz y\u0131l Nordex Energy GmbH ile imzalad\u0131\u011f\u0131m\u0131z s\u00f6zle\u015fme ile Bursa ve Yalova RES projeleri i\u00e7in 330 milyon liral\u0131k yat\u0131r\u0131ma imza atm\u0131\u015ft\u0131k. Bu yat\u0131r\u0131mla birlikte ge\u00e7en y\u0131l toplam 700 milyon liral\u0131k enerji yat\u0131r\u0131m\u0131 ger\u00e7ekle\u015ftirmi\u015ftik. 68,4 MW Kurulu g\u00fcce sahip Bursa ve Yalova RES projelerini i\u015fletmeye ald\u0131k. Bu iki RES projesinden 160 bin hanenin elektrik ihtiyac\u0131 kar\u015f\u0131lan\u0131yor\u201d dedi. <\/em><\/p>\n<p><strong><em>2020\u2019ye kadar yakla\u015f\u0131k 5 milyar liral\u0131k yat\u0131r\u0131m tamamlanm\u0131\u015f olacak<\/em><\/strong><\/p>\n<p><strong><em>A\u011fao\u011flu Enerji Grubu Ba\u015fkan\u0131 Hakk\u0131 A\u011fao\u011flu s\u00f6zlerine \u015f\u00f6yle devam etti; \u201c<\/em><\/strong><em> 2020\u2019ye kadar Konya Sertavul\u2019da 450 MW kapasiteli tek sahada T\u00fcrkiye\u2019nin en b\u00fcy\u00fck RES projesi olan \u015fu anda lisanslama a\u015famas\u0131nda bulunan projemizde A\u011fao\u011flu Enerji Grubu 1.000 MW kapasiteli kurulu g\u00fcce ula\u015facak. Bununla birlikte yenilenebilir enerji alan\u0131nda yakla\u015f\u0131k 5 milyar liral\u0131k yat\u0131r\u0131m\u0131 ger\u00e7ekle\u015ftirmi\u015f olaca\u011f\u0131z.<\/em><\/p>\n<p><em>2018\u2019in ikinci yar\u0131s\u0131nda 39 MW Kurulu g\u00fcce sahip. Kartal RES projesi de i\u015fletmeye al\u0131nacak. Bug\u00fcnk\u00fc rakamlarla 230 milyon liral\u0131k bir yat\u0131r\u0131m de\u011feri olu\u015facak. B\u00f6ylece 2018 y\u0131l\u0131nda toplam enerji yat\u0131r\u0131m\u0131m\u0131z yakla\u015f\u0131k 1 milyar liray\u0131 bulacak.<\/em><\/p>\n<p><strong><em>Toplant\u0131da konu\u015fan Nordex Energy GmbH T\u00fcrkiye Sat\u0131\u015f M\u00fcd\u00fcr\u00fc Habib Babacan; <\/em><\/strong><\/p>\n<p><em>\u201cYenilenebilir enerji alan\u0131nda \u00f6nemli gruplardan biri olan A\u011fao\u011flu\u2019nun bize kar\u015f\u0131 olan g\u00fcveni ve tevecc\u00fchlerinden dolay\u0131 te\u015fekk\u00fcr ediyoruz. Yat\u0131r\u0131mlar\u0131m\u0131z uzun vadede devam edecek\u201d dedi.<\/em><\/p>","protected":false},"excerpt":{"rendered":"<p>Sorry, this entry is only available in Turkish. For the sake of viewer convenience, the content is shown below in the alternative language. You may click the link to switch the active language.A\u011fao\u011flu Enerji Grubu yenilenebilir enerji alan\u0131ndaki yat\u0131r\u0131mlar\u0131na devam ediyor. Grup, ge\u00e7en y\u0131l Alman Nordex\u2019ten 68,4 MW kapasiteli 19 r\u00fczg\u00e2r t\u00fcrbini sipari\u015fi vermi\u015fti. 2016 [&hellip;]<\/p>\n","protected":false},"author":1,"featured_media":70340,"comment_status":"open","ping_status":"open","sticky":false,"template":"","format":"standard","meta":[],"categories":[53,50],"tags":[14763,67,1009,36409,474,35002,24949,231],"views":1216,"_links":{"self":[{"href":"https:\/\/www.enerjigazetesi.ist\/en\/wp-json\/wp\/v2\/posts\/70339"}],"collection":[{"href":"https:\/\/www.enerjigazetesi.ist\/en\/wp-json\/wp\/v2\/posts"}],"about":[{"href":"https:\/\/www.enerjigazetesi.ist\/en\/wp-json\/wp\/v2\/types\/post"}],"author":[{"embeddable":true,"href":"https:\/\/www.enerjigazetesi.ist\/en\/wp-json\/wp\/v2\/users\/1"}],"replies":[{"embeddable":true,"href":"https:\/\/www.enerjigazetesi.ist\/en\/wp-json\/wp\/v2\/comments?post=70339"}],"version-history":[{"count":4,"href":"https:\/\/www.enerjigazetesi.ist\/en\/wp-json\/wp\/v2\/posts\/70339\/revisions"}],"predecessor-version":[{"id":70344,"href":"https:\/\/www.enerjigazetesi.ist\/en\/wp-json\/wp\/v2\/posts\/70339\/revisions\/70344"}],"wp:featuredmedia":[{"embeddable":true,"href":"https:\/\/www.enerjigazetesi.ist\/en\/wp-json\/wp\/v2\/media\/70340"}],"wp:attachment":[{"href":"https:\/\/www.enerjigazetesi.ist\/en\/wp-json\/wp\/v2\/media?parent=70339"}],"wp:term":[{"taxonomy":"category","embeddable":true,"href":"https:\/\/www.enerjigazetesi.ist\/en\/wp-json\/wp\/v2\/categories?post=70339"},{"taxonomy":"post_tag","embeddable":true,"href":"https:\/\/www.enerjigazetesi.ist\/en\/wp-json\/wp\/v2\/tags?post=70339"}],"curies":[{"name":"wp","href":"https:\/\/api.w.org\/{rel}","templated":true}]}}