{"id":70322,"date":"2017-12-25T23:42:16","date_gmt":"2017-12-25T20:42:16","guid":{"rendered":"https:\/\/www.enerjigazetesi.ist\/?p=70322"},"modified":"2017-12-25T23:42:16","modified_gmt":"2017-12-25T20:42:16","slug":"gunumuzde-enerji-depolayan-pil-teknolojileri-daha-onemli-hale-geliyor","status":"publish","type":"post","link":"https:\/\/www.enerjigazetesi.ist\/en\/gunumuzde-enerji-depolayan-pil-teknolojileri-daha-onemli-hale-geliyor\/","title":{"rendered":"(Turkish) G\u00fcn\u00fcm\u00fczde Enerji Depolayan Pil Teknolojileri Daha \u00d6nemli Hale Geliyor"},"content":{"rendered":"<p class=\"qtranxs-available-languages-message qtranxs-available-languages-message-en\">Sorry, this entry is only available in <a href=\"https:\/\/www.enerjigazetesi.ist\/tr\/wp-json\/wp\/v2\/posts\/70322\" class=\"qtranxs-available-language-link qtranxs-available-language-link-tr\" title=\"Turkish\">Turkish<\/a>. For the sake of viewer convenience, the content is shown below in the alternative language. You may click the link to switch the active language.<\/p><p><strong>2018 senesinde toplam en az 15-20 megavat kapasiteye sahip birka\u00e7 enerji depolama pili projesini faaliyete sokmak istediklerini dile getiren EMTA Enerji Genel M\u00fcd\u00fcr\u00fc Orkun <img loading=\"lazy\" class=\"alignleft size-medium wp-image-55468\" src=\"https:\/\/www.enerjigazetesi.ist\/wp-content\/uploads\/2016\/07\/abdde-enerji-depolama-tesvigi-icin-yasa-teklif-edildi-300x150.jpg\" alt=\"\" width=\"300\" height=\"150\" srcset=\"https:\/\/www.enerjigazetesi.ist\/wp-content\/uploads\/2016\/07\/abdde-enerji-depolama-tesvigi-icin-yasa-teklif-edildi-300x150.jpg 300w, https:\/\/www.enerjigazetesi.ist\/wp-content\/uploads\/2016\/07\/abdde-enerji-depolama-tesvigi-icin-yasa-teklif-edildi-500x250.jpg 500w, https:\/\/www.enerjigazetesi.ist\/wp-content\/uploads\/2016\/07\/abdde-enerji-depolama-tesvigi-icin-yasa-teklif-edildi-80x40.jpg 80w, https:\/\/www.enerjigazetesi.ist\/wp-content\/uploads\/2016\/07\/abdde-enerji-depolama-tesvigi-icin-yasa-teklif-edildi.jpg 640w\" sizes=\"(max-width: 300px) 100vw, 300px\" \/>\u00d6zgencil, Uzak Do\u011fu ve Amerika\u2019da g\u00f6r\u00fc\u015f\u00fclen teknoloji \u015firketlerinin bulundu\u011funu fakat Avrupa\u2019daki sistemlerin daha cazip oldu\u011funu dile getirdi.<\/strong><\/p>\n<p>Yenilenebilir Enerji Kaynaklar\u0131n\u0131 Destekleme Mekanizmas\u0131 (YEKDEM)\u2019den fayda sa\u011flayamayacak elektrik \u00fcretim \u015firketlerinin enerji depolamaya dair haz\u0131rl\u0131klar yapmas\u0131n\u0131n gereklili\u011fine de\u011finen \u00d6zgencil, T\u00fcrkiye\u2019nin depolama konusunda acil \u00e7\u00f6z\u00fcmlere ihtiyac\u0131 oldu\u011funu belirtti.<\/p>\n<p>\u00d6zgencil, T\u00fcrkiye\u2019nin baz y\u00fck haricinde yenilenebilir enerji santralleri yoluyla \u00fcretilen elektri\u011fin de g\u00fcnden g\u00fcne artmas\u0131 nedeniyle sistemdeki enerji y\u00fck\u00fcn\u00fcn homojen bir \u015fekilde arz edilebilmesi ve enerji fiyatlar\u0131ndaki oynakl\u0131klar kar\u015f\u0131s\u0131nda \u00e7\u00f6z\u00fcm sunulmas\u0131 i\u00e7in yeni depolama teknolojilerine gereksinim duyulaca\u011f\u0131n\u0131 aktard\u0131.<\/p>\n<p>Haberin <a href=\"http:\/\/enerjienstitusu.com\/2017\/12\/25\/enerji-depolayan-pil-teknolojileri-daha-da-onemli-hale-gelmeye-basladi\/\" target=\"_blank\" rel=\"nofollow noopener\">Devam\u0131 \u0130\u00e7in TIKLAYINIZ&gt;&gt;&gt;<\/a><\/p>","protected":false},"excerpt":{"rendered":"<p>Sorry, this entry is only available in Turkish. For the sake of viewer convenience, the content is shown below in the alternative language. You may click the link to switch the active language.2018 senesinde toplam en az 15-20 megavat kapasiteye sahip birka\u00e7 enerji depolama pili projesini faaliyete sokmak istediklerini dile getiren EMTA Enerji Genel M\u00fcd\u00fcr\u00fc [&hellip;]<\/p>\n","protected":false},"author":1,"featured_media":55468,"comment_status":"open","ping_status":"open","sticky":false,"template":"","format":"standard","meta":[],"categories":[51,53],"tags":[343,36405,36404,67,1009,16,8275,10396],"views":1155,"_links":{"self":[{"href":"https:\/\/www.enerjigazetesi.ist\/en\/wp-json\/wp\/v2\/posts\/70322"}],"collection":[{"href":"https:\/\/www.enerjigazetesi.ist\/en\/wp-json\/wp\/v2\/posts"}],"about":[{"href":"https:\/\/www.enerjigazetesi.ist\/en\/wp-json\/wp\/v2\/types\/post"}],"author":[{"embeddable":true,"href":"https:\/\/www.enerjigazetesi.ist\/en\/wp-json\/wp\/v2\/users\/1"}],"replies":[{"embeddable":true,"href":"https:\/\/www.enerjigazetesi.ist\/en\/wp-json\/wp\/v2\/comments?post=70322"}],"version-history":[{"count":1,"href":"https:\/\/www.enerjigazetesi.ist\/en\/wp-json\/wp\/v2\/posts\/70322\/revisions"}],"predecessor-version":[{"id":70323,"href":"https:\/\/www.enerjigazetesi.ist\/en\/wp-json\/wp\/v2\/posts\/70322\/revisions\/70323"}],"wp:featuredmedia":[{"embeddable":true,"href":"https:\/\/www.enerjigazetesi.ist\/en\/wp-json\/wp\/v2\/media\/55468"}],"wp:attachment":[{"href":"https:\/\/www.enerjigazetesi.ist\/en\/wp-json\/wp\/v2\/media?parent=70322"}],"wp:term":[{"taxonomy":"category","embeddable":true,"href":"https:\/\/www.enerjigazetesi.ist\/en\/wp-json\/wp\/v2\/categories?post=70322"},{"taxonomy":"post_tag","embeddable":true,"href":"https:\/\/www.enerjigazetesi.ist\/en\/wp-json\/wp\/v2\/tags?post=70322"}],"curies":[{"name":"wp","href":"https:\/\/api.w.org\/{rel}","templated":true}]}}