{"id":70260,"date":"2017-12-22T23:18:49","date_gmt":"2017-12-22T20:18:49","guid":{"rendered":"https:\/\/www.enerjigazetesi.ist\/?p=70260"},"modified":"2017-12-22T23:18:49","modified_gmt":"2017-12-22T20:18:49","slug":"suudi-arabistandan-2018-yilinda-nukleer-reaktor-kurulmasi-icin-anlasma","status":"publish","type":"post","link":"https:\/\/www.enerjigazetesi.ist\/en\/suudi-arabistandan-2018-yilinda-nukleer-reaktor-kurulmasi-icin-anlasma\/","title":{"rendered":"(Turkish) Suudi Arabistan&#8217;dan 2018 Y\u0131l\u0131nda N\u00fckleer Reakt\u00f6r Kurulmas\u0131 \u0130\u00e7in Anla\u015fma"},"content":{"rendered":"<p class=\"qtranxs-available-languages-message qtranxs-available-languages-message-en\">Sorry, this entry is only available in <a href=\"https:\/\/www.enerjigazetesi.ist\/tr\/wp-json\/wp\/v2\/posts\/70260\" class=\"qtranxs-available-language-link qtranxs-available-language-link-tr\" title=\"Turkish\">Turkish<\/a>. For the sake of viewer convenience, the content is shown below in the alternative language. You may click the link to switch the active language.<\/p><p><strong><img loading=\"lazy\" class=\"alignleft size-medium wp-image-70261\" src=\"https:\/\/www.enerjigazetesi.ist\/wp-content\/uploads\/2017\/12\/suudi-arabistandan-2018-yilinda-nukleer-reaktor-kurulmasi-icin-anlasma-300x206.jpg\" alt=\"\" width=\"300\" height=\"206\" srcset=\"https:\/\/www.enerjigazetesi.ist\/wp-content\/uploads\/2017\/12\/suudi-arabistandan-2018-yilinda-nukleer-reaktor-kurulmasi-icin-anlasma-300x206.jpg 300w, https:\/\/www.enerjigazetesi.ist\/wp-content\/uploads\/2017\/12\/suudi-arabistandan-2018-yilinda-nukleer-reaktor-kurulmasi-icin-anlasma-500x344.jpg 500w, https:\/\/www.enerjigazetesi.ist\/wp-content\/uploads\/2017\/12\/suudi-arabistandan-2018-yilinda-nukleer-reaktor-kurulmasi-icin-anlasma-73x50.jpg 73w, https:\/\/www.enerjigazetesi.ist\/wp-content\/uploads\/2017\/12\/suudi-arabistandan-2018-yilinda-nukleer-reaktor-kurulmasi-icin-anlasma.jpg 696w\" sizes=\"(max-width: 300px) 100vw, 300px\" \/>Suudi Arabistan taraf\u0131ndan 2018&#8217;de \u00fclkede n\u00fckleer reakt\u00f6r kurulmas\u0131 i\u00e7in s\u00f6zle\u015fme imzalayaca\u011f\u0131 a\u00e7\u0131kland\u0131.<\/strong><\/p>\n<p><span id=\"more-96502\"><\/span>Enerji, Sanayi ve Maden Kaynaklar\u0131 Bakan\u0131 Halid el-Falih, ba\u015fkent Riyad\u2019da d\u00fczenledi\u011fi bas\u0131n toplant\u0131s\u0131nda, Suudi Arabistan\u2019\u0131n 2019\u2019dan \u00f6nce iki adet n\u00fckleer reakt\u00f6r kurulmas\u0131 i\u00e7in s\u00f6zle\u015fmeler imzalayaca\u011f\u0131n\u0131 belirtti.<\/p>\n<p>D\u00fcnya petrol piyasas\u0131na ili\u015fkin de de\u011ferlendirmelerde bulunan Suudi Bakan, petrol piyasas\u0131n\u0131n \u00fclkesi lehine b\u00fcy\u00fck oranda iyile\u015fti\u011fini belirterek petrol \u00fcretiminin azalt\u0131lmas\u0131na y\u00f6nelik anla\u015fmayla 2017 y\u0131l\u0131nda d\u00fczelen petrol fiyatlar\u0131n\u0131n 2018 y\u0131l\u0131nda da bu \u015fekilde s\u00fcrmesini beklediklerini ifade etti.<\/p>","protected":false},"excerpt":{"rendered":"<p>Sorry, this entry is only available in Turkish. For the sake of viewer convenience, the content is shown below in the alternative language. You may click the link to switch the active language.Suudi Arabistan taraf\u0131ndan 2018&#8217;de \u00fclkede n\u00fckleer reakt\u00f6r kurulmas\u0131 i\u00e7in s\u00f6zle\u015fme imzalayaca\u011f\u0131 a\u00e7\u0131kland\u0131. Enerji, Sanayi ve Maden Kaynaklar\u0131 Bakan\u0131 Halid el-Falih, ba\u015fkent Riyad\u2019da d\u00fczenledi\u011fi [&hellip;]<\/p>\n","protected":false},"author":1,"featured_media":70261,"comment_status":"open","ping_status":"open","sticky":false,"template":"","format":"standard","meta":[],"categories":[53,43],"tags":[67,1009,21,23134,34931,3020,34930,347,887,1369,1463],"views":1657,"_links":{"self":[{"href":"https:\/\/www.enerjigazetesi.ist\/en\/wp-json\/wp\/v2\/posts\/70260"}],"collection":[{"href":"https:\/\/www.enerjigazetesi.ist\/en\/wp-json\/wp\/v2\/posts"}],"about":[{"href":"https:\/\/www.enerjigazetesi.ist\/en\/wp-json\/wp\/v2\/types\/post"}],"author":[{"embeddable":true,"href":"https:\/\/www.enerjigazetesi.ist\/en\/wp-json\/wp\/v2\/users\/1"}],"replies":[{"embeddable":true,"href":"https:\/\/www.enerjigazetesi.ist\/en\/wp-json\/wp\/v2\/comments?post=70260"}],"version-history":[{"count":1,"href":"https:\/\/www.enerjigazetesi.ist\/en\/wp-json\/wp\/v2\/posts\/70260\/revisions"}],"predecessor-version":[{"id":70262,"href":"https:\/\/www.enerjigazetesi.ist\/en\/wp-json\/wp\/v2\/posts\/70260\/revisions\/70262"}],"wp:featuredmedia":[{"embeddable":true,"href":"https:\/\/www.enerjigazetesi.ist\/en\/wp-json\/wp\/v2\/media\/70261"}],"wp:attachment":[{"href":"https:\/\/www.enerjigazetesi.ist\/en\/wp-json\/wp\/v2\/media?parent=70260"}],"wp:term":[{"taxonomy":"category","embeddable":true,"href":"https:\/\/www.enerjigazetesi.ist\/en\/wp-json\/wp\/v2\/categories?post=70260"},{"taxonomy":"post_tag","embeddable":true,"href":"https:\/\/www.enerjigazetesi.ist\/en\/wp-json\/wp\/v2\/tags?post=70260"}],"curies":[{"name":"wp","href":"https:\/\/api.w.org\/{rel}","templated":true}]}}