{"id":70237,"date":"2017-12-22T11:38:01","date_gmt":"2017-12-22T08:38:01","guid":{"rendered":"https:\/\/www.enerjigazetesi.ist\/?p=70237"},"modified":"2017-12-22T11:40:56","modified_gmt":"2017-12-22T08:40:56","slug":"ck-bogazici-elektrik-enerjisi-ile-her-alanda-guven-veriyor","status":"publish","type":"post","link":"https:\/\/www.enerjigazetesi.ist\/en\/ck-bogazici-elektrik-enerjisi-ile-her-alanda-guven-veriyor\/","title":{"rendered":"(Turkish) CK Bo\u011fazi\u00e7i Elektrik Enerjisi \u0130le Her Alanda \u2018G\u00fcven\u2019 Veriyor"},"content":{"rendered":"<p class=\"qtranxs-available-languages-message qtranxs-available-languages-message-en\">Sorry, this entry is only available in <a href=\"https:\/\/www.enerjigazetesi.ist\/tr\/wp-json\/wp\/v2\/posts\/70237\" class=\"qtranxs-available-language-link qtranxs-available-language-link-tr\" title=\"Turkish\">Turkish<\/a>. For the sake of viewer convenience, the content is shown below in the alternative language. You may click the link to switch the active language.<\/p><p><strong>CK Bo\u011fazi\u00e7i Elektrik, t\u00fcketicilerine sundu\u011fu sigorta paketi hediyelerine yenilerini ekledi. 31 Aral\u0131k 2017\u2019ye kadar ayl\u0131k elektrik faturas\u0131 82 TL ve \u00fczeri, 1 Ocak 2018\u2019den sonra ise ayl\u0131k elektrik faturas\u0131 68 TL ve \u00fczerinde olan serbest t\u00fcketicilere, \u2018Enerjimle Ev Aletlerim G\u00fcvende\u2019, \u2018Enerjimle Kazalarda G\u00fcvendeyim\u2019 sigorta paketleri hediye ediliyor. Sigortan\u0131n yan\u0131 s\u0131ra elektrik faturalar\u0131nda belirli oranlarda indirim de s\u00f6z konusu.<\/strong><\/p>\n<p><img loading=\"lazy\" class=\"alignleft size-medium wp-image-70238\" src=\"https:\/\/www.enerjigazetesi.ist\/wp-content\/uploads\/2017\/12\/ck-bogazici-elektrik-enerjisi-ile-her-alanda-guven-veriyor-300x244.jpg\" alt=\"\" width=\"300\" height=\"244\" srcset=\"https:\/\/www.enerjigazetesi.ist\/wp-content\/uploads\/2017\/12\/ck-bogazici-elektrik-enerjisi-ile-her-alanda-guven-veriyor-300x244.jpg 300w, https:\/\/www.enerjigazetesi.ist\/wp-content\/uploads\/2017\/12\/ck-bogazici-elektrik-enerjisi-ile-her-alanda-guven-veriyor-768x624.jpg 768w, https:\/\/www.enerjigazetesi.ist\/wp-content\/uploads\/2017\/12\/ck-bogazici-elektrik-enerjisi-ile-her-alanda-guven-veriyor-1024x831.jpg 1024w, https:\/\/www.enerjigazetesi.ist\/wp-content\/uploads\/2017\/12\/ck-bogazici-elektrik-enerjisi-ile-her-alanda-guven-veriyor-493x400.jpg 493w, https:\/\/www.enerjigazetesi.ist\/wp-content\/uploads\/2017\/12\/ck-bogazici-elektrik-enerjisi-ile-her-alanda-guven-veriyor-62x50.jpg 62w, https:\/\/www.enerjigazetesi.ist\/wp-content\/uploads\/2017\/12\/ck-bogazici-elektrik-enerjisi-ile-her-alanda-guven-veriyor.jpg 1505w\" sizes=\"(max-width: 300px) 100vw, 300px\" \/>T\u00fcketicilerin ihtiya\u00e7lar\u0131na g\u00f6re yeni \u00e7\u00f6z\u00fcmler \u00fcreten T\u00fcrkiye\u2019nin en b\u00fcy\u00fck perakende elektrik \u015firketi CK Bo\u011fazi\u00e7i Elektrik, serbest t\u00fcketicilere sundu\u011fu sigorta deste\u011finin kapsam\u0131n\u0131 geni\u015fletti. CK Bo\u011fazi\u00e7i Elektrik\u2019in serbest t\u00fcketicilere y\u00f6nelik d\u00fczenledi\u011fi \u2018<strong>Enerjimle Evim G\u00fcvende\u2019<\/strong>, \u2018<strong>Enerjimle \u0130\u015fyerim G\u00fcvende\u2019<\/strong> kampanyalar\u0131na \u2018<strong>Enerjimle Kazalarda G\u00fcvendeyim<\/strong>\u2019 ve \u2018<strong>Enerjimle Ev Aletlerim G\u00fcvende<\/strong>\u2019 sigorta paketleri de eklendi. CK Bo\u011fazi\u00e7i Elektrik\u2019in G\u00fcne\u015f Sigorta ile yapt\u0131\u011f\u0131 i\u015fbirli\u011fi sonucunda 2017 i\u00e7in ayl\u0131k elektrik faturas\u0131 82 TL ve \u00fczeri, 2018 i\u00e7in ise 68 TL ve \u00fczerinde olan aboneler; iki y\u0131ll\u0131k serbest t\u00fcketici s\u00f6zle\u015fmesine imza atmalar\u0131 halinde s\u00f6z konusu kampanyalardan birinden yararlanabiliyor.<\/p>\n<p><strong>YILLIK T\u00dcKET\u0130M\u0130 10 000 KWH \u00dcZER\u0130NDE OLANLARA \u0130ND\u0130R\u0130M DE VAR<\/strong><\/p>\n<p>CK Bo\u011fazi\u00e7i Elektrik, \u2018<strong>Enerjimle Kazalarda G\u00fcvendeyim<\/strong>\u2019 paketiyle serbest elektrik t\u00fcketicilerine veya sevdiklerine y\u0131ll\u0131k 5 veya 10 bin TL limitlerle G\u00fcne\u015f Sigorta ferdi kaza sigortas\u0131 sunuyor. T\u00fcm mesken ve ticarethane abonelerinin faydalanabildi\u011fi kampanyada son 12 ayl\u0131k elektrik t\u00fcketimi 10 bin kWh\u2019\u0131n yani yakla\u015f\u0131k 350 TL ayl\u0131k faturan\u0131n \u00fczerinde olan t\u00fcketiciler 24 ay s\u00fcre ile y\u00fczde 2 indirim de kazan\u0131yor.<\/p>\n<p>CK Bo\u011fazi\u00e7i Elektrik\u2019in G\u00fcne\u015f Sigorta i\u015fbirli\u011fiyle sundu\u011fu di\u011fer sigorta hizmeti \u2018<strong>Enerjimle Ev Aletlerim G\u00fcvende<\/strong>\u2019 paketinde ise y\u0131ll\u0131k 3 bin TL\u2019ye varan limitlerle ev aletleri sigortas\u0131 yine \u00fccretsiz olarak veriliyor. Serbest t\u00fcketici niteli\u011fine sahip olan t\u00fcm mesken abonelerini kapsayan kampanyada bir \u00f6nceki y\u0131la ait t\u00fcketimi 10 bin kWh ve \u00fczeri olanlar aktif enerji bedeli \u00fczerinden indirim f\u0131rsat\u0131 yakal\u0131yor. Her iki kampanyadan da yararlanabilmek i\u00e7in 444 6 255 \u00c7a\u011fr\u0131 Merkezini aramak ya da en yak\u0131n CK M\u00fc\u015fteri Hizmet Merkezi veya CK M\u00fc\u015fteri \u0130\u015flem Merkezine ba\u015fvuruda bulunmak yeterli oluyor.<\/p>\n<p><strong>HAYATLARININ HER ANINDA YANINDAYIZ<\/strong><\/p>\n<p>Lider \u015firket olma misyonu ile t\u00fcketicilere \u00f6zel projeler haz\u0131rlad\u0131klar\u0131n\u0131 dile getiren <strong>CK Bo\u011fazi\u00e7i Elektrik Genel M\u00fcd\u00fcr\u00fc Halit Bakal<\/strong>, <em>\u201cSigorta sekt\u00f6r\u00fcn\u00fcn \u00f6nde gelen \u015firketlerinden olan G\u00fcne\u015f Sigorta ile yapt\u0131\u011f\u0131m\u0131z i\u015fbirli\u011fi \u00e7er\u00e7evesinde \u00f6nce abonelerimizin ev ve i\u015fyerlerine \u00fccretsiz sigorta paketi sunduk. Ard\u0131ndan ikinci bir ad\u0131m\u0131 daha atarak dileyen abonemize ferdi kaza sigortas\u0131, dileyene ise ev aletleri sigortas\u0131 paketi hediye ediyoruz. Bundan \u00f6nce oldu\u011fu gibi bundan sonra da m\u00fc\u015fterilerimizin hayatlar\u0131n\u0131n her an\u0131nda yan\u0131nda olmaya devam edece\u011fiz\u201d<\/em> diyerek bundan sonraki d\u00f6nemde de t\u00fcketicilere farkl\u0131 kampanyalarla yeni f\u0131rsatlar sunacaklar\u0131n\u0131n alt\u0131n\u0131 \u00e7izdi.<\/p>","protected":false},"excerpt":{"rendered":"<p>Sorry, this entry is only available in Turkish. For the sake of viewer convenience, the content is shown below in the alternative language. You may click the link to switch the active language.CK Bo\u011fazi\u00e7i Elektrik, t\u00fcketicilerine sundu\u011fu sigorta paketi hediyelerine yenilerini ekledi. 31 Aral\u0131k 2017\u2019ye kadar ayl\u0131k elektrik faturas\u0131 82 TL ve \u00fczeri, 1 Ocak [&hellip;]<\/p>\n","protected":false},"author":1,"featured_media":70238,"comment_status":"open","ping_status":"open","sticky":false,"template":"","format":"standard","meta":[],"categories":[51,53],"tags":[33726,34979,26353,67,1009,32769],"views":1014,"_links":{"self":[{"href":"https:\/\/www.enerjigazetesi.ist\/en\/wp-json\/wp\/v2\/posts\/70237"}],"collection":[{"href":"https:\/\/www.enerjigazetesi.ist\/en\/wp-json\/wp\/v2\/posts"}],"about":[{"href":"https:\/\/www.enerjigazetesi.ist\/en\/wp-json\/wp\/v2\/types\/post"}],"author":[{"embeddable":true,"href":"https:\/\/www.enerjigazetesi.ist\/en\/wp-json\/wp\/v2\/users\/1"}],"replies":[{"embeddable":true,"href":"https:\/\/www.enerjigazetesi.ist\/en\/wp-json\/wp\/v2\/comments?post=70237"}],"version-history":[{"count":2,"href":"https:\/\/www.enerjigazetesi.ist\/en\/wp-json\/wp\/v2\/posts\/70237\/revisions"}],"predecessor-version":[{"id":70240,"href":"https:\/\/www.enerjigazetesi.ist\/en\/wp-json\/wp\/v2\/posts\/70237\/revisions\/70240"}],"wp:featuredmedia":[{"embeddable":true,"href":"https:\/\/www.enerjigazetesi.ist\/en\/wp-json\/wp\/v2\/media\/70238"}],"wp:attachment":[{"href":"https:\/\/www.enerjigazetesi.ist\/en\/wp-json\/wp\/v2\/media?parent=70237"}],"wp:term":[{"taxonomy":"category","embeddable":true,"href":"https:\/\/www.enerjigazetesi.ist\/en\/wp-json\/wp\/v2\/categories?post=70237"},{"taxonomy":"post_tag","embeddable":true,"href":"https:\/\/www.enerjigazetesi.ist\/en\/wp-json\/wp\/v2\/tags?post=70237"}],"curies":[{"name":"wp","href":"https:\/\/api.w.org\/{rel}","templated":true}]}}