{"id":70217,"date":"2017-12-21T21:40:37","date_gmt":"2017-12-21T18:40:37","guid":{"rendered":"https:\/\/www.enerjigazetesi.ist\/?p=70217"},"modified":"2017-12-21T21:40:37","modified_gmt":"2017-12-21T18:40:37","slug":"aksa-dogalgaz-hisselerinin-yuzde-30u-halka-aciliyor","status":"publish","type":"post","link":"https:\/\/www.enerjigazetesi.ist\/en\/aksa-dogalgaz-hisselerinin-yuzde-30u-halka-aciliyor\/","title":{"rendered":"(Turkish) Aksa Do\u011falgaz Hisselerinin Y\u00fczde 30\u2019u Halka A\u00e7\u0131l\u0131yor"},"content":{"rendered":"<p class=\"qtranxs-available-languages-message qtranxs-available-languages-message-en\">Sorry, this entry is only available in <a href=\"https:\/\/www.enerjigazetesi.ist\/tr\/wp-json\/wp\/v2\/posts\/70217\" class=\"qtranxs-available-language-link qtranxs-available-language-link-tr\" title=\"Turkish\">Turkish<\/a>. For the sake of viewer convenience, the content is shown below in the alternative language. You may click the link to switch the active language.<\/p><p><strong>Nitelikli yat\u0131r\u0131mc\u0131ya ya da geni\u015f bir al\u0131c\u0131 portf\u00f6y\u00fcne sat\u0131\u015f yap\u0131labilece\u011fini ifade eden Aksa Do\u011falgaz CEO\u2019su Ya\u015far Arslan, \u015firketin halen T\u00fcrkiye\u2019nin en b\u00fcy\u00fck do\u011falgaz da\u011f\u0131t\u0131m <img loading=\"lazy\" class=\"alignleft size-medium wp-image-70218\" src=\"https:\/\/www.enerjigazetesi.ist\/wp-content\/uploads\/2017\/12\/aksa-dogalgaz-hisselerinin-yuzde-30u-halka-aciliyor-300x157.jpg\" alt=\"\" width=\"300\" height=\"157\" srcset=\"https:\/\/www.enerjigazetesi.ist\/wp-content\/uploads\/2017\/12\/aksa-dogalgaz-hisselerinin-yuzde-30u-halka-aciliyor-300x157.jpg 300w, https:\/\/www.enerjigazetesi.ist\/wp-content\/uploads\/2017\/12\/aksa-dogalgaz-hisselerinin-yuzde-30u-halka-aciliyor-500x262.jpg 500w, https:\/\/www.enerjigazetesi.ist\/wp-content\/uploads\/2017\/12\/aksa-dogalgaz-hisselerinin-yuzde-30u-halka-aciliyor-80x42.jpg 80w, https:\/\/www.enerjigazetesi.ist\/wp-content\/uploads\/2017\/12\/aksa-dogalgaz-hisselerinin-yuzde-30u-halka-aciliyor.jpg 630w\" sizes=\"(max-width: 300px) 100vw, 300px\" \/>operat\u00f6r\u00fc konumunda bulundu\u011funu ifade etti.<\/strong><\/p>\n<p>\u015eirket hisselerinin bir b\u00f6l\u00fcm\u00fcn\u00fc halka arz edeceklerini ifade eden Ya\u015far Arslan, \u201cMevcut \u00f6l\u00e7e\u011fi, yapaca\u011f\u0131 yat\u0131r\u0131mlar ve \u00fcretece\u011fi de\u011ferle T\u00fcrkiye\u2019nin en b\u00fcy\u00fck \u015firketleri aras\u0131nda bulunan Aksa Do\u011falgaz, sermaye piyasas\u0131n\u0131n g\u00fcvenli bir liman\u0131 olarak halka a\u00e7\u0131lmak i\u00e7in \u00e7al\u0131\u015f\u0131yor\u201d dedi.<\/p>\n<p>Ya\u015far Arslan, hisselerin sat\u0131\u015f tarihini ise sekt\u00f6rdeki di\u011fer halka arzlar ve sermaye piyasalar\u0131ndaki geli\u015fmeleri dikkate alarak belirleyeceklerini anlatarak Aksa Do\u011falgaz\u2019\u0131n y\u00fczde 30 hissesinin geni\u015f bir yat\u0131r\u0131mc\u0131 taban\u0131na sat\u0131labilece\u011fi gibi, halka arz\u0131n nitelikli yat\u0131r\u0131mc\u0131lara y\u00f6nelik olarak da ger\u00e7ekle\u015febilece\u011fini kaydetti.<\/p>","protected":false},"excerpt":{"rendered":"<p>Sorry, this entry is only available in Turkish. For the sake of viewer convenience, the content is shown below in the alternative language. You may click the link to switch the active language.Nitelikli yat\u0131r\u0131mc\u0131ya ya da geni\u015f bir al\u0131c\u0131 portf\u00f6y\u00fcne sat\u0131\u015f yap\u0131labilece\u011fini ifade eden Aksa Do\u011falgaz CEO\u2019su Ya\u015far Arslan, \u015firketin halen T\u00fcrkiye\u2019nin en b\u00fcy\u00fck do\u011falgaz [&hellip;]<\/p>\n","protected":false},"author":1,"featured_media":70218,"comment_status":"open","ping_status":"open","sticky":false,"template":"","format":"standard","meta":[],"categories":[46,53],"tags":[16281,36365,1128,34929,20111,23219,67,1009,19389,31463],"views":1122,"_links":{"self":[{"href":"https:\/\/www.enerjigazetesi.ist\/en\/wp-json\/wp\/v2\/posts\/70217"}],"collection":[{"href":"https:\/\/www.enerjigazetesi.ist\/en\/wp-json\/wp\/v2\/posts"}],"about":[{"href":"https:\/\/www.enerjigazetesi.ist\/en\/wp-json\/wp\/v2\/types\/post"}],"author":[{"embeddable":true,"href":"https:\/\/www.enerjigazetesi.ist\/en\/wp-json\/wp\/v2\/users\/1"}],"replies":[{"embeddable":true,"href":"https:\/\/www.enerjigazetesi.ist\/en\/wp-json\/wp\/v2\/comments?post=70217"}],"version-history":[{"count":1,"href":"https:\/\/www.enerjigazetesi.ist\/en\/wp-json\/wp\/v2\/posts\/70217\/revisions"}],"predecessor-version":[{"id":70219,"href":"https:\/\/www.enerjigazetesi.ist\/en\/wp-json\/wp\/v2\/posts\/70217\/revisions\/70219"}],"wp:featuredmedia":[{"embeddable":true,"href":"https:\/\/www.enerjigazetesi.ist\/en\/wp-json\/wp\/v2\/media\/70218"}],"wp:attachment":[{"href":"https:\/\/www.enerjigazetesi.ist\/en\/wp-json\/wp\/v2\/media?parent=70217"}],"wp:term":[{"taxonomy":"category","embeddable":true,"href":"https:\/\/www.enerjigazetesi.ist\/en\/wp-json\/wp\/v2\/categories?post=70217"},{"taxonomy":"post_tag","embeddable":true,"href":"https:\/\/www.enerjigazetesi.ist\/en\/wp-json\/wp\/v2\/tags?post=70217"}],"curies":[{"name":"wp","href":"https:\/\/api.w.org\/{rel}","templated":true}]}}