{"id":70215,"date":"2017-12-21T21:33:42","date_gmt":"2017-12-21T18:33:42","guid":{"rendered":"https:\/\/www.enerjigazetesi.ist\/?p=70215"},"modified":"2017-12-21T21:33:42","modified_gmt":"2017-12-21T18:33:42","slug":"akdenizde-petrol-ve-gaz-arayacak-olmamiz-yunanistani-endiselendirdi","status":"publish","type":"post","link":"https:\/\/www.enerjigazetesi.ist\/en\/akdenizde-petrol-ve-gaz-arayacak-olmamiz-yunanistani-endiselendirdi\/","title":{"rendered":"(Turkish) Akdeniz\u2019de Petrol ve Gaz Arayacak Olmam\u0131z Yunanistan\u2019\u0131 Endi\u015felendirdi"},"content":{"rendered":"<p class=\"qtranxs-available-languages-message qtranxs-available-languages-message-en\">Sorry, this entry is only available in <a href=\"https:\/\/www.enerjigazetesi.ist\/tr\/wp-json\/wp\/v2\/posts\/70215\" class=\"qtranxs-available-language-link qtranxs-available-language-link-tr\" title=\"Turkish\">Turkish<\/a>. For the sake of viewer convenience, the content is shown below in the alternative language. You may click the link to switch the active language.<\/p><p><strong>Akdeniz\u2019de gaz ve petrol aranaca\u011f\u0131n\u0131 s\u00f6yleyen Enerji ve Tabii Kaynaklar Bakan\u0131 olan Berat Albayrak\u2019\u0131n tutumu Yunanistan\u2019\u0131 endi\u015felendirdi.<\/strong><\/p>\n<p>Yunanistan\u2019\u0131n yerel gazetelerinden birinde yer alan yaz\u0131da, bizim T\u00fcrk sondaj gemilerimizle Do\u011fu <img loading=\"lazy\" class=\"alignright wp-image-45124 size-medium\" src=\"https:\/\/www.enerjigazetesi.ist\/wp-content\/uploads\/2015\/10\/norve\u00e7-petrol-platformu-denizde-239873983-696x385-300x165.jpg\" alt=\"akdenizde-petrol-ve-gaz-arayacak-olmamiz-yunanistani-endiselendirdi\" width=\"300\" height=\"165\" srcset=\"https:\/\/www.enerjigazetesi.ist\/wp-content\/uploads\/2015\/10\/norve\u00e7-petrol-platformu-denizde-239873983-696x385-300x165.jpg 300w, https:\/\/www.enerjigazetesi.ist\/wp-content\/uploads\/2015\/10\/norve\u00e7-petrol-platformu-denizde-239873983-696x385-500x276.jpg 500w, https:\/\/www.enerjigazetesi.ist\/wp-content\/uploads\/2015\/10\/norve\u00e7-petrol-platformu-denizde-239873983-696x385-80x44.jpg 80w, https:\/\/www.enerjigazetesi.ist\/wp-content\/uploads\/2015\/10\/norve\u00e7-petrol-platformu-denizde-239873983-696x385.jpg 696w\" sizes=\"(max-width: 300px) 100vw, 300px\" \/>Akdeniz\u2019de yapt\u0131\u011f\u0131m\u0131z sondaj \u00e7al\u0131\u015fmalar\u0131 ele al\u0131nd\u0131. Rumlar\u0131n yapt\u0131\u011f\u0131 \u00e7al\u0131\u015fmalarda T\u00fcrkiye\u2019nin kar\u015f\u0131 \u00e7\u0131kt\u0131\u011f\u0131n\u0131 ve itiraz etti\u011fini belirten yaz\u0131da, T\u00fcrklerin bu sefer y\u00fczer sondaj gemisiyle Do\u011fu Akdeniz\u2019de arama yapacaklar\u0131 yer al\u0131yor. Geminin nerede kullan\u0131laca\u011f\u0131n\u0131n hen\u00fcz belli olmad\u0131\u011f\u0131ndan bahsedilen yaz\u0131da, zaman olarak da 2018 y\u0131l\u0131n\u0131n ba\u015flar\u0131 i\u015faret edilmektedir.<\/p>\n<p>Ge\u00e7ti\u011fimiz g\u00fcnlerde Albayrak, sondaj \u00e7al\u0131\u015fmalar\u0131 i\u00e7in sipari\u015f edilen gemilerin k\u0131sa s\u00fcre sonra ellerine ula\u015facaklar\u0131n\u0131 s\u00f6yleyerek, bundan sonra Akdeniz\u2019de gaz ve petrol aranaca\u011f\u0131n\u0131 a\u00e7\u0131klam\u0131\u015ft\u0131. Bu ilerlemeden rahats\u0131zl\u0131k duyanlar\u0131n oldu\u011funu dile getiren Albayrak, kimsenin kusura bakmamas\u0131n\u0131 ve Akdeniz\u2019de T\u00fcrk bayra\u011f\u0131yla yelken a\u00e7\u0131p dola\u015f\u0131laca\u011f\u0131n\u0131 ifade etmi\u015fti.<\/p>","protected":false},"excerpt":{"rendered":"<p>Sorry, this entry is only available in Turkish. For the sake of viewer convenience, the content is shown below in the alternative language. You may click the link to switch the active language.Akdeniz\u2019de gaz ve petrol aranaca\u011f\u0131n\u0131 s\u00f6yleyen Enerji ve Tabii Kaynaklar Bakan\u0131 olan Berat Albayrak\u2019\u0131n tutumu Yunanistan\u2019\u0131 endi\u015felendirdi. Yunanistan\u2019\u0131n yerel gazetelerinden birinde yer alan [&hellip;]<\/p>\n","protected":false},"author":1,"featured_media":45124,"comment_status":"open","ping_status":"open","sticky":false,"template":"","format":"standard","meta":[],"categories":[46,53,44],"tags":[418,1128,36363,67,1009,81,34935,36364],"views":937,"_links":{"self":[{"href":"https:\/\/www.enerjigazetesi.ist\/en\/wp-json\/wp\/v2\/posts\/70215"}],"collection":[{"href":"https:\/\/www.enerjigazetesi.ist\/en\/wp-json\/wp\/v2\/posts"}],"about":[{"href":"https:\/\/www.enerjigazetesi.ist\/en\/wp-json\/wp\/v2\/types\/post"}],"author":[{"embeddable":true,"href":"https:\/\/www.enerjigazetesi.ist\/en\/wp-json\/wp\/v2\/users\/1"}],"replies":[{"embeddable":true,"href":"https:\/\/www.enerjigazetesi.ist\/en\/wp-json\/wp\/v2\/comments?post=70215"}],"version-history":[{"count":1,"href":"https:\/\/www.enerjigazetesi.ist\/en\/wp-json\/wp\/v2\/posts\/70215\/revisions"}],"predecessor-version":[{"id":70216,"href":"https:\/\/www.enerjigazetesi.ist\/en\/wp-json\/wp\/v2\/posts\/70215\/revisions\/70216"}],"wp:featuredmedia":[{"embeddable":true,"href":"https:\/\/www.enerjigazetesi.ist\/en\/wp-json\/wp\/v2\/media\/45124"}],"wp:attachment":[{"href":"https:\/\/www.enerjigazetesi.ist\/en\/wp-json\/wp\/v2\/media?parent=70215"}],"wp:term":[{"taxonomy":"category","embeddable":true,"href":"https:\/\/www.enerjigazetesi.ist\/en\/wp-json\/wp\/v2\/categories?post=70215"},{"taxonomy":"post_tag","embeddable":true,"href":"https:\/\/www.enerjigazetesi.ist\/en\/wp-json\/wp\/v2\/tags?post=70215"}],"curies":[{"name":"wp","href":"https:\/\/api.w.org\/{rel}","templated":true}]}}