{"id":70211,"date":"2017-12-21T21:06:30","date_gmt":"2017-12-21T18:06:30","guid":{"rendered":"https:\/\/www.enerjigazetesi.ist\/?p=70211"},"modified":"2017-12-21T21:06:30","modified_gmt":"2017-12-21T18:06:30","slug":"esis-enerji-istanbul-tuzlada-ki-yeni-yerinde-hizmet-veriyor","status":"publish","type":"post","link":"https:\/\/www.enerjigazetesi.ist\/en\/esis-enerji-istanbul-tuzlada-ki-yeni-yerinde-hizmet-veriyor\/","title":{"rendered":"(Turkish) Esis Enerji \u0130stanbul Tuzla\u2019da ki Yeni Yerinde Hizmet Veriyor&#8230;"},"content":{"rendered":"<p class=\"qtranxs-available-languages-message qtranxs-available-languages-message-en\">Sorry, this entry is only available in <a href=\"https:\/\/www.enerjigazetesi.ist\/tr\/wp-json\/wp\/v2\/posts\/70211\" class=\"qtranxs-available-language-link qtranxs-available-language-link-tr\" title=\"Turkish\">Turkish<\/a>. For the sake of viewer convenience, the content is shown below in the alternative language. You may click the link to switch the active language.<\/p><p><strong>2000 y\u0131l\u0131nda 4 M\u00fchendis taraf\u0131ndan kurulan g\u00fc\u00e7 elektroni\u011fi konusunda uzman Ar-Ge\u2019si ve bilgi birikimi ile ups,redres\u00f6r,invert\u00f6r, solar invert\u00f6r, frekans konvert\u00f6r\u00fc\u00a0 ve bir \u00e7ok \u00f6zel tasar\u0131m \u00fcretimi ve sat\u0131\u015f\u0131n\u0131 yapan\u00a0Esis Enerji A.\u015e \u0130stanbul Tuzla Organize Sanayi b\u00f6lgesindeki \u00a03500 m2 alandaki yeni yerinde hizmet vermeye ba\u015flad\u0131.<\/strong><\/p>\n<p><em>2017 A\u011fustos ay\u0131nda Bilim, Sanayi ve Teknoloji Bakanl\u0131\u011f\u0131 taraf\u0131ndan tescil edilen\u00a0\u201cAr-Ge Merkezi\u201d\u00a0\u00fcnvan\u0131n\u0131 alan <\/em>Esis Enerji A.\u015e <em>b\u00f6ylelikle yeni yerinde farkl\u0131 projelere imza atacak.<\/em><em>\u00a0<\/em><\/p>\n<p><strong><em>Esis Enerji A.\u015e Genel M\u00fcd\u00fcr\u00fc U\u011fur B\u00f6rek\u00e7i<\/em><\/strong><em>\u00a0\u201c Firmas\u0131 ve Ar-Ge Merkezi\u201d konusunda \u015funlar\u0131 dile getirdi;<\/em><\/p>\n<p>Esis Enerji A.\u015e 2000 y\u0131l\u0131nda g\u00fc\u00e7 elektroni\u011fi konusunda ihtiya\u00e7 duyulan g\u00fc\u00e7 sistemlerini tasarlamak, <img loading=\"lazy\" class=\"alignleft size-medium wp-image-70212\" src=\"https:\/\/www.enerjigazetesi.ist\/wp-content\/uploads\/2017\/12\/esis-enerji-istanbul-tuzlada-ki-yeni-yerinde-hizmet-veriyor-300x268.jpg\" alt=\"\" width=\"300\" height=\"268\" srcset=\"https:\/\/www.enerjigazetesi.ist\/wp-content\/uploads\/2017\/12\/esis-enerji-istanbul-tuzlada-ki-yeni-yerinde-hizmet-veriyor-300x268.jpg 300w, https:\/\/www.enerjigazetesi.ist\/wp-content\/uploads\/2017\/12\/esis-enerji-istanbul-tuzlada-ki-yeni-yerinde-hizmet-veriyor-768x686.jpg 768w, https:\/\/www.enerjigazetesi.ist\/wp-content\/uploads\/2017\/12\/esis-enerji-istanbul-tuzlada-ki-yeni-yerinde-hizmet-veriyor-448x400.jpg 448w, https:\/\/www.enerjigazetesi.ist\/wp-content\/uploads\/2017\/12\/esis-enerji-istanbul-tuzlada-ki-yeni-yerinde-hizmet-veriyor-56x50.jpg 56w, https:\/\/www.enerjigazetesi.ist\/wp-content\/uploads\/2017\/12\/esis-enerji-istanbul-tuzlada-ki-yeni-yerinde-hizmet-veriyor.jpg 773w\" sizes=\"(max-width: 300px) 100vw, 300px\" \/>\u00fcretmek, sat\u0131\u015f\u0131n\u0131 ger\u00e7ekle\u015ftirmek ve sat\u0131\u015f sonras\u0131 hizmetleri vermek amac\u0131yla 4 m\u00fchendis taraf\u0131ndan kurulmu\u015ftur.<\/p>\n<p>Firmam\u0131z bug\u00fcne kadar bir\u00e7ok teknolojik \u00fcr\u00fcn geli\u015ftirmi\u015f ve UPS, Redres\u00f6r ve \u0130nvert\u00f6r teknolojileri i\u00e7in d\u00fcnya \u00e7ap\u0131nda ge\u00e7erli olan patentlerini alm\u0131\u015ft\u0131r. Ar-Ge Merkezi olmam\u0131z sebebiyle teknolojik \u00fcr\u00fcnlerimizi daha da ilerilere ta\u015f\u0131yaca\u011f\u0131z. \u0130stanbul Tuzla\u2019da ki son teknolojik donan\u0131ml\u0131 fabrikam\u0131zda farkl\u0131 projelere imza ataca\u011f\u0131z. \u00d6zellikle son d\u00f6nemlerde g\u00fcndemde olan G\u00fcne\u015f Enerjisi sekt\u00f6r\u00fcne y\u00f6nelik \u00e7al\u0131\u015fmalar\u0131m\u0131z artacak. Bununla paralel olarak elektrikli ara\u00e7lar i\u00e7in \u015farj istasyonu \u00fcr\u00fcnlerimizi geli\u015ftirip piyasaya sunaca\u011f\u0131z.<\/p>\n<p>Uzman kadromuzla Esis Enerji A.\u015e T\u00fcrkiye\u2019de yap\u0131lan sat\u0131\u015flarda 5000\u2019in \u00fczerinde m\u00fc\u015fteriye ula\u015fm\u0131\u015f, d\u00fcnya genelinde ise 50\u2019ye yak\u0131n \u00fclkeye sat\u0131\u015f yapmaktad\u0131r.\u0130stanbul merkezli Teknik Servis B\u00f6l\u00fcm\u00fc, T\u00fcrkiye\u2019nin yedi b\u00f6lgesindeki \u00e7\u00f6z\u00fcm ortaklar\u0131 ve yurt d\u0131\u015f\u0131ndaki distrib\u00fct\u00f6rler, ES\u0130SPOWER\u2019\u0131n g\u00fc\u00e7l\u00fc servis a\u011f\u0131n\u0131 olu\u015fturmaktad\u0131r.<\/p>\n<p>\u00d6zellikle T\u00fcrk Silahl\u0131 Kuvvetleri (TSK), Emniyet Genel M\u00fcd\u00fcrl\u00fc\u011f\u00fc (EGM), Karayollar\u0131 Genel M\u00fcd\u00fcrl\u00fc\u011f\u00fc, TCDD gibi kamu kurulu\u015flar\u0131, \u00dcniversiteler, Hastaneler, ABB ve SIEMENS \u00f6nemli m\u00fc\u015fterilerimizden sadece bir ka\u00e7\u0131d\u0131r.Sat\u0131\u015flar\u0131m\u0131z\u0131n %30\u2019na yak\u0131n bir geliri ihracat gelirlerimizden olu\u015fmaktad\u0131r.<\/p>\n<p><em>Ar-Ge Merkezinde 30\u2019a yak\u0131n kadroyla \u00e7al\u0131\u015ft\u0131klar\u0131n\u0131 s\u00f6yleyen\u00a0<strong>U\u011fur B\u00f6rek\u00e7i<\/strong>\u00a0\u015f\u00f6yle devam etti.<\/em><br \/>\n\u201cAr-Ge Merkezi\u201d\u00a0olmam\u0131z bize bir\u00e7ok a\u00e7\u0131dan katk\u0131lar sa\u011flayacak.Bunlar\u0131n aras\u0131nda devletin bize sa\u011flayaca\u011f\u0131 te\u015fvikler, vergi ve sigorta indirimlerini s\u00f6yleyebilirim.Ayr\u0131ca bu sayede yeni projeler \u00fcretip bir\u00e7ok ki\u015fiye de i\u015f imk\u00e2n\u0131 sa\u011flayaca\u011f\u0131z.<\/p>\n<p><strong><em>U\u011fur B\u00f6rek\u00e7i<\/em><\/strong><em>\u00a0son olarak \u015funlar\u0131 s\u00f6yledi;<\/em><\/p>\n<p>\u0130stanbul Tuzla\u2019da ki yeni ve donan\u0131ml\u0131 fabrikam\u0131zda T\u00fcrkiye Sanayisine katk\u0131 sa\u011flayarak hem \u00fclke ekonomisine hemde teknolojinin geli\u015fmesine yard\u0131mc\u0131 olaca\u011f\u0131z, Ar-Ge Merkezi olmam\u0131z sebebiyle de akademik \u00e7evrelerle \u00e7al\u0131\u015fmalar\u0131m\u0131z artacak ve teknolojimiz daha h\u0131zl\u0131 ilerleyecek.<\/p>\n<p><strong><em>Esis Enerji Hakk\u0131nda;<\/em><br \/>\n<\/strong>2000 y\u0131l\u0131nda kurulan\u00a0Esis Enerji A.\u015e\u2019nin \u00fcr\u00fcn yelpazesi i\u00e7inde kesintisiz g\u00fc\u00e7 kaynaklar\u0131, \u015febeke ba\u011flant\u0131l\u0131 ve \u015febeke ba\u011flant\u0131s\u0131z invert\u00f6rler, DC g\u00fc\u00e7 kaynaklar\u0131 ve ak\u00fc \u015farj do\u011frultucular\u0131, statik frekans konvert\u00f6rleri,solar invert\u00f6rler, servo ve statik gerilim reg\u00fclat\u00f6rleri, kuru tip ak\u00fcler ve m\u00fc\u015fteri iste\u011fine g\u00f6re geli\u015ftirilen \u00f6zel tip g\u00fc\u00e7 sistemleri ve askeri tip mobil kesintisiz g\u00fc\u00e7 sistemleri yer almaktad\u0131r.<\/p>\n<p>Esis Enerji yurt i\u00e7i ve yurt d\u0131\u015f\u0131nda kaliteli ve kesintisiz enerji isteyen her sekt\u00f6rdeki m\u00fc\u015fterilerine enerji \u00e7\u00f6z\u00fcm orta\u011f\u0131 olarak hizmet etmektedir.<br \/>\nEsis Enerji T\u00fcrkiye\u2019de yap\u0131lan sat\u0131\u015flarda 5000\u2019in \u00fczerinde m\u00fc\u015fteriye ula\u015fm\u0131\u015f, d\u00fcnya genelinde ise 50\u2019ye yak\u0131n \u00fclkeye sat\u0131\u015f yapmaktad\u0131r.<br \/>\n\u0130stanbul merkezli Teknik Servis B\u00f6l\u00fcm\u00fc, T\u00fcrkiye\u2019nin 7 b\u00f6lgesindeki \u00e7\u00f6z\u00fcm ortaklar\u0131 ve yurt d\u0131\u015f\u0131ndaki distrib\u00fct\u00f6rler Esis Enerji\u2019nin g\u00fc\u00e7l\u00fc servis a\u011f\u0131n\u0131 olu\u015fturmaktad\u0131r.<br \/>\nKalite Y\u00f6netim Sisteminin ISO9001 standartlar\u0131na uygunlu\u011fu TUV taraf\u0131ndan belgelendirilen Esis Enerji \u00fclkemizin ba\u015fta \u00fcretim, ileti\u015fim, savunma sanayi, finans, t\u0131p ve ula\u015ft\u0131rma sekt\u00f6rleri olmak \u00fczere her sekt\u00f6rde bir\u00e7ok \u00f6nemli kurulu\u015funun ihtiya\u00e7lar\u0131na cevap vermektedir.<br \/>\n\u00d6zellikle T\u00fcrk Silahl\u0131 Kuvvetleri (TSK), Emniyet Genel M\u00fcd\u00fcrl\u00fc\u011f\u00fc (EGM), Karayollar\u0131 Genel M\u00fcd\u00fcrl\u00fc\u011f\u00fc, TCDD gibi kamu kurulu\u015flar\u0131, \u00dcniversiteler, Hastaneler, ABB ve SIEMENS \u00f6nemli m\u00fc\u015fterilerimizden sadece bir ka\u00e7\u0131d\u0131r.<br \/>\nSat\u0131\u015flar\u0131m\u0131z\u0131n %30\u2019na yak\u0131n bir geliri ihracat gelirlerimizden olu\u015fmaktad\u0131r.<\/p>","protected":false},"excerpt":{"rendered":"<p>Sorry, this entry is only available in Turkish. For the sake of viewer convenience, the content is shown below in the alternative language. You may click the link to switch the active language.2000 y\u0131l\u0131nda 4 M\u00fchendis taraf\u0131ndan kurulan g\u00fc\u00e7 elektroni\u011fi konusunda uzman Ar-Ge\u2019si ve bilgi birikimi ile ups,redres\u00f6r,invert\u00f6r, solar invert\u00f6r, frekans konvert\u00f6r\u00fc\u00a0 ve bir \u00e7ok [&hellip;]<\/p>\n","protected":false},"author":1,"featured_media":70213,"comment_status":"open","ping_status":"open","sticky":false,"template":"","format":"standard","meta":[],"categories":[51,53],"tags":[67,1009,36361,7041,36362],"views":1942,"_links":{"self":[{"href":"https:\/\/www.enerjigazetesi.ist\/en\/wp-json\/wp\/v2\/posts\/70211"}],"collection":[{"href":"https:\/\/www.enerjigazetesi.ist\/en\/wp-json\/wp\/v2\/posts"}],"about":[{"href":"https:\/\/www.enerjigazetesi.ist\/en\/wp-json\/wp\/v2\/types\/post"}],"author":[{"embeddable":true,"href":"https:\/\/www.enerjigazetesi.ist\/en\/wp-json\/wp\/v2\/users\/1"}],"replies":[{"embeddable":true,"href":"https:\/\/www.enerjigazetesi.ist\/en\/wp-json\/wp\/v2\/comments?post=70211"}],"version-history":[{"count":1,"href":"https:\/\/www.enerjigazetesi.ist\/en\/wp-json\/wp\/v2\/posts\/70211\/revisions"}],"predecessor-version":[{"id":70214,"href":"https:\/\/www.enerjigazetesi.ist\/en\/wp-json\/wp\/v2\/posts\/70211\/revisions\/70214"}],"wp:featuredmedia":[{"embeddable":true,"href":"https:\/\/www.enerjigazetesi.ist\/en\/wp-json\/wp\/v2\/media\/70213"}],"wp:attachment":[{"href":"https:\/\/www.enerjigazetesi.ist\/en\/wp-json\/wp\/v2\/media?parent=70211"}],"wp:term":[{"taxonomy":"category","embeddable":true,"href":"https:\/\/www.enerjigazetesi.ist\/en\/wp-json\/wp\/v2\/categories?post=70211"},{"taxonomy":"post_tag","embeddable":true,"href":"https:\/\/www.enerjigazetesi.ist\/en\/wp-json\/wp\/v2\/tags?post=70211"}],"curies":[{"name":"wp","href":"https:\/\/api.w.org\/{rel}","templated":true}]}}