{"id":70181,"date":"2017-12-20T10:18:18","date_gmt":"2017-12-20T07:18:18","guid":{"rendered":"https:\/\/www.enerjigazetesi.ist\/?p=70181"},"modified":"2017-12-20T10:18:18","modified_gmt":"2017-12-20T07:18:18","slug":"abden-2030-yenilenebilir-enerji-hedefine-yonelik-anlasma","status":"publish","type":"post","link":"https:\/\/www.enerjigazetesi.ist\/en\/abden-2030-yenilenebilir-enerji-hedefine-yonelik-anlasma\/","title":{"rendered":"(Turkish) AB&#8217;den 2030 Yenilenebilir Enerji Hedefine Y\u00f6nelik Anla\u015fma"},"content":{"rendered":"<p class=\"qtranxs-available-languages-message qtranxs-available-languages-message-en\">Sorry, this entry is only available in <a href=\"https:\/\/www.enerjigazetesi.ist\/tr\/wp-json\/wp\/v2\/posts\/70181\" class=\"qtranxs-available-language-link qtranxs-available-language-link-tr\" title=\"Turkish\">Turkish<\/a>. For the sake of viewer convenience, the content is shown below in the alternative language. You may click the link to switch the active language.<\/p><p><strong>Avrupa Birli\u011fi \u00fcyesi \u00fclkelerin \u00e7evre ve enerji bakanlar\u0131 taraf\u0131ndan gelecek y\u0131l Avrupa <img loading=\"lazy\" class=\"alignleft size-full wp-image-40423\" src=\"https:\/\/www.enerjigazetesi.ist\/wp-content\/uploads\/2015\/06\/ab-yenilenebilir-enerji-karnesi-verdi.jpg\" alt=\"\" width=\"267\" height=\"189\" srcset=\"https:\/\/www.enerjigazetesi.ist\/wp-content\/uploads\/2015\/06\/ab-yenilenebilir-enerji-karnesi-verdi.jpg 267w, https:\/\/www.enerjigazetesi.ist\/wp-content\/uploads\/2015\/06\/ab-yenilenebilir-enerji-karnesi-verdi-70x50.jpg 70w\" sizes=\"(max-width: 267px) 100vw, 267px\" \/>Parlamentosu ile ger\u00e7ekle\u015ftirilecek m\u00fczakereler \u00f6ncesinde, 2030 i\u00e7in yenilenebilir enerji hedefleri \u00fczerinde anla\u015fma sa\u011fland\u0131.<\/strong><\/p>\n<p>Anla\u015fma ile, 2030 y\u0131l\u0131nda AB enerjisinin en az y\u00fczde 27&#8217;si yenilenebilir kaynaklardan sa\u011flanacak. 2020 i\u00e7in bu hedef y\u00fczde 20 olarak a\u00e7\u0131klanm\u0131\u015ft\u0131.<\/p>\n<p><strong>ULA\u015eIMDA YEN\u0130LENEB\u0130L\u0130R ENERJ\u0130N\u0130N PAYI Y\u00dcZDE 14 OLACAK<\/strong><\/p>\n<p>AB \u00e7evre ve enerji bakanlar\u0131n\u0131n vard\u0131klar\u0131 uzla\u015fmada, yenilenebilir enerjinin ula\u015ft\u0131rma alan\u0131nda kullan\u0131m pay\u0131 da yer ald\u0131. Buna g\u00f6re, 2030&#8217;da karayolu ve demiryoluyla ula\u015f\u0131mda kullan\u0131lan yak\u0131t\u0131n y\u00fczde 14&#8217;\u00fc yenilenebilir kaynaklardan kar\u015f\u0131lanacak.<\/p>","protected":false},"excerpt":{"rendered":"<p>Sorry, this entry is only available in Turkish. For the sake of viewer convenience, the content is shown below in the alternative language. You may click the link to switch the active language.Avrupa Birli\u011fi \u00fcyesi \u00fclkelerin \u00e7evre ve enerji bakanlar\u0131 taraf\u0131ndan gelecek y\u0131l Avrupa Parlamentosu ile ger\u00e7ekle\u015ftirilecek m\u00fczakereler \u00f6ncesinde, 2030 i\u00e7in yenilenebilir enerji hedefleri \u00fczerinde [&hellip;]<\/p>\n","protected":false},"author":1,"featured_media":40423,"comment_status":"open","ping_status":"open","sticky":false,"template":"","format":"standard","meta":[],"categories":[53],"tags":[1192,19,67,1009,23416,24949,105],"views":803,"_links":{"self":[{"href":"https:\/\/www.enerjigazetesi.ist\/en\/wp-json\/wp\/v2\/posts\/70181"}],"collection":[{"href":"https:\/\/www.enerjigazetesi.ist\/en\/wp-json\/wp\/v2\/posts"}],"about":[{"href":"https:\/\/www.enerjigazetesi.ist\/en\/wp-json\/wp\/v2\/types\/post"}],"author":[{"embeddable":true,"href":"https:\/\/www.enerjigazetesi.ist\/en\/wp-json\/wp\/v2\/users\/1"}],"replies":[{"embeddable":true,"href":"https:\/\/www.enerjigazetesi.ist\/en\/wp-json\/wp\/v2\/comments?post=70181"}],"version-history":[{"count":1,"href":"https:\/\/www.enerjigazetesi.ist\/en\/wp-json\/wp\/v2\/posts\/70181\/revisions"}],"predecessor-version":[{"id":70182,"href":"https:\/\/www.enerjigazetesi.ist\/en\/wp-json\/wp\/v2\/posts\/70181\/revisions\/70182"}],"wp:featuredmedia":[{"embeddable":true,"href":"https:\/\/www.enerjigazetesi.ist\/en\/wp-json\/wp\/v2\/media\/40423"}],"wp:attachment":[{"href":"https:\/\/www.enerjigazetesi.ist\/en\/wp-json\/wp\/v2\/media?parent=70181"}],"wp:term":[{"taxonomy":"category","embeddable":true,"href":"https:\/\/www.enerjigazetesi.ist\/en\/wp-json\/wp\/v2\/categories?post=70181"},{"taxonomy":"post_tag","embeddable":true,"href":"https:\/\/www.enerjigazetesi.ist\/en\/wp-json\/wp\/v2\/tags?post=70181"}],"curies":[{"name":"wp","href":"https:\/\/api.w.org\/{rel}","templated":true}]}}