{"id":70179,"date":"2017-12-20T10:08:57","date_gmt":"2017-12-20T07:08:57","guid":{"rendered":"https:\/\/www.enerjigazetesi.ist\/?p=70179"},"modified":"2017-12-20T10:08:57","modified_gmt":"2017-12-20T07:08:57","slug":"cin-gunesini-bosa-harcamayacak","status":"publish","type":"post","link":"https:\/\/www.enerjigazetesi.ist\/en\/cin-gunesini-bosa-harcamayacak\/","title":{"rendered":"(Turkish) \u00c7in G\u00fcne\u015fini Bo\u015fa Harcamayacak"},"content":{"rendered":"<p class=\"qtranxs-available-languages-message qtranxs-available-languages-message-en\">Sorry, this entry is only available in <a href=\"https:\/\/www.enerjigazetesi.ist\/tr\/wp-json\/wp\/v2\/posts\/70179\" class=\"qtranxs-available-language-link qtranxs-available-language-link-tr\" title=\"Turkish\">Turkish<\/a>. For the sake of viewer convenience, the content is shown below in the alternative language. You may click the link to switch the active language.<\/p><p><strong>\u00c7in, g\u00fcne\u015f enerjisiyle elde etti\u011fi elektri\u011fi daha etkin kullanmak i\u00e7in g\u00fcne\u015f enerjisi piyasas\u0131n\u0131 izleyecek ve de\u011ferlendirecek bir sistem planl\u0131yor.<img loading=\"lazy\" class=\"alignright wp-image-67271 size-medium\" src=\"https:\/\/www.enerjigazetesi.ist\/wp-content\/uploads\/2017\/09\/afganistan-55-mw-gucunde-3-hibrit-ges-kurulumu-gerceklestirecek-300x118.png\" alt=\"cin-gunesini-bosa-harcamayacak\" width=\"300\" height=\"118\" srcset=\"https:\/\/www.enerjigazetesi.ist\/wp-content\/uploads\/2017\/09\/afganistan-55-mw-gucunde-3-hibrit-ges-kurulumu-gerceklestirecek-300x118.png 300w, https:\/\/www.enerjigazetesi.ist\/wp-content\/uploads\/2017\/09\/afganistan-55-mw-gucunde-3-hibrit-ges-kurulumu-gerceklestirecek-500x197.png 500w, https:\/\/www.enerjigazetesi.ist\/wp-content\/uploads\/2017\/09\/afganistan-55-mw-gucunde-3-hibrit-ges-kurulumu-gerceklestirecek-80x31.png 80w, https:\/\/www.enerjigazetesi.ist\/wp-content\/uploads\/2017\/09\/afganistan-55-mw-gucunde-3-hibrit-ges-kurulumu-gerceklestirecek.png 877w\" sizes=\"(max-width: 300px) 100vw, 300px\" \/><\/strong><\/p>\n<p>\u00c7in Yenilenebilir Enerji End\u00fcstrileri Birli\u011fi Politika Ara\u015ft\u0131rma M\u00fcd\u00fcr\u00fc Peng Peng, \u00c7in h\u00fck\u00fcmetinin g\u00fcne\u015f enerjisi piyasas\u0131n\u0131 izleyecek ve de\u011ferlendirecek bir sistem uygulamaya koymay\u0131 planlad\u0131\u011f\u0131n\u0131 bildirdi. Peng\u2019in verdi\u011fi bilgiye g\u00f6re yeni sistem, yeni yat\u0131r\u0131mlar\u0131n at\u0131l kapasitenin daha az oldu\u011fu b\u00f6lgelere y\u00f6nlendirilmesine yard\u0131m edecek.<\/p>\n<p>\u00c7in Ulusal \u0130daresi ge\u00e7en hafta yapt\u0131\u011f\u0131 a\u00e7\u0131klamada, y\u0131ll\u0131k g\u00fcne\u015f enerjisi kurulumu kotalar\u0131n\u0131 da\u011f\u0131t\u0131rken at\u0131l kapasite oranlar\u0131n\u0131 dikkate alaca\u011f\u0131n\u0131 ifade etmi\u015fti. \u00c7in\u2019in ge\u00e7en y\u0131l 3.27 teravat saat g\u00fcne\u015f enerjisinin bo\u015fa harcad\u0131\u011f\u0131 tahmin edilmektedir.<\/p>","protected":false},"excerpt":{"rendered":"<p>Sorry, this entry is only available in Turkish. For the sake of viewer convenience, the content is shown below in the alternative language. You may click the link to switch the active language.\u00c7in, g\u00fcne\u015f enerjisiyle elde etti\u011fi elektri\u011fi daha etkin kullanmak i\u00e7in g\u00fcne\u015f enerjisi piyasas\u0131n\u0131 izleyecek ve de\u011ferlendirecek bir sistem planl\u0131yor. \u00c7in Yenilenebilir Enerji End\u00fcstrileri [&hellip;]<\/p>\n","protected":false},"author":1,"featured_media":67271,"comment_status":"open","ping_status":"open","sticky":false,"template":"","format":"standard","meta":[],"categories":[53,49,18007],"tags":[886,68,67,1009,13,23416,23131,36357],"views":772,"_links":{"self":[{"href":"https:\/\/www.enerjigazetesi.ist\/en\/wp-json\/wp\/v2\/posts\/70179"}],"collection":[{"href":"https:\/\/www.enerjigazetesi.ist\/en\/wp-json\/wp\/v2\/posts"}],"about":[{"href":"https:\/\/www.enerjigazetesi.ist\/en\/wp-json\/wp\/v2\/types\/post"}],"author":[{"embeddable":true,"href":"https:\/\/www.enerjigazetesi.ist\/en\/wp-json\/wp\/v2\/users\/1"}],"replies":[{"embeddable":true,"href":"https:\/\/www.enerjigazetesi.ist\/en\/wp-json\/wp\/v2\/comments?post=70179"}],"version-history":[{"count":1,"href":"https:\/\/www.enerjigazetesi.ist\/en\/wp-json\/wp\/v2\/posts\/70179\/revisions"}],"predecessor-version":[{"id":70180,"href":"https:\/\/www.enerjigazetesi.ist\/en\/wp-json\/wp\/v2\/posts\/70179\/revisions\/70180"}],"wp:featuredmedia":[{"embeddable":true,"href":"https:\/\/www.enerjigazetesi.ist\/en\/wp-json\/wp\/v2\/media\/67271"}],"wp:attachment":[{"href":"https:\/\/www.enerjigazetesi.ist\/en\/wp-json\/wp\/v2\/media?parent=70179"}],"wp:term":[{"taxonomy":"category","embeddable":true,"href":"https:\/\/www.enerjigazetesi.ist\/en\/wp-json\/wp\/v2\/categories?post=70179"},{"taxonomy":"post_tag","embeddable":true,"href":"https:\/\/www.enerjigazetesi.ist\/en\/wp-json\/wp\/v2\/tags?post=70179"}],"curies":[{"name":"wp","href":"https:\/\/api.w.org\/{rel}","templated":true}]}}