{"id":70136,"date":"2017-12-19T11:17:18","date_gmt":"2017-12-19T08:17:18","guid":{"rendered":"https:\/\/www.enerjigazetesi.ist\/?p=70136"},"modified":"2017-12-19T11:18:55","modified_gmt":"2017-12-19T08:18:55","slug":"2040-yilinda-2-milyar-arabanin-300-milyonu-elektrikli-olacak","status":"publish","type":"post","link":"https:\/\/www.enerjigazetesi.ist\/en\/2040-yilinda-2-milyar-arabanin-300-milyonu-elektrikli-olacak\/","title":{"rendered":"(Turkish) &#8221;2040 Y\u0131l\u0131nda 2 Milyar Araban\u0131n 300 Milyonu Elektrikli Olacak&#8221;"},"content":{"rendered":"<p class=\"qtranxs-available-languages-message qtranxs-available-languages-message-en\">Sorry, this entry is only available in <a href=\"https:\/\/www.enerjigazetesi.ist\/tr\/wp-json\/wp\/v2\/posts\/70136\" class=\"qtranxs-available-language-link qtranxs-available-language-link-tr\" title=\"Turkish\">Turkish<\/a>. For the sake of viewer convenience, the content is shown below in the alternative language. You may click the link to switch the active language.<\/p><p><strong>Uluslararas\u0131 Enerji Ajans\u0131 \u0130cra Direkt\u00f6r\u00fc Fatih Birol taraf\u0131ndan \u00f6zellikle elektrikli otomobillerin petrol \u015firketlerinin g\u00fcndemini en fazla me\u015fgul eden konulardan biri oldu\u011fu belirtilerek, \u015fu anda d\u00fcnyadaki 1 milyar araban\u0131n 2 milyonu elektrikli oldu\u011fu, fiyatlar\u0131n d\u00fc\u015fmesi ve h\u00fck\u00fcmetlerin politikalar\u0131yla birlikte elektrikli araba say\u0131s\u0131nda ciddi art\u0131\u015f olaca\u011f\u0131 dile getirildi.<img loading=\"lazy\" class=\"alignright size-medium wp-image-16110\" src=\"https:\/\/www.enerjigazetesi.ist\/wp-content\/uploads\/2013\/10\/abd-de-evlere-elektrikli-otomobil-sarj-sebekesi-zorunlulugu-300x187.jpg\" alt=\"\" width=\"300\" height=\"187\" srcset=\"https:\/\/www.enerjigazetesi.ist\/wp-content\/uploads\/2013\/10\/abd-de-evlere-elektrikli-otomobil-sarj-sebekesi-zorunlulugu-300x187.jpg 300w, https:\/\/www.enerjigazetesi.ist\/wp-content\/uploads\/2013\/10\/abd-de-evlere-elektrikli-otomobil-sarj-sebekesi-zorunlulugu-80x50.jpg 80w, https:\/\/www.enerjigazetesi.ist\/wp-content\/uploads\/2013\/10\/abd-de-evlere-elektrikli-otomobil-sarj-sebekesi-zorunlulugu.jpg 460w\" sizes=\"(max-width: 300px) 100vw, 300px\" \/><\/strong><\/p>\n<p>Uluslararas\u0131 Enerji Ajans\u0131 \u0130cra Direkt\u00f6r\u00fc Fatih Birol, \u00f6zellikle elektrikli otomobillerin petrol \u015firketlerinin g\u00fcndemini en fazla me\u015fgul eden konulardan biri oldu\u011funu ifade ederek, \u015fu anda d\u00fcnyadaki 1 milyar araban\u0131n 2 milyonu elektrikli oldu\u011funu, fiyatlar\u0131n d\u00fc\u015fmesi ve h\u00fck\u00fcmetlerin politikalar\u0131yla birlikte elektrikli araba say\u0131s\u0131nda ciddi art\u0131\u015f olaca\u011f\u0131n\u0131 s\u00f6yledi. 2040\u2019ta 2 milyar arabadan 300 milyonu elektrikli olaca\u011f\u0131n\u0131 s\u00f6yleyen Birol, \u201cElektrikli arabalar \u00e7\u0131kt\u0131, petrole gerek kalmayacak\u201d d\u00fc\u015f\u00fcncesine kat\u0131lmad\u0131klar\u0131n\u0131n vurgusunu yapt\u0131.<\/p>\n<p>K\u00fcresel enerji piyasalar\u0131n\u0131n bug\u00fcn\u00fcne ve gelecek 25 y\u0131la ili\u015fkin en son tahminleri, k\u00fcresel iklim de\u011fi\u015fikli\u011fine dair \u00f6ng\u00f6r\u00fcleri i\u00e7eren \u2018D\u00fcnya Enerji G\u00f6r\u00fcn\u00fcm\u00fc 2017\u2019 sonu\u00e7lar\u0131 d\u00fcn a\u00e7\u0131kland\u0131. Uluslararas\u0131 Enerji Ajans\u0131 \u0130cra Direkt\u00f6r\u00fc Birol, D\u00fcnya Enerji G\u00f6r\u00fcn\u00fcm\u00fc 2017 Raporu\u2019nun T\u00fcrkiye sunum toplant\u0131s\u0131nda konu\u015ftu.<\/p>","protected":false},"excerpt":{"rendered":"<p>Sorry, this entry is only available in Turkish. For the sake of viewer convenience, the content is shown below in the alternative language. You may click the link to switch the active language.Uluslararas\u0131 Enerji Ajans\u0131 \u0130cra Direkt\u00f6r\u00fc Fatih Birol taraf\u0131ndan \u00f6zellikle elektrikli otomobillerin petrol \u015firketlerinin g\u00fcndemini en fazla me\u015fgul eden konulardan biri oldu\u011fu belirtilerek, \u015fu [&hellip;]<\/p>\n","protected":false},"author":1,"featured_media":16110,"comment_status":"open","ping_status":"open","sticky":false,"template":"","format":"standard","meta":[],"categories":[51,53],"tags":[215,1270,67,1009,2698,1420,59,1022],"views":731,"_links":{"self":[{"href":"https:\/\/www.enerjigazetesi.ist\/en\/wp-json\/wp\/v2\/posts\/70136"}],"collection":[{"href":"https:\/\/www.enerjigazetesi.ist\/en\/wp-json\/wp\/v2\/posts"}],"about":[{"href":"https:\/\/www.enerjigazetesi.ist\/en\/wp-json\/wp\/v2\/types\/post"}],"author":[{"embeddable":true,"href":"https:\/\/www.enerjigazetesi.ist\/en\/wp-json\/wp\/v2\/users\/1"}],"replies":[{"embeddable":true,"href":"https:\/\/www.enerjigazetesi.ist\/en\/wp-json\/wp\/v2\/comments?post=70136"}],"version-history":[{"count":2,"href":"https:\/\/www.enerjigazetesi.ist\/en\/wp-json\/wp\/v2\/posts\/70136\/revisions"}],"predecessor-version":[{"id":70138,"href":"https:\/\/www.enerjigazetesi.ist\/en\/wp-json\/wp\/v2\/posts\/70136\/revisions\/70138"}],"wp:featuredmedia":[{"embeddable":true,"href":"https:\/\/www.enerjigazetesi.ist\/en\/wp-json\/wp\/v2\/media\/16110"}],"wp:attachment":[{"href":"https:\/\/www.enerjigazetesi.ist\/en\/wp-json\/wp\/v2\/media?parent=70136"}],"wp:term":[{"taxonomy":"category","embeddable":true,"href":"https:\/\/www.enerjigazetesi.ist\/en\/wp-json\/wp\/v2\/categories?post=70136"},{"taxonomy":"post_tag","embeddable":true,"href":"https:\/\/www.enerjigazetesi.ist\/en\/wp-json\/wp\/v2\/tags?post=70136"}],"curies":[{"name":"wp","href":"https:\/\/api.w.org\/{rel}","templated":true}]}}