{"id":70104,"date":"2017-12-18T16:37:06","date_gmt":"2017-12-18T13:37:06","guid":{"rendered":"https:\/\/www.enerjigazetesi.ist\/?p=70104"},"modified":"2017-12-18T16:50:54","modified_gmt":"2017-12-18T13:50:54","slug":"sansimizi-kullanalim-gunes-enerjisiyle-cari-acigi-yuk-olmaktan-cikaralim","status":"publish","type":"post","link":"https:\/\/www.enerjigazetesi.ist\/en\/sansimizi-kullanalim-gunes-enerjisiyle-cari-acigi-yuk-olmaktan-cikaralim\/","title":{"rendered":"(Turkish) &#8217;\u015eans\u0131m\u0131z\u0131 Kullanal\u0131m, G\u00fcne\u015f Enerjisiyle Cari A\u00e7\u0131\u011f\u0131 Y\u00fck Olmaktan \u00c7\u0131karal\u0131m'"},"content":{"rendered":"<p class=\"qtranxs-available-languages-message qtranxs-available-languages-message-en\">Sorry, this entry is only available in <a href=\"https:\/\/www.enerjigazetesi.ist\/tr\/wp-json\/wp\/v2\/posts\/70104\" class=\"qtranxs-available-language-link qtranxs-available-language-link-tr\" title=\"Turkish\">Turkish<\/a>. For the sake of viewer convenience, the content is shown below in the alternative language. You may click the link to switch the active language.<\/p><p><\/p>\n<h4>GES yat\u0131r\u0131mlar\u0131n\u0131n yan\u0131 s\u0131ra bu y\u0131l yerli panel \u00fcretimine ba\u015flayan Smart Energy Y\u00f6netim Kurulu Ba\u015fkan\u0131 Halil Demirda\u011f, T\u00fcrkiye\u2019nin yerli ve yenilenebilir enerji konusundaki \u015fans\u0131n\u0131 kullanmas\u0131 gerekti\u011fini vurgulad\u0131. \u00c7al\u0131\u015fan her g\u00fcne\u015f santralinin, 80 ile 100 bin dolar civar\u0131nda kayna\u011f\u0131n yurtd\u0131\u015f\u0131na gitmesini engelledi\u011fine dikkat \u00e7eken Demirda\u011f, \u201cCari a\u00e7\u0131\u011f\u0131, bu sayede gelecek nesillerin s\u0131rt\u0131na y\u00fck olmaktan \u00e7\u0131karabiliriz\u201d dedi.<\/h4>\n<p>Yeni bir y\u0131la girerken T\u00fcrkiye\u2019nin g\u00fcndeminde daha \u00e7ok yer almas\u0131 gereken konulardan birinin g\u00fcne\u015f enerjisi oldu\u011funa dikkat \u00e7eken Smart Energy Y\u00f6netim Kurulu Ba\u015fkan\u0131 Halil Demirda\u011f, T\u00fcrkiye\u2019nin gelecek nesiller i\u00e7in yerli ve yenilenebilir enerjiye yat\u0131r\u0131m yapmas\u0131n\u0131n \u015fart oldu\u011funu vurgulad\u0131. Smart <img loading=\"lazy\" class=\"alignleft size-medium wp-image-70105\" src=\"https:\/\/www.enerjigazetesi.ist\/wp-content\/uploads\/2017\/12\/sansimizi-kullanalim-gunes-enerjisiyle-cari-acigi-yuk-olmaktan-cikaralim-300x169.jpg\" alt=\"\" width=\"300\" height=\"169\" srcset=\"https:\/\/www.enerjigazetesi.ist\/wp-content\/uploads\/2017\/12\/sansimizi-kullanalim-gunes-enerjisiyle-cari-acigi-yuk-olmaktan-cikaralim-300x169.jpg 300w, https:\/\/www.enerjigazetesi.ist\/wp-content\/uploads\/2017\/12\/sansimizi-kullanalim-gunes-enerjisiyle-cari-acigi-yuk-olmaktan-cikaralim-500x281.jpg 500w, https:\/\/www.enerjigazetesi.ist\/wp-content\/uploads\/2017\/12\/sansimizi-kullanalim-gunes-enerjisiyle-cari-acigi-yuk-olmaktan-cikaralim-80x45.jpg 80w, https:\/\/www.enerjigazetesi.ist\/wp-content\/uploads\/2017\/12\/sansimizi-kullanalim-gunes-enerjisiyle-cari-acigi-yuk-olmaktan-cikaralim.jpg 683w\" sizes=\"(max-width: 300px) 100vw, 300px\" \/>Energy\u2019nin Avrupa\u2019da edindi\u011fi tecr\u00fcbeyi T\u00fcrkiye\u2019de yat\u0131r\u0131ma d\u00f6n\u00fc\u015ft\u00fcrd\u00fc\u011f\u00fcn\u00fc anlatan Demirda\u011f, \u201c\u00c7al\u0131\u015fmalar\u0131m\u0131z\u0131 yaparken g\u00f6rd\u00fck ki, T\u00fcrkiye sahip oldu\u011fu g\u00fcne\u015f, su ve r\u00fczgar potansiyeli ile ye\u015fil enerji a\u00e7\u0131s\u0131ndan \u00e7ok \u015fansl\u0131 bir \u00fclke\u201d \u015feklinde konu\u015ftu.<\/p>\n<p><strong>PAHALI B\u0130R ALTERNAT\u0130F OLMAKTAN \u00c7IKTI<\/strong><\/p>\n<p>Halil Demirda\u011f, yenilenebilir enerji kaynaklar\u0131n\u0131n bir b\u00fct\u00fcn olarak de\u011fer te\u015fkil etti\u011fini, g\u00fcne\u015f, su ve r\u00fczgar gibi kaynaklar\u0131n birbirini tamamlay\u0131c\u0131 rol \u00fcstlendi\u011fini dile getirirken, s\u00f6zlerine \u015f\u00f6yle devam etti: \u201cHepsini \u00fcst \u00fcste koydu\u011fumuzda asl\u0131nda bu kaynaklar kendi i\u00e7inde do\u011fal bir denge olu\u015fturuyor. \u00dclkemiz bu a\u00e7\u0131dan \u00e7ok \u015fansl\u0131. Bug\u00fcn t\u00fcm d\u00fcnyada yenilenebilir kaynaklar giderek daha rekabet\u00e7i bir se\u00e7enek olarak \u00f6ne \u00e7\u0131k\u0131yor. Ye\u015fil enerji art\u0131k pahal\u0131 bir alternatif de\u011fil. Kendi petrol\u00fcn\u00fc, kendi do\u011falgaz\u0131n\u0131 kendi \u00e7\u0131karan Suudi Arabistan gibi \u00fclkeler bile elektriklerini art\u0131k g\u00fcne\u015f enerjisinden elde etme yoluna gidiyor. Bir taraftan yenilenebilir enerji teknolojisini \u00fcreten makineler geli\u015fiyor ve ucuzluyor, di\u011fer taraftan o makinelerin \u00fcretti\u011fi teknolojiler daha verimli hale geliyor. Eskiden 1.000MW\u2019l\u0131k bir g\u00fcne\u015f paneli h\u00fccre fabrikas\u0131 kurmak i\u00e7in milyar dolarlardan bahsedilirken, g\u00fcn\u00fcm\u00fczde bunun onda biri kadar yat\u0131r\u0131mlarla s\u00f6z konusu \u00fcretim d\u00fczeyine ula\u015f\u0131labiliyor. G\u00fcne\u015f, zamanla h\u00fccre \u00fcretimiyle, wafer \u00fcretimiyle, ingot \u00fcretimiyle, neredeyse tamamen T\u00fcrkiye\u2019de \u00fcretilebilen bir enerji kayna\u011f\u0131 haline gelebilecek. B\u00f6ylece biz de hi\u00e7 kimseye ba\u011f\u0131ml\u0131 olmadan kendi elektri\u011fimizi \u00fcretip o elektrikle \u015farj edece\u011fimiz arabalarla, hatta belki drone\u2019larla bir yerlere gidebilen nesiller i\u00e7in altyap\u0131 haz\u0131rlam\u0131\u015f olaca\u011f\u0131z. Kaynaklar\u0131m\u0131z\u0131 en etkin \u015fekilde kullanarak bu \u015fans\u0131m\u0131z\u0131 de\u011ferlendirmeliyiz.\u201d<\/p>\n<p><strong>HER B\u0130R SANTRALLE 100 B\u0130N DOLAR CEPTE KALIYOR<\/strong><\/p>\n<p>\u201cEnerjiyi yerin alt\u0131nda de\u011fil, yerin \u00fcst\u00fcnde aramal\u0131y\u0131z\u201d diyen Demirda\u011f, 1MW\u2019l\u0131k bir yat\u0131r\u0131mla neredeyse 2 milyon KW\/saat elektrik \u00fcretebildi\u011finin alt\u0131n\u0131 \u00e7izerek, \u201c\u00c7al\u0131\u015fan her g\u00fcne\u015f santrali, \u015fu anda d\u00fcnya emtia fiyatlar\u0131yla yakla\u015f\u0131k 80 ile 100 bin dolar civar\u0131nda bir kayna\u011f\u0131n yurtd\u0131\u015f\u0131na gitmesini engelliyor. T\u00fcrkiye\u2019mizin en b\u00fcy\u00fck s\u0131k\u0131nt\u0131s\u0131 olan cari a\u00e7\u0131\u011f\u0131, bu sayede gelecek nesillerin s\u0131rt\u0131na y\u00fck olmaktan \u00e7\u0131karabiliriz\u201d \u015feklinde konu\u015ftu.<\/p>\n<p>\u015eu andaki verilere g\u00f6re T\u00fcrkiye\u2019nin toplam d\u00fcnya g\u00fcne\u015f enerjisi i\u00e7indeki pay\u0131n\u0131n yakla\u015f\u0131k y\u00fczde 1 civar\u0131nda oldu\u011funu belirten Demirda\u011f, \u201cD\u00fcnyada y\u0131lda 300.000 MW\u2019a giden bir kurulum varken, T\u00fcrkiye\u2019de bu rakam 1.700 MW\u2019\u0131 ge\u00e7ti. Ancak biz bunu ge\u00e7 kalm\u0131\u015fl\u0131k olarak de\u011fil, daha fazla pay alman\u0131n tam zaman\u0131 olarak de\u011ferlendiriyoruz. Hem maliyetler d\u00fc\u015f\u00fcyor hem de giri\u015fimcilerimiz h\u0131zl\u0131 bir \u015fekilde adapte oluyor. Gelecek 20 y\u0131lda d\u00fcnyada yakla\u015f\u0131k 5 trilyon dolar civar\u0131nda b\u00fcy\u00fckl\u00fc\u011fe ula\u015facak g\u00fcne\u015f enerjisi sekt\u00f6r\u00fcnde \u00e7ok daha b\u00fcy\u00fck bir pay alabilece\u011fimizi g\u00f6r\u00fcyoruz. Ye\u015fil enerjinin m\u00fcteahhitli\u011finde de \u00f6nc\u00fc olabiliriz. Ge\u00e7 ba\u015flam\u0131\u015f olabiliriz ama \u00e7ok h\u0131zl\u0131 ilerliyoruz. Bu alanda d\u00fcnyadaki s\u00f6z sahibi, \u00fcretici konumunda ve bunun kurulumunu, yat\u0131r\u0131m\u0131n\u0131 yapan bir \u00fclke olaca\u011f\u0131m\u0131z\u0131 \u00fcmit ediyorum.\u201d<\/p>\n<p><strong>AVRUPA\u2019NIN EN B\u00dcY\u00dcK PANEL \u00dcRET\u0130C\u0130S\u0130 OLACAK<\/strong><\/p>\n<p>Smart Energy\u2019nin 2009 y\u0131l\u0131ndan bu yana Bulgaristan, Romanya ve Yunanistan\u2019da g\u00fcne\u015f enerji santralleri (GES) kurduktan sonra T\u00fcrkiye\u2019de yat\u0131r\u0131mlara ba\u015flad\u0131\u011f\u0131n\u0131 belirten Demirda\u011f, \u015fu bilgileri verdi: \u201cHalen Kayseri, Karaman, Aksaray, Ni\u011fde, Urfa, Antalya gibi bir\u00e7ok yat\u0131r\u0131m\u0131m\u0131z ya devrede ya da yak\u0131n zamanda devreye al\u0131nmak i\u00e7in kurulum a\u015famas\u0131nda. Smart Energy olarak, 2017 y\u0131l\u0131 itibari ile g\u00fcne\u015f enerjisi yat\u0131r\u0131mlar\u0131m\u0131z yurti\u00e7i ve yurtd\u0131\u015f\u0131nda toplam 100 milyon dolar\u0131 ge\u00e7mi\u015f durumda. GES yat\u0131r\u0131mlar\u0131m\u0131za devam ederken, bu y\u0131l A\u011fustos ay\u0131nda Gebze\u2019de 23 bin 500 metrekarelik alanda yer alan fabrikam\u0131zda yerli g\u00fcne\u015f paneli \u00fcretimine ba\u015flad\u0131k. Bu yat\u0131r\u0131m\u0131 yaparken \u00e7ok \u00f6nemli bir i\u015f birli\u011fine de imza att\u0131k; d\u00fcnyan\u0131n en b\u00fcy\u00fck 500 firmas\u0131ndan biri olan \u00c7in merkezli SINOMACH\u2019\u0131n enerji sekt\u00f6r\u00fcnde faaliyet g\u00f6steren \u015firketi SUMEC\u2019i stratejik ortak olarak \u00fclkemize getirmeyi ba\u015fard\u0131k. Phono Solar markas\u0131 ile bu alanda s\u00f6z sahibi olan b\u00f6yle bir dev kurulu\u015f ile g\u00fc\u00e7lerimizi birle\u015ftirdik. Fabrikam\u0131z\u0131n ilk etapta 400 MWp\u2019lik k\u0131sm\u0131n\u0131 devreye ald\u0131k. \u00c7ok yak\u0131n gelecekte de 1.200MWp\u2019lik tam kapasite ile \u00fcretime ge\u00e7ece\u011fiz. Bu da T\u00fcrkiye\u2019nin ve Avrupa\u2019n\u0131n en b\u00fcy\u00fck panel \u00fcreticisi olaca\u011f\u0131m\u0131z anlam\u0131na geliyor. Hedefimiz, \u2018T\u00fcrk Mal\u0131\u2019 g\u00fcne\u015f panellerini d\u00fcnyaya ihra\u00e7 etmek. Att\u0131\u011f\u0131m\u0131z bu ilk ad\u0131m\u0131n devam\u0131 gelecek. G\u00fcne\u015f h\u00fccrelerini de T\u00fcrkiye\u2019de \u00fcretmeyi hedefliyoruz. Yat\u0131r\u0131mc\u0131 olarak bundan sonra da GES kurulumlar\u0131m\u0131z ile ye\u015fil enerjiden elektrik \u00fcretimi yaparken, panel taraf\u0131nda da h\u00fccreden a\u015fa\u011f\u0131 inerek wafer ve ingot \u00fcretimine gidip, dikey entegrasyonunu tamamlam\u0131\u015f bir firma olmay\u0131 hedefliyoruz.\u201d<\/p>\n<p>Smart Energy\u2019in g\u00fcne\u015f enerjisi sekt\u00f6r\u00fcnde yerini almak isteyen yat\u0131r\u0131mc\u0131lara da hizmet verdi\u011fini hat\u0131rlatan Demirda\u011f, \u201cBug\u00fcne kadar 300\u2019\u00fcn \u00fczerinde GES projesinde \u00e7al\u0131\u015ft\u0131k. G\u00fcne\u015f enerjisi alan\u0131nda teknik ekspertiz m\u00fchendislik hizmetlerine, sat\u0131n almadan in\u015faata, i\u015fletme ve bak\u0131m hizmetlerinden finansman ihtiyac\u0131na kadar yat\u0131r\u0131mc\u0131lara destek veriyoruz. Bundan sonra da bu alana girmek isteyen yat\u0131r\u0131mc\u0131lara hizmet vermeye devam edece\u011fiz, tecr\u00fcbemizi onlarla payla\u015farak sekt\u00f6r\u00fcn geli\u015fimine katk\u0131da bulunaca\u011f\u0131z. \u00c7\u00fcnk\u00fc biz yenilenebilir enerjiye yat\u0131r\u0131m yapmay\u0131 karl\u0131 oldu\u011fu kadar ciddi bir sosyal sorumluluk g\u00f6revi olarak da g\u00f6r\u00fcyoruz. \u0130\u015f d\u00fcnyas\u0131 olarak bizlerin, meselenin sosyal ve milli y\u00f6n\u00fcne a\u011f\u0131rl\u0131k vermemiz gerekiyor. Gelecek nesillere ba\u011f\u0131ms\u0131z enerji sistemleri b\u0131rakarak \u00fclkemize \u00e7ok ciddi bir fayda sa\u011flayabiliriz. O\u011flumun 20 sene sonra arabas\u0131n\u0131 kendi kaynaklar\u0131m\u0131zla \u00fcretilen elektrikle kullanabildi\u011fini, hi\u00e7 kimseye ba\u011fl\u0131 olmadan, cari a\u00e7\u0131k derdi olmadan, temiz bir enerji ile ya\u015fad\u0131\u011f\u0131n\u0131 hayal ediyorum ve bu da beni \u00e7ok mutlu ediyor\u201d diye konu\u015ftu.<\/p>","protected":false},"excerpt":{"rendered":"<p>Sorry, this entry is only available in Turkish. For the sake of viewer convenience, the content is shown below in the alternative language. You may click the link to switch the active language. GES yat\u0131r\u0131mlar\u0131n\u0131n yan\u0131 s\u0131ra bu y\u0131l yerli panel \u00fcretimine ba\u015flayan Smart Energy Y\u00f6netim Kurulu Ba\u015fkan\u0131 Halil Demirda\u011f, T\u00fcrkiye\u2019nin yerli ve yenilenebilir enerji [&hellip;]<\/p>\n","protected":false},"author":1,"featured_media":70105,"comment_status":"open","ping_status":"open","sticky":false,"template":"","format":"standard","meta":[],"categories":[53,49],"tags":[67,1009,2326,23416,2569,23131],"views":776,"_links":{"self":[{"href":"https:\/\/www.enerjigazetesi.ist\/en\/wp-json\/wp\/v2\/posts\/70104"}],"collection":[{"href":"https:\/\/www.enerjigazetesi.ist\/en\/wp-json\/wp\/v2\/posts"}],"about":[{"href":"https:\/\/www.enerjigazetesi.ist\/en\/wp-json\/wp\/v2\/types\/post"}],"author":[{"embeddable":true,"href":"https:\/\/www.enerjigazetesi.ist\/en\/wp-json\/wp\/v2\/users\/1"}],"replies":[{"embeddable":true,"href":"https:\/\/www.enerjigazetesi.ist\/en\/wp-json\/wp\/v2\/comments?post=70104"}],"version-history":[{"count":4,"href":"https:\/\/www.enerjigazetesi.ist\/en\/wp-json\/wp\/v2\/posts\/70104\/revisions"}],"predecessor-version":[{"id":70111,"href":"https:\/\/www.enerjigazetesi.ist\/en\/wp-json\/wp\/v2\/posts\/70104\/revisions\/70111"}],"wp:featuredmedia":[{"embeddable":true,"href":"https:\/\/www.enerjigazetesi.ist\/en\/wp-json\/wp\/v2\/media\/70105"}],"wp:attachment":[{"href":"https:\/\/www.enerjigazetesi.ist\/en\/wp-json\/wp\/v2\/media?parent=70104"}],"wp:term":[{"taxonomy":"category","embeddable":true,"href":"https:\/\/www.enerjigazetesi.ist\/en\/wp-json\/wp\/v2\/categories?post=70104"},{"taxonomy":"post_tag","embeddable":true,"href":"https:\/\/www.enerjigazetesi.ist\/en\/wp-json\/wp\/v2\/tags?post=70104"}],"curies":[{"name":"wp","href":"https:\/\/api.w.org\/{rel}","templated":true}]}}