{"id":70091,"date":"2017-12-17T17:59:48","date_gmt":"2017-12-17T14:59:48","guid":{"rendered":"https:\/\/www.enerjigazetesi.ist\/?p=70091"},"modified":"2017-12-17T17:59:48","modified_gmt":"2017-12-17T14:59:48","slug":"iran-ve-iraktan-kerkuk-petrolunun-irana-tasinmasi-icin-anlasma","status":"publish","type":"post","link":"https:\/\/www.enerjigazetesi.ist\/en\/iran-ve-iraktan-kerkuk-petrolunun-irana-tasinmasi-icin-anlasma\/","title":{"rendered":"(Turkish) \u0130ran ve Irak&#8217;tan Kerk\u00fck Petrol\u00fcn\u00fcn \u0130ran\u2019a Ta\u015f\u0131nmas\u0131 \u0130\u00e7in Anla\u015fma"},"content":{"rendered":"<p class=\"qtranxs-available-languages-message qtranxs-available-languages-message-en\">Sorry, this entry is only available in <a href=\"https:\/\/www.enerjigazetesi.ist\/tr\/wp-json\/wp\/v2\/posts\/70091\" class=\"qtranxs-available-language-link qtranxs-available-language-link-tr\" title=\"Turkish\">Turkish<\/a>. For the sake of viewer convenience, the content is shown below in the alternative language. You may click the link to switch the active language.<\/p><p><strong>Irak Petrol Bakan\u0131 Cabbar el-Laibi taraf\u0131ndan Kerk\u00fck petrol\u00fcn\u00fcn \u0130ran\u2019a ta\u015f\u0131nmas\u0131na y\u00f6nelik anla\u015fma imzaland\u0131\u011f\u0131 a\u00e7\u0131kland\u0131.<\/strong><span id=\"more-96206\"><\/span><\/p>\n<p><img loading=\"lazy\" class=\"alignleft size-medium wp-image-70092\" src=\"https:\/\/www.enerjigazetesi.ist\/wp-content\/uploads\/2017\/12\/iran-ve-iraktan-kerkuk-petrolunun-irana-tasinmasi-icin-anlasma-300x174.jpeg\" alt=\"\" width=\"300\" height=\"174\" srcset=\"https:\/\/www.enerjigazetesi.ist\/wp-content\/uploads\/2017\/12\/iran-ve-iraktan-kerkuk-petrolunun-irana-tasinmasi-icin-anlasma-300x174.jpeg 300w, https:\/\/www.enerjigazetesi.ist\/wp-content\/uploads\/2017\/12\/iran-ve-iraktan-kerkuk-petrolunun-irana-tasinmasi-icin-anlasma-500x290.jpeg 500w, https:\/\/www.enerjigazetesi.ist\/wp-content\/uploads\/2017\/12\/iran-ve-iraktan-kerkuk-petrolunun-irana-tasinmasi-icin-anlasma-80x46.jpeg 80w, https:\/\/www.enerjigazetesi.ist\/wp-content\/uploads\/2017\/12\/iran-ve-iraktan-kerkuk-petrolunun-irana-tasinmasi-icin-anlasma.jpeg 696w\" sizes=\"(max-width: 300px) 100vw, 300px\" \/>Cabbar el-Laibi Cumartesi g\u00fcn\u00fc yapt\u0131\u011f\u0131 yaz\u0131l\u0131 a\u00e7\u0131klamada, \u201cKerk\u00fck\u2019ten g\u00fcnde 30 ila 60 bin varil petrol\u00fcn \u0130ran\u2019a ihra\u00e7 edilmesi i\u00e7in iki \u00fclke aras\u0131nda anla\u015fma imzaland\u0131\u201d dedi. Anla\u015fma, ham petrol\u00fcn tankerlerle Kirman\u015fah\u2019taki s\u0131n\u0131r kap\u0131s\u0131na ta\u015f\u0131nmas\u0131n\u0131 ve burada \u0130ranl\u0131 \u015firketler taraf\u0131ndan teslim al\u0131nmas\u0131n\u0131 \u00f6ng\u00f6rmektedir.<\/p>\n<p>B\u00f6lgede bir rafinerisi olan \u0130ran da ayn\u0131 miktarda i\u015flenmi\u015f petrol\u00fc Basra K\u00f6rfezi \u00fczerinden Irak\u2019\u0131n g\u00fcney k\u0131y\u0131lar\u0131ndaki limanlara g\u00f6nderecek. El-Laibi, \u0130ran\u2019a petrol ihrac\u0131n\u0131n yak\u0131nda ba\u015flayaca\u011f\u0131n\u0131 s\u00f6yledi ve \u201cBu anla\u015fma, Irak i\u00e7in Kerk\u00fck petrol\u00fcn\u00fcn pazarlanmas\u0131na katk\u0131 sa\u011flayacak ve Irak i\u00e7in ekonomik faydalar sunacak. Ayr\u0131ca kom\u015fu \u00fclkelerle ekonomik ili\u015fkiler peki\u015ftirilecek\u201d ifadelerini kulland\u0131.<\/p>","protected":false},"excerpt":{"rendered":"<p>Sorry, this entry is only available in Turkish. For the sake of viewer convenience, the content is shown below in the alternative language. You may click the link to switch the active language.Irak Petrol Bakan\u0131 Cabbar el-Laibi taraf\u0131ndan Kerk\u00fck petrol\u00fcn\u00fcn \u0130ran\u2019a ta\u015f\u0131nmas\u0131na y\u00f6nelik anla\u015fma imzaland\u0131\u011f\u0131 a\u00e7\u0131kland\u0131. Cabbar el-Laibi Cumartesi g\u00fcn\u00fc yapt\u0131\u011f\u0131 yaz\u0131l\u0131 a\u00e7\u0131klamada, \u201cKerk\u00fck\u2019ten g\u00fcnde [&hellip;]<\/p>\n","protected":false},"author":1,"featured_media":70092,"comment_status":"open","ping_status":"open","sticky":false,"template":"","format":"standard","meta":[],"categories":[53,44],"tags":[2394,36274,67,1009,20876,16025,1333,28562,945,16779,12176],"views":735,"_links":{"self":[{"href":"https:\/\/www.enerjigazetesi.ist\/en\/wp-json\/wp\/v2\/posts\/70091"}],"collection":[{"href":"https:\/\/www.enerjigazetesi.ist\/en\/wp-json\/wp\/v2\/posts"}],"about":[{"href":"https:\/\/www.enerjigazetesi.ist\/en\/wp-json\/wp\/v2\/types\/post"}],"author":[{"embeddable":true,"href":"https:\/\/www.enerjigazetesi.ist\/en\/wp-json\/wp\/v2\/users\/1"}],"replies":[{"embeddable":true,"href":"https:\/\/www.enerjigazetesi.ist\/en\/wp-json\/wp\/v2\/comments?post=70091"}],"version-history":[{"count":1,"href":"https:\/\/www.enerjigazetesi.ist\/en\/wp-json\/wp\/v2\/posts\/70091\/revisions"}],"predecessor-version":[{"id":70093,"href":"https:\/\/www.enerjigazetesi.ist\/en\/wp-json\/wp\/v2\/posts\/70091\/revisions\/70093"}],"wp:featuredmedia":[{"embeddable":true,"href":"https:\/\/www.enerjigazetesi.ist\/en\/wp-json\/wp\/v2\/media\/70092"}],"wp:attachment":[{"href":"https:\/\/www.enerjigazetesi.ist\/en\/wp-json\/wp\/v2\/media?parent=70091"}],"wp:term":[{"taxonomy":"category","embeddable":true,"href":"https:\/\/www.enerjigazetesi.ist\/en\/wp-json\/wp\/v2\/categories?post=70091"},{"taxonomy":"post_tag","embeddable":true,"href":"https:\/\/www.enerjigazetesi.ist\/en\/wp-json\/wp\/v2\/tags?post=70091"}],"curies":[{"name":"wp","href":"https:\/\/api.w.org\/{rel}","templated":true}]}}