{"id":70064,"date":"2017-12-16T22:37:21","date_gmt":"2017-12-16T19:37:21","guid":{"rendered":"https:\/\/www.enerjigazetesi.ist\/?p=70064"},"modified":"2017-12-16T22:37:21","modified_gmt":"2017-12-16T19:37:21","slug":"akkuyu-ngsde-yerli-katki-konusundaki-girisimler-hiz-kazaniyor","status":"publish","type":"post","link":"https:\/\/www.enerjigazetesi.ist\/en\/akkuyu-ngsde-yerli-katki-konusundaki-girisimler-hiz-kazaniyor\/","title":{"rendered":"(Turkish) Akkuyu NGS&#8217;de Yerli Katk\u0131 Konusundaki Giri\u015fimler H\u0131z Kazan\u0131yor"},"content":{"rendered":"<p class=\"qtranxs-available-languages-message qtranxs-available-languages-message-en\">Sorry, this entry is only available in <a href=\"https:\/\/www.enerjigazetesi.ist\/tr\/wp-json\/wp\/v2\/posts\/70064\" class=\"qtranxs-available-language-link qtranxs-available-language-link-tr\" title=\"Turkish\">Turkish<\/a>. For the sake of viewer convenience, the content is shown below in the alternative language. You may click the link to switch the active language.<\/p><p><strong><img loading=\"lazy\" class=\"alignleft size-full wp-image-37878\" src=\"https:\/\/www.enerjigazetesi.ist\/wp-content\/uploads\/2015\/04\/akkuyu-hidroteknik-ihalesinde-4-firma-kaldi.jpg\" alt=\"\" width=\"300\" height=\"300\" srcset=\"https:\/\/www.enerjigazetesi.ist\/wp-content\/uploads\/2015\/04\/akkuyu-hidroteknik-ihalesinde-4-firma-kaldi.jpg 300w, https:\/\/www.enerjigazetesi.ist\/wp-content\/uploads\/2015\/04\/akkuyu-hidroteknik-ihalesinde-4-firma-kaldi-150x150.jpg 150w, https:\/\/www.enerjigazetesi.ist\/wp-content\/uploads\/2015\/04\/akkuyu-hidroteknik-ihalesinde-4-firma-kaldi-50x50.jpg 50w\" sizes=\"(max-width: 300px) 100vw, 300px\" \/>Akkuyu N\u00fckleer Santrali\u2019ne ekim ay\u0131nda \u2018s\u0131n\u0131rl\u0131 \u00e7al\u0131\u015fma izni\u2019 verilmesinin ard\u0131ndan faaliyetler s\u00fcrerken, bir yandan da yerli katk\u0131 konusunda giri\u015fimler h\u0131z kazan\u0131yor.<\/strong><span id=\"more-96349\"><\/span><\/p>\n<p>Projede yerli sanayi \u00fcr\u00fcnlerinin kullan\u0131labilmesi i\u00e7in demir piyasas\u0131n\u0131n ara\u015ft\u0131r\u0131ld\u0131\u011f\u0131 \u00f6\u011frenildi. Bu ama\u00e7la teknik \u00f6zellikler de belirlendi. \u00d6zellikle deprem ve muhtemel u\u00e7ak \u00e7arpmas\u0131 gibi kriterler g\u00f6z \u00f6n\u00fcnde bulundurulacak.<\/p>\n<p>Enerji ve Tabii Kaynaklar Bakanl\u0131\u011f\u0131n\u0131n maliyetleri d\u00fc\u015f\u00fcrmek, kaliteyi y\u00fckseltmek, rekabet g\u00fcc\u00fcn\u00fc art\u0131rmak ve birbirini b\u00fct\u00fcnleyerek sinerji olu\u015fturan bir tedarik zinciri kurmak i\u00e7in, \u201cn\u00fckleer k\u00fcme\u201d olu\u015fturulmas\u0131 ve sonras\u0131nda \u201cN\u00fckleer Sanayi B\u00f6lgesi\u201dnin hedeflendi\u011fi bilinmektedir. 2010&#8217;da ilk imzalar\u0131n at\u0131ld\u0131\u011f\u0131 santralin ilk \u00fcnitesinin, 2023 y\u0131l\u0131na kadar elektrik \u00fcretmesi hedefleniyor. Santralde her biri 1200 megavat kapasiteli 4 \u00fcnite yer alacak.<\/p>","protected":false},"excerpt":{"rendered":"<p>Sorry, this entry is only available in Turkish. For the sake of viewer convenience, the content is shown below in the alternative language. You may click the link to switch the active language.Akkuyu N\u00fckleer Santrali\u2019ne ekim ay\u0131nda \u2018s\u0131n\u0131rl\u0131 \u00e7al\u0131\u015fma izni\u2019 verilmesinin ard\u0131ndan faaliyetler s\u00fcrerken, bir yandan da yerli katk\u0131 konusunda giri\u015fimler h\u0131z kazan\u0131yor. Projede yerli [&hellip;]<\/p>\n","protected":false},"author":1,"featured_media":37878,"comment_status":"open","ping_status":"open","sticky":false,"template":"","format":"standard","meta":[],"categories":[53,43],"tags":[1026,36324,67,1009,1972,23134,36325,34931,36326,34930,36327,36328],"views":880,"_links":{"self":[{"href":"https:\/\/www.enerjigazetesi.ist\/en\/wp-json\/wp\/v2\/posts\/70064"}],"collection":[{"href":"https:\/\/www.enerjigazetesi.ist\/en\/wp-json\/wp\/v2\/posts"}],"about":[{"href":"https:\/\/www.enerjigazetesi.ist\/en\/wp-json\/wp\/v2\/types\/post"}],"author":[{"embeddable":true,"href":"https:\/\/www.enerjigazetesi.ist\/en\/wp-json\/wp\/v2\/users\/1"}],"replies":[{"embeddable":true,"href":"https:\/\/www.enerjigazetesi.ist\/en\/wp-json\/wp\/v2\/comments?post=70064"}],"version-history":[{"count":1,"href":"https:\/\/www.enerjigazetesi.ist\/en\/wp-json\/wp\/v2\/posts\/70064\/revisions"}],"predecessor-version":[{"id":70065,"href":"https:\/\/www.enerjigazetesi.ist\/en\/wp-json\/wp\/v2\/posts\/70064\/revisions\/70065"}],"wp:featuredmedia":[{"embeddable":true,"href":"https:\/\/www.enerjigazetesi.ist\/en\/wp-json\/wp\/v2\/media\/37878"}],"wp:attachment":[{"href":"https:\/\/www.enerjigazetesi.ist\/en\/wp-json\/wp\/v2\/media?parent=70064"}],"wp:term":[{"taxonomy":"category","embeddable":true,"href":"https:\/\/www.enerjigazetesi.ist\/en\/wp-json\/wp\/v2\/categories?post=70064"},{"taxonomy":"post_tag","embeddable":true,"href":"https:\/\/www.enerjigazetesi.ist\/en\/wp-json\/wp\/v2\/tags?post=70064"}],"curies":[{"name":"wp","href":"https:\/\/api.w.org\/{rel}","templated":true}]}}