{"id":70005,"date":"2017-12-14T11:02:08","date_gmt":"2017-12-14T08:02:08","guid":{"rendered":"https:\/\/www.enerjigazetesi.ist\/?p=70005"},"modified":"2017-12-14T11:02:59","modified_gmt":"2017-12-14T08:02:59","slug":"kesanda-12mw-enerji-ureten-gunes-santrali-faaliyete-geciyor","status":"publish","type":"post","link":"https:\/\/www.enerjigazetesi.ist\/en\/kesanda-12mw-enerji-ureten-gunes-santrali-faaliyete-geciyor\/","title":{"rendered":"(Turkish) Ke\u015fan\u2019da 1,2MW Enerji \u00dcreten G\u00fcne\u015f Santrali Faaliyete Ge\u00e7iyor"},"content":{"rendered":"<p class=\"qtranxs-available-languages-message qtranxs-available-languages-message-en\">Sorry, this entry is only available in <a href=\"https:\/\/www.enerjigazetesi.ist\/tr\/wp-json\/wp\/v2\/posts\/70005\" class=\"qtranxs-available-language-link qtranxs-available-language-link-tr\" title=\"Turkish\">Turkish<\/a>. For the sake of viewer convenience, the content is shown below in the alternative language. You may click the link to switch the active language.<\/p><p><strong>Edirne Ke\u015fan \u0130l\u00e7esi Yenimuhacir beldesi yak\u0131nlar\u0131nda faaliyete ge\u00e7ecek olan proje kapsam\u0131nda, 18 d\u00f6n\u00fcml\u00fck alan\u0131n i\u00e7erisine 4 bin 400 adet g\u00fcne\u015f paneli konuldu. Proje<span id=\"more-96282\"><img loading=\"lazy\" class=\"alignright size-medium wp-image-70006\" src=\"https:\/\/www.enerjigazetesi.ist\/wp-content\/uploads\/2017\/12\/kesanda-12mw-enerji-ureten-gunes-santrali-faaliyete-geciyor-300x199.jpg\" alt=\"\" width=\"300\" height=\"199\" srcset=\"https:\/\/www.enerjigazetesi.ist\/wp-content\/uploads\/2017\/12\/kesanda-12mw-enerji-ureten-gunes-santrali-faaliyete-geciyor-300x199.jpg 300w, https:\/\/www.enerjigazetesi.ist\/wp-content\/uploads\/2017\/12\/kesanda-12mw-enerji-ureten-gunes-santrali-faaliyete-geciyor-500x332.jpg 500w, https:\/\/www.enerjigazetesi.ist\/wp-content\/uploads\/2017\/12\/kesanda-12mw-enerji-ureten-gunes-santrali-faaliyete-geciyor-75x50.jpg 75w, https:\/\/www.enerjigazetesi.ist\/wp-content\/uploads\/2017\/12\/kesanda-12mw-enerji-ureten-gunes-santrali-faaliyete-geciyor.jpg 696w\" sizes=\"(max-width: 300px) 100vw, 300px\" \/><\/span> kapsam\u0131nda 1,2 megawatt g\u00fc\u00e7 \u00fcretilmesi \u00f6ng\u00f6r\u00fcl\u00fcrken, 990 kilowatt ba\u011flant\u0131 g\u00fcc\u00fcn\u00fcn\u00a0sa\u011flanmas\u0131 hedefleniyor.<\/strong><\/p>\n<p>Konuyla ilgili bilgi veren Volkan Kuru, \u201cYapt\u0131\u011f\u0131m\u0131z yeni yat\u0131r\u0131m di\u011fer yat\u0131r\u0131mc\u0131lar\u0131 da cezbedecektir. B\u00f6yle bir yat\u0131r\u0131m\u0131 yapmak kolay olmad\u0131. Yakla\u015f\u0131k 2 y\u0131l gerekli izinleri almak ve mevzuat\u0131 yerine getirmekle ge\u00e7ti. Bu ayn\u0131n sonunda devreye almaya planl\u0131yoruz. Bu i\u015fletme Ke\u015fan\u2019\u0131n elektrik ihtiyac\u0131n\u0131n 5\u2019te 1\u2019ini \u0130psala\u2019n\u0131n da tamam\u0131n\u0131 kar\u015f\u0131layabilecek g\u00fc\u00e7te. 26 d\u00f6n\u00fcml\u00fck alana kurduk. Bunun 18 d\u00f6n\u00fcm\u00fc paneller i\u00e7in ayr\u0131ld\u0131. 13 d\u00f6n\u00fcm de panelle kapl\u0131. 4 bin 400 adet panel var. Yapt\u0131\u011f\u0131m\u0131z \u00fcretimle ilgili TREDA\u015e ile ba\u011flant\u0131 anla\u015fmam\u0131z var. Direkt elektri\u011fi sat\u0131n al\u0131yorlar. 10 y\u0131ll\u0131k anla\u015fmam\u0131z var. 10 y\u0131l boyunca TREDA\u015e\u2019a sataca\u011f\u0131z\u201d dedi.<\/p>","protected":false},"excerpt":{"rendered":"<p>Sorry, this entry is only available in Turkish. For the sake of viewer convenience, the content is shown below in the alternative language. You may click the link to switch the active language.Edirne Ke\u015fan \u0130l\u00e7esi Yenimuhacir beldesi yak\u0131nlar\u0131nda faaliyete ge\u00e7ecek olan proje kapsam\u0131nda, 18 d\u00f6n\u00fcml\u00fck alan\u0131n i\u00e7erisine 4 bin 400 adet g\u00fcne\u015f paneli konuldu. Proje [&hellip;]<\/p>\n","protected":false},"author":1,"featured_media":70006,"comment_status":"open","ping_status":"open","sticky":false,"template":"","format":"standard","meta":[],"categories":[53],"tags":[36304,67,1009,2326,13,142,36305,12370],"views":1189,"_links":{"self":[{"href":"https:\/\/www.enerjigazetesi.ist\/en\/wp-json\/wp\/v2\/posts\/70005"}],"collection":[{"href":"https:\/\/www.enerjigazetesi.ist\/en\/wp-json\/wp\/v2\/posts"}],"about":[{"href":"https:\/\/www.enerjigazetesi.ist\/en\/wp-json\/wp\/v2\/types\/post"}],"author":[{"embeddable":true,"href":"https:\/\/www.enerjigazetesi.ist\/en\/wp-json\/wp\/v2\/users\/1"}],"replies":[{"embeddable":true,"href":"https:\/\/www.enerjigazetesi.ist\/en\/wp-json\/wp\/v2\/comments?post=70005"}],"version-history":[{"count":3,"href":"https:\/\/www.enerjigazetesi.ist\/en\/wp-json\/wp\/v2\/posts\/70005\/revisions"}],"predecessor-version":[{"id":70009,"href":"https:\/\/www.enerjigazetesi.ist\/en\/wp-json\/wp\/v2\/posts\/70005\/revisions\/70009"}],"wp:featuredmedia":[{"embeddable":true,"href":"https:\/\/www.enerjigazetesi.ist\/en\/wp-json\/wp\/v2\/media\/70006"}],"wp:attachment":[{"href":"https:\/\/www.enerjigazetesi.ist\/en\/wp-json\/wp\/v2\/media?parent=70005"}],"wp:term":[{"taxonomy":"category","embeddable":true,"href":"https:\/\/www.enerjigazetesi.ist\/en\/wp-json\/wp\/v2\/categories?post=70005"},{"taxonomy":"post_tag","embeddable":true,"href":"https:\/\/www.enerjigazetesi.ist\/en\/wp-json\/wp\/v2\/tags?post=70005"}],"curies":[{"name":"wp","href":"https:\/\/api.w.org\/{rel}","templated":true}]}}