{"id":69975,"date":"2017-12-13T11:22:34","date_gmt":"2017-12-13T08:22:34","guid":{"rendered":"https:\/\/www.enerjigazetesi.ist\/?p=69975"},"modified":"2017-12-13T11:22:34","modified_gmt":"2017-12-13T08:22:34","slug":"gersan-elektrik-teslanin-hizli-sarj-istasyonlarinin-uretimini-yapacak","status":"publish","type":"post","link":"https:\/\/www.enerjigazetesi.ist\/en\/gersan-elektrik-teslanin-hizli-sarj-istasyonlarinin-uretimini-yapacak\/","title":{"rendered":"(Turkish) Gersan Elektrik, Tesla\u2019n\u0131n H\u0131zl\u0131 \u015earj \u0130stasyonlar\u0131n\u0131n \u00dcretimini Yapacak"},"content":{"rendered":"<p class=\"qtranxs-available-languages-message qtranxs-available-languages-message-en\">Sorry, this entry is only available in <a href=\"https:\/\/www.enerjigazetesi.ist\/tr\/wp-json\/wp\/v2\/posts\/69975\" class=\"qtranxs-available-language-link qtranxs-available-language-link-tr\" title=\"Turkish\">Turkish<\/a>. For the sake of viewer convenience, the content is shown below in the alternative language. You may click the link to switch the active language.<\/p><p><strong>Elektrikli ara\u00e7 \u00fcreticisi Tesla\u2019n\u0131n h\u0131zl\u0131 \u015farj istasyonlar\u0131n\u0131 T\u00fcrk \u015firketi Gersan Elektrik \u00fcretecek. \u015eirketin Sat\u0131\u015f ve Pazarlama Direkt\u00f6r\u00fc Mustafa Serdar \u015ealc\u0131 yeni \u00fcretecekleri h\u0131zl\u0131 \u015farj istasyonundan bahsederek, \u201c15 ile 30 dakika aras\u0131nda arac\u0131n y\u00fczde 80\u2019nine<img loading=\"lazy\" class=\"alignright size-medium wp-image-63990\" src=\"https:\/\/www.enerjigazetesi.ist\/wp-content\/uploads\/2017\/05\/tesladan-turkiye-icin-10-yeni-supercharger-istasyonu-300x164.jpg\" alt=\"\" width=\"300\" height=\"164\" srcset=\"https:\/\/www.enerjigazetesi.ist\/wp-content\/uploads\/2017\/05\/tesladan-turkiye-icin-10-yeni-supercharger-istasyonu-300x164.jpg 300w, https:\/\/www.enerjigazetesi.ist\/wp-content\/uploads\/2017\/05\/tesladan-turkiye-icin-10-yeni-supercharger-istasyonu-1024x562.jpg 1024w, https:\/\/www.enerjigazetesi.ist\/wp-content\/uploads\/2017\/05\/tesladan-turkiye-icin-10-yeni-supercharger-istasyonu-500x274.jpg 500w, https:\/\/www.enerjigazetesi.ist\/wp-content\/uploads\/2017\/05\/tesladan-turkiye-icin-10-yeni-supercharger-istasyonu-80x43.jpg 80w, https:\/\/www.enerjigazetesi.ist\/wp-content\/uploads\/2017\/05\/tesladan-turkiye-icin-10-yeni-supercharger-istasyonu.jpg 2048w\" sizes=\"(max-width: 300px) 100vw, 300px\" \/> varan batarya kapasitesini doldurabilmi\u015f olacak\u201d ifadelerini kulland\u0131.<\/strong><\/p>\n<p>Elon Musk\u2019\u0131n kurucu orta\u011f\u0131 ve CEO\u2019su oldu\u011fu elektrikli ara\u00e7 \u00fcreticisi Tesla Motors ile ge\u00e7en g\u00fcnlerde masaya oturan Gersan Elektrik, DC elektrikli ara\u00e7 \u015farj istasyonlar\u0131 \u00fcretimi ve montaj\u0131 ile ilgili olas\u0131 bir ticari ili\u015fkiyi de\u011ferlendirmek i\u00e7in s\u00f6zle\u015fme imzaland\u0131\u011f\u0131n\u0131 a\u00e7\u0131klad\u0131.<\/p>\n<p>Tesla lisans\u0131yla \u00fcretilecek h\u0131zl\u0131 \u015farj istasyonlar\u0131n\u0131n \u00f6zelliklerinden bahseden \u015ealc\u0131, \u201c\u00dcretece\u011fimiz istasyonlar DC \u015farj istasyonlar\u0131 dolay\u0131s\u0131yla normal \u015febeke geriliminden \u015farjdan farkl\u0131 olarak daha y\u00fcksek g\u00fc\u00e7lerle \u015farj i\u015flemini yap\u0131yor ki bunlar yakla\u015f\u0131k 50 ile 125 kilowatt aras\u0131nda de\u011fi\u015fkenlik g\u00f6stermektedir.&#8221; dedi.<\/p>","protected":false},"excerpt":{"rendered":"<p>Sorry, this entry is only available in Turkish. For the sake of viewer convenience, the content is shown below in the alternative language. You may click the link to switch the active language.Elektrikli ara\u00e7 \u00fcreticisi Tesla\u2019n\u0131n h\u0131zl\u0131 \u015farj istasyonlar\u0131n\u0131 T\u00fcrk \u015firketi Gersan Elektrik \u00fcretecek. \u015eirketin Sat\u0131\u015f ve Pazarlama Direkt\u00f6r\u00fc Mustafa Serdar \u015ealc\u0131 yeni \u00fcretecekleri h\u0131zl\u0131 [&hellip;]<\/p>\n","protected":false},"author":1,"featured_media":63990,"comment_status":"open","ping_status":"open","sticky":false,"template":"","format":"standard","meta":[],"categories":[51,53,157],"tags":[68,34979,26353,215,17750,19436,67,1009,36296,19437,21380],"views":1989,"_links":{"self":[{"href":"https:\/\/www.enerjigazetesi.ist\/en\/wp-json\/wp\/v2\/posts\/69975"}],"collection":[{"href":"https:\/\/www.enerjigazetesi.ist\/en\/wp-json\/wp\/v2\/posts"}],"about":[{"href":"https:\/\/www.enerjigazetesi.ist\/en\/wp-json\/wp\/v2\/types\/post"}],"author":[{"embeddable":true,"href":"https:\/\/www.enerjigazetesi.ist\/en\/wp-json\/wp\/v2\/users\/1"}],"replies":[{"embeddable":true,"href":"https:\/\/www.enerjigazetesi.ist\/en\/wp-json\/wp\/v2\/comments?post=69975"}],"version-history":[{"count":1,"href":"https:\/\/www.enerjigazetesi.ist\/en\/wp-json\/wp\/v2\/posts\/69975\/revisions"}],"predecessor-version":[{"id":69976,"href":"https:\/\/www.enerjigazetesi.ist\/en\/wp-json\/wp\/v2\/posts\/69975\/revisions\/69976"}],"wp:featuredmedia":[{"embeddable":true,"href":"https:\/\/www.enerjigazetesi.ist\/en\/wp-json\/wp\/v2\/media\/63990"}],"wp:attachment":[{"href":"https:\/\/www.enerjigazetesi.ist\/en\/wp-json\/wp\/v2\/media?parent=69975"}],"wp:term":[{"taxonomy":"category","embeddable":true,"href":"https:\/\/www.enerjigazetesi.ist\/en\/wp-json\/wp\/v2\/categories?post=69975"},{"taxonomy":"post_tag","embeddable":true,"href":"https:\/\/www.enerjigazetesi.ist\/en\/wp-json\/wp\/v2\/tags?post=69975"}],"curies":[{"name":"wp","href":"https:\/\/api.w.org\/{rel}","templated":true}]}}