{"id":69972,"date":"2017-12-13T10:48:53","date_gmt":"2017-12-13T07:48:53","guid":{"rendered":"https:\/\/www.enerjigazetesi.ist\/?p=69972"},"modified":"2017-12-13T10:48:53","modified_gmt":"2017-12-13T07:48:53","slug":"ingiltere-10-ayda-gunesten-turkiyenin-yuzde-40i-kadar-enerji-uretti","status":"publish","type":"post","link":"https:\/\/www.enerjigazetesi.ist\/en\/ingiltere-10-ayda-gunesten-turkiyenin-yuzde-40i-kadar-enerji-uretti\/","title":{"rendered":"(Turkish) &#8217;\u0130ngiltere&#8217; 10 Ayda, G\u00fcne\u015ften T\u00fcrkiye\u2019nin Y\u00fczde 40\u2019\u0131 Kadar Enerji \u00dcretti"},"content":{"rendered":"<p class=\"qtranxs-available-languages-message qtranxs-available-languages-message-en\">Sorry, this entry is only available in <a href=\"https:\/\/www.enerjigazetesi.ist\/tr\/wp-json\/wp\/v2\/posts\/69972\" class=\"qtranxs-available-language-link qtranxs-available-language-link-tr\" title=\"Turkish\">Turkish<\/a>. For the sake of viewer convenience, the content is shown below in the alternative language. You may click the link to switch the active language.<\/p><p><strong>G\u00fcne\u015fin en k\u0131t oldu\u011fu \u00fclkelerden \u0130ngiltere\u2019nin bu y\u0131l\u0131n ilk 10 ay\u0131nda g\u00fcne\u015f enerjisinden elde etti\u011fi g\u00fc\u00e7, T\u00fcrkiye\u2019nin bu y\u0131l i\u00e7inde \u00e7ok say\u0131da yat\u0131r\u0131m yapmas\u0131na kar\u015f\u0131n toplam g\u00fcne\u015f enerji g\u00fcc\u00fcn\u00fcn y\u00fczde 40\u2019\u0131na denk geliyor.<\/strong><\/p>\n<p>Birle\u015fik Krall\u0131k Ekonomi, Enerji ve Sanayi Stratejisi Bakanl\u0131\u011f\u0131 taraf\u0131ndan a\u00e7\u0131klanan verilere g\u00f6re 2017\u2019nin ilk 10 ay\u0131nda g\u00fcne\u015f elektri\u011fi g\u00fcc\u00fc 801 MW art\u0131\u015f g\u00f6sterdi. \u0130ngiltere\u2019de g\u00fcne\u015f enerjisine dayal\u0131 <img loading=\"lazy\" class=\"alignleft size-medium wp-image-69973\" src=\"https:\/\/www.enerjigazetesi.ist\/wp-content\/uploads\/2017\/12\/ingiltere-10-ayda-gunesten-turkiyenin-yuzde-40i-kadar-enerji-uretti-300x249.jpg\" alt=\"\" width=\"300\" height=\"249\" srcset=\"https:\/\/www.enerjigazetesi.ist\/wp-content\/uploads\/2017\/12\/ingiltere-10-ayda-gunesten-turkiyenin-yuzde-40i-kadar-enerji-uretti-300x249.jpg 300w, https:\/\/www.enerjigazetesi.ist\/wp-content\/uploads\/2017\/12\/ingiltere-10-ayda-gunesten-turkiyenin-yuzde-40i-kadar-enerji-uretti-481x400.jpg 481w, https:\/\/www.enerjigazetesi.ist\/wp-content\/uploads\/2017\/12\/ingiltere-10-ayda-gunesten-turkiyenin-yuzde-40i-kadar-enerji-uretti-60x50.jpg 60w, https:\/\/www.enerjigazetesi.ist\/wp-content\/uploads\/2017\/12\/ingiltere-10-ayda-gunesten-turkiyenin-yuzde-40i-kadar-enerji-uretti.jpg 550w\" sizes=\"(max-width: 300px) 100vw, 300px\" \/>elektrik \u00fcretim kapasitesinin Ekim ay\u0131 sonu itibariyle 12.605 MW\u2019ye y\u00fckseldi. \u00dclkemizde bulunan g\u00fcne\u015f enerji santrallerinin toplam kurulu g\u00fcc\u00fcn\u00fcn ise yeni d\u00fczenlemelerle y\u0131l sonunda 2.000 MW\u2019lara ula\u015fmas\u0131 bekleniyor.<\/p>\n<p>Verileri de\u011ferlendiren YP \u0130n\u015faat Y\u00f6netim Kurulu \u00dcyesi Osman Cem \u00c7ankaya, neredeyse y\u0131l\u0131n her g\u00fcn\u00fc havan\u0131n ya\u011fmurlu ve kasvetli oldu\u011fu \u0130ngiltere\u2019nin, g\u00fcne\u015f enerjisinden elektrik \u00fcretiminde \u00e7ok gerisinde kalmam\u0131z\u0131n vahim bir durum oldu\u011funu kaydetti.<\/p>\n<p>\u201cKaranl\u0131k \u00fclke\u201d olarak nitelenen \u0130ngiltere\u2019nin 10 ayda g\u00fcne\u015f enerjisinden elde etti\u011fi g\u00fcc\u00fcn T\u00fcrkiye\u2019nin toplam g\u00fcne\u015f enerji g\u00fcc\u00fcn\u00fcn y\u00fczde 40\u2019\u0131 kadar olmas\u0131n\u0131n enerji \u00fcretiminde daha \u00e7ok yol almam\u0131z gerekti\u011fini ortaya koydu\u011funu ifade eden \u00c7ankaya, \u015funlar\u0131 s\u00f6yledi:<\/p>\n<p>\u201cDo\u011fan\u0131n her konuda c\u00f6mert davrand\u0131\u011f\u0131 T\u00fcrkiye\u2019de \u201cg\u00fcne\u015fin\u201d hakk\u0131n\u0131 ne yaz\u0131k ki veremiyoruz. Biz YP \u0130n\u015faat olarak yapt\u0131\u011f\u0131m\u0131z l\u00fcks konut projeleri alt yap\u0131 yat\u0131r\u0131mlar\u0131 kadar YP Enerji ile g\u00fcne\u015f enerjisi konusunda da ciddi \u00e7al\u0131\u015fmalarda bulunuyoruz. Emlak Konutla birlikte y\u00fcr\u00fctt\u00fc\u011f\u00fcm\u00fcz Koordinat \u00c7ayyolu Projemizde, g\u00fcne\u015f enerjisinden en iyi \u015fekilde yararlan\u0131yoruz. Projemizde, kurgulad\u0131\u011f\u0131m\u0131z t\u00fcm sistemlerin do\u011faya ve insanlara maksimum fayda sa\u011flamas\u0131 ise her zaman \u00f6nceli\u011fimiz oldu. Ama bununla ilgili toplu bir seferberlik olmas\u0131 gerekti\u011fi d\u00fc\u015f\u00fcncemizi bir kez daha vurgulamak istiyorum. \u00c7\u00fcnk\u00fc d\u00fcnya \u00fczerindeki \u00fclkeler aras\u0131nda iklim ko\u015fullar\u0131 kar\u015f\u0131la\u015ft\u0131r\u0131ld\u0131\u011f\u0131nda, T\u00fcrkiye, g\u00fcne\u015f enerjisi a\u00e7\u0131s\u0131ndan en zengin kayna\u011fa sahip \u00fclkelerden biri. Ayn\u0131 zamanda h\u0131zla artan n\u00fcfus, b\u00fcy\u00fcyen ekonomi de enerji ihtiyac\u0131m\u0131z\u0131 her g\u00fcn daha da art\u0131r\u0131yor. Yenilenebilir enerji kaynaklar\u0131ndan, minimum sermaye ile maksimum sonu\u00e7 alabiliriz. Bu y\u0131l yat\u0131r\u0131mlar\u0131n kolayla\u015ft\u0131r\u0131lmas\u0131 konusundaki giri\u015fimlerin daha da artmas\u0131, \u00f6zellikle g\u00fcne\u015f enerjisinde bence \u00e7ok \u00fcz\u00fcc\u00fc olan geri kalm\u0131\u015fl\u0131\u011f\u0131m\u0131z\u0131n mutlaka sonland\u0131r\u0131lmas\u0131 gerekti\u011fine inan\u0131yorum.\u201d<\/p>\n<p>Osman Cem \u00c7ankaya, \u015firket olarak bu konudaki tutumlar\u0131n\u0131 ayn\u0131 zamanda \u00e7evreci yakla\u015f\u0131mlar\u0131ndan dolay\u0131 s\u00fcrd\u00fcreceklerinin de alt\u0131n\u0131 \u00e7izerek, \u201cG\u00fcne\u015f enerjisinin, \u00e7evreye zararl\u0131 duman, gaz, karbon monoksit, k\u00fck\u00fcrt ve radyasyon gibi olumsuz etkilerinin olmamas\u0131, ayn\u0131 zamanda sa\u011fl\u0131kl\u0131 bir gelecek i\u00e7in de \u00e7ok \u00f6nemli\u201d dedi.<\/p>","protected":false},"excerpt":{"rendered":"<p>Sorry, this entry is only available in Turkish. For the sake of viewer convenience, the content is shown below in the alternative language. You may click the link to switch the active language.G\u00fcne\u015fin en k\u0131t oldu\u011fu \u00fclkelerden \u0130ngiltere\u2019nin bu y\u0131l\u0131n ilk 10 ay\u0131nda g\u00fcne\u015f enerjisinden elde etti\u011fi g\u00fc\u00e7, T\u00fcrkiye\u2019nin bu y\u0131l i\u00e7inde \u00e7ok say\u0131da yat\u0131r\u0131m [&hellip;]<\/p>\n","protected":false},"author":1,"featured_media":69973,"comment_status":"open","ping_status":"open","sticky":false,"template":"","format":"standard","meta":[],"categories":[53,49,18007],"tags":[67,1009,23416,34925,23131,1092,36295],"views":1039,"_links":{"self":[{"href":"https:\/\/www.enerjigazetesi.ist\/en\/wp-json\/wp\/v2\/posts\/69972"}],"collection":[{"href":"https:\/\/www.enerjigazetesi.ist\/en\/wp-json\/wp\/v2\/posts"}],"about":[{"href":"https:\/\/www.enerjigazetesi.ist\/en\/wp-json\/wp\/v2\/types\/post"}],"author":[{"embeddable":true,"href":"https:\/\/www.enerjigazetesi.ist\/en\/wp-json\/wp\/v2\/users\/1"}],"replies":[{"embeddable":true,"href":"https:\/\/www.enerjigazetesi.ist\/en\/wp-json\/wp\/v2\/comments?post=69972"}],"version-history":[{"count":1,"href":"https:\/\/www.enerjigazetesi.ist\/en\/wp-json\/wp\/v2\/posts\/69972\/revisions"}],"predecessor-version":[{"id":69974,"href":"https:\/\/www.enerjigazetesi.ist\/en\/wp-json\/wp\/v2\/posts\/69972\/revisions\/69974"}],"wp:featuredmedia":[{"embeddable":true,"href":"https:\/\/www.enerjigazetesi.ist\/en\/wp-json\/wp\/v2\/media\/69973"}],"wp:attachment":[{"href":"https:\/\/www.enerjigazetesi.ist\/en\/wp-json\/wp\/v2\/media?parent=69972"}],"wp:term":[{"taxonomy":"category","embeddable":true,"href":"https:\/\/www.enerjigazetesi.ist\/en\/wp-json\/wp\/v2\/categories?post=69972"},{"taxonomy":"post_tag","embeddable":true,"href":"https:\/\/www.enerjigazetesi.ist\/en\/wp-json\/wp\/v2\/tags?post=69972"}],"curies":[{"name":"wp","href":"https:\/\/api.w.org\/{rel}","templated":true}]}}