{"id":69919,"date":"2017-12-11T11:31:37","date_gmt":"2017-12-11T08:31:37","guid":{"rendered":"https:\/\/www.enerjigazetesi.ist\/?p=69919"},"modified":"2017-12-11T11:31:37","modified_gmt":"2017-12-11T08:31:37","slug":"aksa-jenerator-misir-pazarindaki-varligini-guclendiriyor","status":"publish","type":"post","link":"https:\/\/www.enerjigazetesi.ist\/en\/aksa-jenerator-misir-pazarindaki-varligini-guclendiriyor\/","title":{"rendered":"(Turkish) AKSA Jenerat\u00f6r M\u0131s\u0131r Pazar\u0131ndaki Varl\u0131\u011f\u0131n\u0131 G\u00fc\u00e7lendiriyor"},"content":{"rendered":"<p class=\"qtranxs-available-languages-message qtranxs-available-languages-message-en\">Sorry, this entry is only available in <a href=\"https:\/\/www.enerjigazetesi.ist\/tr\/wp-json\/wp\/v2\/posts\/69919\" class=\"qtranxs-available-language-link qtranxs-available-language-link-tr\" title=\"Turkish\">Turkish<\/a>. For the sake of viewer convenience, the content is shown below in the alternative language. You may click the link to switch the active language.<\/p><p><strong>3-5 Aral\u0131k tarihleri aras\u0131nda Kahire\u2019de d\u00fczenlenen Electrix Fuar\u0131\u2019n\u0131n alt\u0131n sponsoru olan AKSA Jenerat\u00f6r M\u0131s\u0131r pazar\u0131ndaki yerini sa\u011flamla\u015ft\u0131rmaya devam ediyor.<\/strong><\/p>\n<p><img loading=\"lazy\" class=\"alignright size-medium wp-image-69920\" src=\"https:\/\/www.enerjigazetesi.ist\/wp-content\/uploads\/2017\/12\/aksa-jenerator-misir-pazarindaki-varligini-guclendiriyor-300x225.jpg\" alt=\"\" width=\"300\" height=\"225\" srcset=\"https:\/\/www.enerjigazetesi.ist\/wp-content\/uploads\/2017\/12\/aksa-jenerator-misir-pazarindaki-varligini-guclendiriyor-300x225.jpg 300w, https:\/\/www.enerjigazetesi.ist\/wp-content\/uploads\/2017\/12\/aksa-jenerator-misir-pazarindaki-varligini-guclendiriyor-768x576.jpg 768w, https:\/\/www.enerjigazetesi.ist\/wp-content\/uploads\/2017\/12\/aksa-jenerator-misir-pazarindaki-varligini-guclendiriyor-1024x768.jpg 1024w, https:\/\/www.enerjigazetesi.ist\/wp-content\/uploads\/2017\/12\/aksa-jenerator-misir-pazarindaki-varligini-guclendiriyor-500x375.jpg 500w, https:\/\/www.enerjigazetesi.ist\/wp-content\/uploads\/2017\/12\/aksa-jenerator-misir-pazarindaki-varligini-guclendiriyor-67x50.jpg 67w, https:\/\/www.enerjigazetesi.ist\/wp-content\/uploads\/2017\/12\/aksa-jenerator-misir-pazarindaki-varligini-guclendiriyor.jpg 1032w\" sizes=\"(max-width: 300px) 100vw, 300px\" \/><\/p>\n<p>AKSA Jenerat\u00f6r, 3-5 Aral\u0131k tarihleri aras\u0131nda M\u0131s\u0131r Kahire\u2019de d\u00fczenlenen Electrix Fuar\u0131\u2019na (Uluslararas\u0131 M\u0131s\u0131r Elektrik Enerji ve Ayd\u0131nlatma Fuar\u0131) alt\u0131n sponsor olarak kat\u0131ld\u0131. Otomasyon ve kontrol sistemleri, enerji y\u00f6netim sistemleri, enerji depolama ayg\u0131tlar\u0131, elektrik da\u011f\u0131t\u0131m ekipmanlar\u0131 gibi bir\u00e7ok \u00fcr\u00fcn\u00fcn sergilendi\u011fi fuarda AKSA Jenerat\u00f6r sekt\u00f6r profesyonelleriyle bir araya geldi.<\/p>\n<p><strong>M\u0131s\u0131r pazar\u0131n\u0131n \u00f6nemi bizim i\u00e7in \u00e7ok b\u00fcy\u00fck<\/strong><br \/>\nFuara ili\u015fkin bir de\u011ferlendirmede bulunan Aksa Jenerat\u00f6r CEO\u2019su Alper Peker, \u201cKuzey Afrika&#8217;n\u0131n b\u00fcy\u00fck ticaret merkezlerinden olan M\u0131s\u0131r bizim i\u00e7in \u00f6nemli bir pazar. \u00dcretiminin y\u00fczde 50\u2019sinden fazlas\u0131n\u0131 da 160 \u00fclkeye ihra\u00e7 eden global bir firma olarak, Afrika co\u011frafyas\u0131nda da kalitemizle yer almay\u0131 \u00e7ok \u00f6nemsiyoruz. Electrix Fuar\u0131 gibi sekt\u00f6r\u00fcn uzmanlar\u0131n\u0131 bir araya getiren bu \u00f6nemli organizasyonda yer almaktan dolay\u0131 mutluluk duyuyoruz. Afrika pazar\u0131ndaki varl\u0131\u011f\u0131m\u0131z\u0131 g\u00fc\u00e7lendirmeye devam edece\u011fiz. \u201d dedi.<\/p>","protected":false},"excerpt":{"rendered":"<p>Sorry, this entry is only available in Turkish. For the sake of viewer convenience, the content is shown below in the alternative language. You may click the link to switch the active language.3-5 Aral\u0131k tarihleri aras\u0131nda Kahire\u2019de d\u00fczenlenen Electrix Fuar\u0131\u2019n\u0131n alt\u0131n sponsoru olan AKSA Jenerat\u00f6r M\u0131s\u0131r pazar\u0131ndaki yerini sa\u011flamla\u015ft\u0131rmaya devam ediyor. AKSA Jenerat\u00f6r, 3-5 Aral\u0131k [&hellip;]<\/p>\n","protected":false},"author":1,"featured_media":69920,"comment_status":"open","ping_status":"open","sticky":false,"template":"","format":"standard","meta":[],"categories":[51,53],"tags":[12982,28913,36273,67,1009],"views":939,"_links":{"self":[{"href":"https:\/\/www.enerjigazetesi.ist\/en\/wp-json\/wp\/v2\/posts\/69919"}],"collection":[{"href":"https:\/\/www.enerjigazetesi.ist\/en\/wp-json\/wp\/v2\/posts"}],"about":[{"href":"https:\/\/www.enerjigazetesi.ist\/en\/wp-json\/wp\/v2\/types\/post"}],"author":[{"embeddable":true,"href":"https:\/\/www.enerjigazetesi.ist\/en\/wp-json\/wp\/v2\/users\/1"}],"replies":[{"embeddable":true,"href":"https:\/\/www.enerjigazetesi.ist\/en\/wp-json\/wp\/v2\/comments?post=69919"}],"version-history":[{"count":1,"href":"https:\/\/www.enerjigazetesi.ist\/en\/wp-json\/wp\/v2\/posts\/69919\/revisions"}],"predecessor-version":[{"id":69921,"href":"https:\/\/www.enerjigazetesi.ist\/en\/wp-json\/wp\/v2\/posts\/69919\/revisions\/69921"}],"wp:featuredmedia":[{"embeddable":true,"href":"https:\/\/www.enerjigazetesi.ist\/en\/wp-json\/wp\/v2\/media\/69920"}],"wp:attachment":[{"href":"https:\/\/www.enerjigazetesi.ist\/en\/wp-json\/wp\/v2\/media?parent=69919"}],"wp:term":[{"taxonomy":"category","embeddable":true,"href":"https:\/\/www.enerjigazetesi.ist\/en\/wp-json\/wp\/v2\/categories?post=69919"},{"taxonomy":"post_tag","embeddable":true,"href":"https:\/\/www.enerjigazetesi.ist\/en\/wp-json\/wp\/v2\/tags?post=69919"}],"curies":[{"name":"wp","href":"https:\/\/api.w.org\/{rel}","templated":true}]}}