{"id":69815,"date":"2017-12-07T12:17:58","date_gmt":"2017-12-07T09:17:58","guid":{"rendered":"https:\/\/www.enerjigazetesi.ist\/?p=69815"},"modified":"2017-12-07T12:17:58","modified_gmt":"2017-12-07T09:17:58","slug":"turk-telekom-saglik-ve-enerji-alanlarinda-yatirimlar-yapacak","status":"publish","type":"post","link":"https:\/\/www.enerjigazetesi.ist\/en\/turk-telekom-saglik-ve-enerji-alanlarinda-yatirimlar-yapacak\/","title":{"rendered":"(Turkish) T\u00fcrk Telekom Sa\u011fl\u0131k ve Enerji Alanlar\u0131nda Yat\u0131r\u0131mlar Yapacak"},"content":{"rendered":"<p class=\"qtranxs-available-languages-message qtranxs-available-languages-message-en\">Sorry, this entry is only available in <a href=\"https:\/\/www.enerjigazetesi.ist\/tr\/wp-json\/wp\/v2\/posts\/69815\" class=\"qtranxs-available-language-link qtranxs-available-language-link-tr\" title=\"Turkish\">Turkish<\/a>. For the sake of viewer convenience, the content is shown below in the alternative language. You may click the link to switch the active language.<\/p><p><strong>T\u00fcrk Telekom CEO\u2019su Paul Doany taraf\u0131ndan sa\u011fl\u0131k ve enerji sekt\u00f6rlerinde risk sermayesi yat\u0131r\u0131mlar\u0131 yap\u0131laca\u011f\u0131 s\u00f6ylendi. \u015eirketin yak\u0131nda 5 risk sermayesi yat\u0131r\u0131m\u0131 a\u00e7\u0131klayaca\u011f\u0131n\u0131 <img loading=\"lazy\" class=\"alignleft  wp-image-69816\" src=\"https:\/\/www.enerjigazetesi.ist\/wp-content\/uploads\/2017\/12\/turk-telekom-saglik-ve-enerji-alanlarinda-yatirimlar-yapacak-300x300.png\" alt=\"\" width=\"304\" height=\"244\" \/>bildiren Doany, bu 5 \u015firketteki hisse oranlar\u0131n\u0131n y\u00fczde 25 ile y\u00fczde 30 aras\u0131nda olaca\u011f\u0131n\u0131 dile getirdi.<\/strong><\/p>\n<p>T\u00fcrk Telekom, kas\u0131m ay\u0131 ortas\u0131nda risk sermayesi \u015firketi kuraca\u011f\u0131n\u0131 duyurmu\u015ftu. Di\u011fer taraftan Doany, T\u00fcrk Telekom i\u015ftirakleri i\u00e7in de halka arz\u0131n g\u00fcndemde oldu\u011fu ifade etti. Doany, \u201c\u0130\u015ftiraklerimizin de\u011ferini art\u0131r\u0131p borsada kote etmeyi d\u00fc\u015f\u00fcn\u00fcyoruz\u201d dedi.<\/p>\n<p>Doany ayr\u0131ca, T\u00fcrk Telekom\u2019un y\u00fczde 55\u2019lik pay\u0131na y\u00f6nelik olarak ise \u201cHisseyi kim al\u0131rsa yard\u0131m edebilmek ad\u0131na \u00f6ncelikle gelir b\u00fcy\u00fcmesi sa\u011flayabilecek 5 y\u0131ll\u0131k b\u00fcy\u00fcme plan\u0131 ortaya koymal\u0131. Bu hisseleri alan \u00e7ok mutlu olacakt\u0131r. S\u00fcre\u00e7, Ota\u015f\u2019a kredi veren bankalar taraf\u0131ndan y\u00f6netiliyor. Son de\u011ferlemeye g\u00f6re kredilerle ilgili onlar\u0131n zarar yazmas\u0131 gerekiyor. Bu hisseleri kim al\u0131rsa 1-2 y\u0131la y\u00fcksek geri d\u00f6n\u00fc\u015f alacak. T\u00fcrk Telekom\u2019a yat\u0131r\u0131m yapan 1 y\u0131lda y\u00fcksek de\u011fer sa\u011flar\u201d ifadelerini kulland\u0131.<\/p>","protected":false},"excerpt":{"rendered":"<p>Sorry, this entry is only available in Turkish. For the sake of viewer convenience, the content is shown below in the alternative language. You may click the link to switch the active language.T\u00fcrk Telekom CEO\u2019su Paul Doany taraf\u0131ndan sa\u011fl\u0131k ve enerji sekt\u00f6rlerinde risk sermayesi yat\u0131r\u0131mlar\u0131 yap\u0131laca\u011f\u0131 s\u00f6ylendi. \u015eirketin yak\u0131nda 5 risk sermayesi yat\u0131r\u0131m\u0131 a\u00e7\u0131klayaca\u011f\u0131n\u0131 bildiren [&hellip;]<\/p>\n","protected":false},"author":1,"featured_media":69816,"comment_status":"open","ping_status":"open","sticky":false,"template":"","format":"standard","meta":[],"categories":[53],"tags":[67,1009,117,36240,2526],"views":1495,"_links":{"self":[{"href":"https:\/\/www.enerjigazetesi.ist\/en\/wp-json\/wp\/v2\/posts\/69815"}],"collection":[{"href":"https:\/\/www.enerjigazetesi.ist\/en\/wp-json\/wp\/v2\/posts"}],"about":[{"href":"https:\/\/www.enerjigazetesi.ist\/en\/wp-json\/wp\/v2\/types\/post"}],"author":[{"embeddable":true,"href":"https:\/\/www.enerjigazetesi.ist\/en\/wp-json\/wp\/v2\/users\/1"}],"replies":[{"embeddable":true,"href":"https:\/\/www.enerjigazetesi.ist\/en\/wp-json\/wp\/v2\/comments?post=69815"}],"version-history":[{"count":1,"href":"https:\/\/www.enerjigazetesi.ist\/en\/wp-json\/wp\/v2\/posts\/69815\/revisions"}],"predecessor-version":[{"id":69817,"href":"https:\/\/www.enerjigazetesi.ist\/en\/wp-json\/wp\/v2\/posts\/69815\/revisions\/69817"}],"wp:featuredmedia":[{"embeddable":true,"href":"https:\/\/www.enerjigazetesi.ist\/en\/wp-json\/wp\/v2\/media\/69816"}],"wp:attachment":[{"href":"https:\/\/www.enerjigazetesi.ist\/en\/wp-json\/wp\/v2\/media?parent=69815"}],"wp:term":[{"taxonomy":"category","embeddable":true,"href":"https:\/\/www.enerjigazetesi.ist\/en\/wp-json\/wp\/v2\/categories?post=69815"},{"taxonomy":"post_tag","embeddable":true,"href":"https:\/\/www.enerjigazetesi.ist\/en\/wp-json\/wp\/v2\/tags?post=69815"}],"curies":[{"name":"wp","href":"https:\/\/api.w.org\/{rel}","templated":true}]}}