{"id":69726,"date":"2017-12-04T11:42:36","date_gmt":"2017-12-04T08:42:36","guid":{"rendered":"https:\/\/www.enerjigazetesi.ist\/?p=69726"},"modified":"2017-12-04T11:42:36","modified_gmt":"2017-12-04T08:42:36","slug":"enerjimi-koruyorum-projesi-enerjisaya-yeni-bir-odul-getirdi","status":"publish","type":"post","link":"https:\/\/www.enerjigazetesi.ist\/en\/enerjimi-koruyorum-projesi-enerjisaya-yeni-bir-odul-getirdi\/","title":{"rendered":"(Turkish) \u2018Enerjimi Koruyorum\u2019 Projesi Enerjisa\u2019ya Yeni Bir \u00d6d\u00fcl Getirdi!"},"content":{"rendered":"<p class=\"qtranxs-available-languages-message qtranxs-available-languages-message-en\">Sorry, this entry is only available in <a href=\"https:\/\/www.enerjigazetesi.ist\/tr\/wp-json\/wp\/v2\/posts\/69726\" class=\"qtranxs-available-language-link qtranxs-available-language-link-tr\" title=\"Turkish\">Turkish<\/a>. For the sake of viewer convenience, the content is shown below in the alternative language. You may click the link to switch the active language.<\/p><p><strong>Enerjisa, \u2018D\u00fcnyan\u0131n Enerjisini Ben Koruyorum!\u2019 projesi ile T\u00fcrkiye Kurumsal Sosyal Sorumluluk Derne\u011fi (TKSSD) taraf\u0131ndan bu y\u0131l dokuzuncusu d\u00fczenlenen Kurumsal Sosyal Sorumluluk Pazaryeri Etkinli\u011fi kapsam\u0131nda \u2018Sorumlu T\u00fcketim ve \u00dcretim\u2019 kategorisinde \u00f6d\u00fcle lay\u0131k g\u00f6r\u00fcld\u00fc.<\/strong><\/p>\n<p>T\u00fcrkiye enerji sekt\u00f6r\u00fcn\u00fcn \u00f6nc\u00fc \u015firketi Enerjisa, enerji verimlili\u011fi alan\u0131nda y\u00fcr\u00fctt\u00fc\u011f\u00fc sosyal sorumluluk projesi \u2018Enerjimi Koruyorum\u2019 ile toplumda fark\u0131ndal\u0131k yarat\u0131rken, alan\u0131ndaki \u00f6nemli \u00f6d\u00fclleri de <img loading=\"lazy\" class=\"alignright size-medium wp-image-69727\" src=\"https:\/\/www.enerjigazetesi.ist\/wp-content\/uploads\/2017\/12\/enerjimi-koruyorum-projesi-enerjisaya-yeni-bir-odul-getirdi-300x200.jpg\" alt=\"\" width=\"300\" height=\"200\" srcset=\"https:\/\/www.enerjigazetesi.ist\/wp-content\/uploads\/2017\/12\/enerjimi-koruyorum-projesi-enerjisaya-yeni-bir-odul-getirdi-300x200.jpg 300w, https:\/\/www.enerjigazetesi.ist\/wp-content\/uploads\/2017\/12\/enerjimi-koruyorum-projesi-enerjisaya-yeni-bir-odul-getirdi-500x334.jpg 500w, https:\/\/www.enerjigazetesi.ist\/wp-content\/uploads\/2017\/12\/enerjimi-koruyorum-projesi-enerjisaya-yeni-bir-odul-getirdi-75x50.jpg 75w, https:\/\/www.enerjigazetesi.ist\/wp-content\/uploads\/2017\/12\/enerjimi-koruyorum-projesi-enerjisaya-yeni-bir-odul-getirdi.jpg 622w\" sizes=\"(max-width: 300px) 100vw, 300px\" \/>toplamaya devam ediyor.<\/p>\n<p>Enerjisa\u2019n\u0131n yedi y\u0131ld\u0131r aral\u0131ks\u0131z s\u00fcrd\u00fcrd\u00fc\u011f\u00fc \u2018Enerjimi Koruyorum\u2019 projesi, T\u00fcrkiye Kurumsal Sosyal Sorumluluk Derne\u011fi\u2019nin d\u00fczenledi\u011fi <strong>S\u00fcrd\u00fcr\u00fclebilir Kalk\u0131nma Akademi \u00d6d\u00fclleri<\/strong>&#8216;nde bu y\u0131l <strong>&#8216;Sorumlu T\u00fcketim ve \u00dcretim&#8217;<\/strong> kategorisi \u00f6d\u00fcl\u00fcn\u00fcn sahibi oldu. \u2018Kurumsal Sosyal Sorumluluk ve S\u00fcrd\u00fcr\u00fclebilir Kalk\u0131nma Hedefleri\u2019 temas\u0131 alt\u0131nda 9. Kez d\u00fczenlenen Kurumsal Sosyal Sorumluluk Pazaryeri etkinli\u011fi, T\u00fcrkiye Kurumsal Sosyal Sorumluluk Derne\u011fi ve Cenevre merkezli S\u00fcrd\u00fcr\u00fclebilir Kalk\u0131nma Akademisi i\u015f birli\u011finde ger\u00e7ekle\u015ftirildi. Birle\u015fmi\u015f Milletler taraf\u0131ndan belirlenen 17 S\u00fcrd\u00fcr\u00fclebilir Kalk\u0131nma Hedefi (SKH) ile paralel dallarda ger\u00e7ekle\u015ftirilen <strong>S\u00fcrd\u00fcr\u00fclebilir Kalk\u0131nma Akademi \u00d6d\u00fclleri<\/strong> \u00fclkemizde ilk defa d\u00fczenlendi.<\/p>\n<p><strong>250 binden fazla \u00e7ocu\u011fa e\u011flenceli enerji tasarrufu e\u011fitimi<\/strong><\/p>\n<p>Enerjisa\u2019n\u0131n \u00e7ocuklarda enerji verimlili\u011fi konusunda fark\u0131ndal\u0131k olu\u015fturarak bilin\u00e7lendirmeyi ama\u00e7lad\u0131\u011f\u0131 \u2018Enerjimi Koruyorum\u2019 projesi Enerjisa\u2019n\u0131n AYEDA\u015e, Ba\u015fkent ve Toroslar elektrik da\u011f\u0131t\u0131m b\u00f6lgelerinde, 14 ilde ger\u00e7ekle\u015ftiriliyor. Al\u0131\u015fkanl\u0131klar\u0131n, \u00e7evre ve tasarruf konusunda fark\u0131ndal\u0131\u011f\u0131n olu\u015fmaya ba\u015flad\u0131\u011f\u0131 7-10 ya\u015f aral\u0131\u011f\u0131ndaki \u00e7ocuklara d\u00fczenlenen enerji verimlili\u011fi e\u011fitimleri onlar\u0131n dikkatini \u00e7ekebilecek, ilgi \u00e7ekici ve e\u011flenceli i\u00e7eriklerle haz\u0131rlan\u0131yor. Ayn\u0131 zamanda, Enerjisa\u2019n\u0131n g\u00f6n\u00fcll\u00fc \u00e7al\u0131\u015fanlar\u0131ndan olu\u015fan \u201cEnerjik G\u00f6n\u00fcller&#8221; taraf\u0131ndan ger\u00e7ekle\u015ftirilen e\u011fitimler ile sosyal sorumluluk bilinci kurum i\u00e7i k\u00fclt\u00fcrde de destekleniyor. Bug\u00fcne kadar <strong>14 ilde, 550 okulda, 330 g\u00f6n\u00fcll\u00fc \u00e7al\u0131\u015fan\u0131 ile 250 binden fazla \u00f6\u011frenciyle<\/strong> bulu\u015fulan projede e\u011fitimlere ek olarak, \u00e7ocuklar\u0131n \u00f6\u011frendikleri bilgileri peki\u015ftirebilecekleri \u201cBremen M\u0131z\u0131kac\u0131lar\u0131\u201d isimli bir tiyatro oyunu da sergileniyor. <strong>Bu y\u0131l 80 e\u011fitmen ile 2000&#8217;den fazla \u00f6\u011frenciye ula\u015farak<\/strong> projeyi \u00f6d\u00fclle ta\u00e7land\u0131ran Enerjisa, gelecek e\u011fitim-\u00f6\u011fretim y\u0131l\u0131nda Enerjimi Koruyorum projesini s\u00fcrd\u00fcrmeye devam edecek.<\/p>\n<p><strong>Projeye Avrupa\u2019dan da \u00f6d\u00fcl\u2026 <\/strong><\/p>\n<p>\u2018Enerjimi Koruyorum\u2019 projesi ile ge\u00e7en y\u0131l Stevie \u00d6d\u00fclleri\u2019nde \u2018Avrupa Y\u0131l\u0131n Sosyal Sorumluluk Program\u0131\u2019 kategorisinde G\u00fcm\u00fc\u015f Stevie \u00d6d\u00fcl\u00fc\u2019ne lay\u0131k g\u00f6r\u00fcld\u00fcklerini belirten <strong>Enerjisa Da\u011f\u0131t\u0131m \u015eirketleri Genel M\u00fcd\u00fcr\u00fc Murat P\u0131nar<\/strong> \u201c\u0130nsan i\u00e7in \u00e7al\u0131\u015f\u0131p yat\u0131r\u0131mlar\u0131m\u0131za devam ederken, gelece\u011fe katk\u0131 sa\u011flayaca\u011f\u0131na inand\u0131\u011f\u0131m\u0131z sosyal sorumluluk projelerine \u00f6nem veriyoruz. Bu y\u00fczden T\u00fcrkiye\u2019de en \u00f6nemli konulardan biri olan enerji verimlili\u011fi hakk\u0131nda kamuoyunda ve \u00f6zellikle ilkokul \u00f6\u011frencilerinde bilin\u00e7lendirme \u00e7al\u0131\u015fmalar\u0131m\u0131za a\u011f\u0131rl\u0131k verdik. Birle\u015fmi\u015f Milletlerin, uluslararas\u0131 standartlarda de\u011ferlendirdi\u011fi 17 S\u00fcrd\u00fcr\u00fclebilir kalk\u0131nma hedefinden \u201cSorumlu T\u00fcketim ve \u00dcretim\u201d kategorisinde \u00f6d\u00fcl almak bizler i\u00e7in \u00e7ok gurur verici. Ald\u0131\u011f\u0131m\u0131z bu de\u011ferli \u00f6d\u00fcl de do\u011fru yolda oldu\u011fumuzu g\u00f6sterdi\u011fi gibi, \u00f6n\u00fcm\u00fczdeki d\u00f6nemde de \u00e7al\u0131\u015fmalar\u0131m\u0131z\u0131 yayg\u0131nla\u015ft\u0131rmaya devam edece\u011fiz\u201d dedi.<\/p>\n<p><strong>Daha fazla \u00f6\u011frenciye ula\u015fmak i\u00e7in dijital kanallar da kullan\u0131l\u0131yor<\/strong><\/p>\n<p>Projeye \u00fclke genelinde daha fazla \u00f6\u011frenciye ula\u015fmak i\u00e7in dijital kanallar\u0131n kullan\u0131m\u0131n\u0131 da entegre edildi. Proje web sitesi \u00fczerinden (<a href=\"http:\/\/www.enerjimikoruyorum.org\/\">www.enerjimikoruyorum.org<\/a> ) ve \u201cEnerjimi Koruyorum\u201d Mobil uygulamas\u0131 ile \u00e7ocuklar enerji verimlili\u011fi oyununu oynayabiliyor, d\u00fcnyan\u0131n enerji kaynaklar\u0131yla ilgili bilgi ediniyor ve oyunlar yard\u0131m\u0131yla keyifli bir \u015fekilde k\u0131s\u0131tl\u0131 kaynaklar\u0131 nas\u0131l koruyabileceklerini \u00f6\u011freniyorlar.<\/p>","protected":false},"excerpt":{"rendered":"<p>Sorry, this entry is only available in Turkish. For the sake of viewer convenience, the content is shown below in the alternative language. You may click the link to switch the active language.Enerjisa, \u2018D\u00fcnyan\u0131n Enerjisini Ben Koruyorum!\u2019 projesi ile T\u00fcrkiye Kurumsal Sosyal Sorumluluk Derne\u011fi (TKSSD) taraf\u0131ndan bu y\u0131l dokuzuncusu d\u00fczenlenen Kurumsal Sosyal Sorumluluk Pazaryeri Etkinli\u011fi [&hellip;]<\/p>\n","protected":false},"author":1,"featured_media":69727,"comment_status":"open","ping_status":"open","sticky":false,"template":"","format":"standard","meta":[],"categories":[53],"tags":[36209,67,1009,34923,23311,482,422,36211,36210],"views":1183,"_links":{"self":[{"href":"https:\/\/www.enerjigazetesi.ist\/en\/wp-json\/wp\/v2\/posts\/69726"}],"collection":[{"href":"https:\/\/www.enerjigazetesi.ist\/en\/wp-json\/wp\/v2\/posts"}],"about":[{"href":"https:\/\/www.enerjigazetesi.ist\/en\/wp-json\/wp\/v2\/types\/post"}],"author":[{"embeddable":true,"href":"https:\/\/www.enerjigazetesi.ist\/en\/wp-json\/wp\/v2\/users\/1"}],"replies":[{"embeddable":true,"href":"https:\/\/www.enerjigazetesi.ist\/en\/wp-json\/wp\/v2\/comments?post=69726"}],"version-history":[{"count":1,"href":"https:\/\/www.enerjigazetesi.ist\/en\/wp-json\/wp\/v2\/posts\/69726\/revisions"}],"predecessor-version":[{"id":69728,"href":"https:\/\/www.enerjigazetesi.ist\/en\/wp-json\/wp\/v2\/posts\/69726\/revisions\/69728"}],"wp:featuredmedia":[{"embeddable":true,"href":"https:\/\/www.enerjigazetesi.ist\/en\/wp-json\/wp\/v2\/media\/69727"}],"wp:attachment":[{"href":"https:\/\/www.enerjigazetesi.ist\/en\/wp-json\/wp\/v2\/media?parent=69726"}],"wp:term":[{"taxonomy":"category","embeddable":true,"href":"https:\/\/www.enerjigazetesi.ist\/en\/wp-json\/wp\/v2\/categories?post=69726"},{"taxonomy":"post_tag","embeddable":true,"href":"https:\/\/www.enerjigazetesi.ist\/en\/wp-json\/wp\/v2\/tags?post=69726"}],"curies":[{"name":"wp","href":"https:\/\/api.w.org\/{rel}","templated":true}]}}