{"id":69704,"date":"2017-12-03T16:25:12","date_gmt":"2017-12-03T13:25:12","guid":{"rendered":"https:\/\/www.enerjigazetesi.ist\/?p=69704"},"modified":"2017-12-03T16:26:22","modified_gmt":"2017-12-03T13:26:22","slug":"kolenden-ilk-kez-elektrik-faturasinda-24-saat-tasarruf-modeli","status":"publish","type":"post","link":"https:\/\/www.enerjigazetesi.ist\/en\/kolenden-ilk-kez-elektrik-faturasinda-24-saat-tasarruf-modeli\/","title":{"rendered":"(Turkish) KOLEN\u2019den \u0130lk Kez Elektrik Faturas\u0131nda &#8217;24 Saat&#8217; Tasarruf Modeli"},"content":{"rendered":"<p class=\"qtranxs-available-languages-message qtranxs-available-languages-message-en\">Sorry, this entry is only available in <a href=\"https:\/\/www.enerjigazetesi.ist\/tr\/wp-json\/wp\/v2\/posts\/69704\" class=\"qtranxs-available-language-link qtranxs-available-language-link-tr\" title=\"Turkish\">Turkish<\/a>. For the sake of viewer convenience, the content is shown below in the alternative language. You may click the link to switch the active language.<\/p><p><\/p>\n<p class=\"m_8827785569043502265gmail-m_-2890871216160443048gmail-MsoNormal\" style=\"text-align: left;\" align=\"center\"><b>Abonelerine sadece elektrik tedarik eden de\u011fil, onlara ayn\u0131 zamanda \u00e7\u00f6z\u00fcm ortakl\u0131\u011f\u0131 sunan bir \u015firket olarak sekt\u00f6rde fark yaratt\u0131klar\u0131n\u0131 vurgulayan KOLEN Elektrik Genel M\u00fcd\u00fcr\u00fc Kaya U\u011fur Karayurt, \u201c24 Zamanl\u0131\u201d \u00f6deme modeliyle T\u00fcrkiye\u2019de bir ilke daha imza att\u0131klar\u0131n\u0131 s\u00f6yledi: \u201dYepyeni bir kullan\u0131m ve \u00fccretlendirme modeli geli\u015ftirdik. Sekt\u00f6rde malum oldu\u011fu \u00fczere \u00fc\u00e7 zamanl\u0131 kullan\u0131m ve \u00fccretlendirme de mevcuttu. Saatlik okuma yap\u0131labilen abonelerde biz biraz daha \u00f6teye g\u00f6t\u00fcr\u00fcp, yepyeni bir model sunuyor, \u201c24 Zamanl\u0131\u201d kullan\u0131m ve \u00fccretlendirmeyi teklif ediyoruz. Biz bu uygulama ile g\u00fcn\u00fc farkl\u0131 zamanlara b\u00f6lerek farkl\u0131 fiyatland\u0131rma sunuyoruz. Bu modelle abonelerimiz sadece verimlili\u011fe odaklanmakla kalm\u0131yor, ayn\u0131 zamanda elektri\u011fi de daha avantajl\u0131, daha iyi fiyatlarla kullanm\u0131\u015f oluyor.<\/b><b>\u00a0<\/b><\/p>\n<p><img loading=\"lazy\" class=\"alignleft size-medium wp-image-69705\" src=\"https:\/\/www.enerjigazetesi.ist\/wp-content\/uploads\/2017\/12\/kolenden-ilk-kez-elektrik-faturasinda-24-saat-tasarruf-modeli-300x225.jpg\" alt=\"\" width=\"300\" height=\"225\" srcset=\"https:\/\/www.enerjigazetesi.ist\/wp-content\/uploads\/2017\/12\/kolenden-ilk-kez-elektrik-faturasinda-24-saat-tasarruf-modeli-300x225.jpg 300w, https:\/\/www.enerjigazetesi.ist\/wp-content\/uploads\/2017\/12\/kolenden-ilk-kez-elektrik-faturasinda-24-saat-tasarruf-modeli-768x575.jpg 768w, https:\/\/www.enerjigazetesi.ist\/wp-content\/uploads\/2017\/12\/kolenden-ilk-kez-elektrik-faturasinda-24-saat-tasarruf-modeli-500x375.jpg 500w, https:\/\/www.enerjigazetesi.ist\/wp-content\/uploads\/2017\/12\/kolenden-ilk-kez-elektrik-faturasinda-24-saat-tasarruf-modeli-67x50.jpg 67w, https:\/\/www.enerjigazetesi.ist\/wp-content\/uploads\/2017\/12\/kolenden-ilk-kez-elektrik-faturasinda-24-saat-tasarruf-modeli.jpg 1008w\" sizes=\"(max-width: 300px) 100vw, 300px\" \/><\/p>\n<p class=\"m_8827785569043502265gmail-m_-2890871216160443048gmail-MsoNormal\">Elektrik piyasas\u0131n\u0131n serbestle\u015fmeye ba\u015flamas\u0131yla birlikte h\u0131zl\u0131 hareket ederek ger\u00e7ekle\u015ftirdi\u011fi teknolojik at\u0131l\u0131mlarla sekt\u00f6re ilkleri kazand\u0131ran KOLEN Elektrik, abonelerine sundu\u011fu \u00e7\u00f6z\u00fcm ortakl\u0131\u011f\u0131yla da sekt\u00f6r\u00fcn bir ad\u0131m \u00f6n\u00fcnden ilerliyor. Bu kapsamda\u00a0<b>\u201cHer Aboneye Bir Dan\u0131\u015fman\u201d<\/b>,\u00a0<b>\u201cWhatsApp\u2019tan Elektrik\u201d<\/b>,\u00a0<b>\u201c\u00d6n \u00d6demeli Elektrik\u201d<\/b>,\u00a0<b>\u201c<\/b><a href=\"http:\/\/www.faturaniyolla.com\/\" target=\"_blank\" rel=\"noopener\" data-saferedirecturl=\"https:\/\/www.google.com\/url?hl=tr&amp;q=http:\/\/www.faturaniyolla.com\/&amp;source=gmail&amp;ust=1512393394324000&amp;usg=AFQjCNH3xFxiIeMudEg4GCEtm43Nv48BVQ\"><b>www.faturaniyolla.<wbr><\/wbr>com<\/b><\/a><span class=\"m_8827785569043502265gmail-m_-2890871216160443048gmail-MsoHyperlink\"><b>\u201d<\/b><\/span>gibi hizmetleri sekt\u00f6re kazand\u0131ran \u015firket, yine sekt\u00f6rde bir ilk olarak\u00a0<b>\u201c24 Zamanl\u0131\u201d<\/b>uygulamay\u0131 da abonelerine sunmaya haz\u0131rlan\u0131yor. \u015eirketin yeni hedefleri ve sekt\u00f6r\u00fcn en yeni uygulamas\u0131 olan \u201c24 Zamanl\u0131\u201dn\u0131n detaylar\u0131n\u0131n aktar\u0131ld\u0131\u011f\u0131 bas\u0131n toplant\u0131s\u0131nda konu\u015fan\u00a0<b>KOLEN Elektrik Genel M\u00fcd\u00fcr\u00fc Kaya U\u011fur Karayurt,\u00a0<\/b>sekt\u00f6re ili\u015fkin de\u011ferlendirmede bulunarak\u00a0bas\u0131n mensuplar\u0131n\u0131n sorular\u0131n\u0131 yan\u0131tlad\u0131.<u><\/u><\/p>\n<p class=\"m_8827785569043502265gmail-m_-2890871216160443048gmail-MsoNormal\"><b>Teknolojik a\u00e7\u0131l\u0131m d\u00f6nemi ba\u015flatt\u0131<\/b><\/p>\n<p class=\"m_8827785569043502265gmail-m_-2890871216160443048gmail-MsoNormal\">Konu\u015fmas\u0131nda KOLEN Elektrik\u2019in\u00a0sadece yedi\u00a0y\u0131l \u00f6nce kurulmas\u0131na ra\u011fmen h\u0131zl\u0131 bir b\u00fcy\u00fcme performans\u0131 sergileyen bir \u015firket olarak, sekt\u00f6rdeki \u00f6nc\u00fc misyonuyla emin ad\u0131mlarla ilerledi\u011fini vurgulayan Karayurt, \u00f6zellikle elektrik piyasas\u0131n\u0131n serbestle\u015fmeye ba\u015flamas\u0131yla birlikte en h\u0131zl\u0131 hareket ederek teknolojik a\u00e7\u0131l\u0131m d\u00f6nemi ba\u015flatan \u015firket olarak \u00f6n plana \u00e7\u0131kt\u0131klar\u0131n\u0131 kaydetti.<\/p>\n<p class=\"m_8827785569043502265gmail-m_-2890871216160443048gmail-MsoNormal\"><b>Abonelerinin \u00e7\u00f6z\u00fcm orta\u011f\u0131<\/b><\/p>\n<p class=\"m_8827785569043502265gmail-m_-2890871216160443048gmail-MsoNormal\">\u201cHer Aboneye Bir Dan\u0131\u015fman\u201d, \u201cWhatsapp\u2019tan elektrik\u201d, \u201c\u00d6n \u00d6demeli Elektrik\u201d, \u201c<a href=\"http:\/\/www.faturaniyolla.com\/\" target=\"_blank\" rel=\"noopener\" data-saferedirecturl=\"https:\/\/www.google.com\/url?hl=tr&amp;q=http:\/\/www.faturaniyolla.com\/&amp;source=gmail&amp;ust=1512393394324000&amp;usg=AFQjCNH3xFxiIeMudEg4GCEtm43Nv48BVQ\">www.faturaniyolla.com<\/a><span class=\"m_8827785569043502265gmail-m_-2890871216160443048gmail-MsoHyperlink\">\u201d gibi\u00a0<\/span>uygulamalar arac\u0131l\u0131\u011f\u0131yla t\u00fcketicilerin taleplerini en iyi \u015fekilde kar\u015f\u0131lad\u0131klar\u0131n\u0131 belirten Karayurt, s\u00f6zlerini \u015f\u00f6yle s\u00fcrd\u00fcrd\u00fc:<\/p>\n<p class=\"m_8827785569043502265gmail-m_-2890871216160443048gmail-MsoNormal\">\u201cT\u00fcrkiye\u2019ye kazand\u0131rd\u0131\u011f\u0131m\u0131z bu ilkler arac\u0131l\u0131\u011f\u0131yla abonelerimiz, g\u00fcn\u00fcn 24 saati istedikleri an kendilerinin hizmetlerine sundu\u011fumuz dan\u0131\u015fmanlar\u0131na Whatsapp \u00fczerinden ula\u015fabiliyor. Cep telefonundan elektrik faturas\u0131n\u0131n foto\u011fraf\u0131n\u0131\u00a0<a href=\"http:\/\/faturaniyolla.com\/\" target=\"_blank\" rel=\"noopener\" data-saferedirecturl=\"https:\/\/www.google.com\/url?hl=tr&amp;q=http:\/\/faturaniyolla.com\/&amp;source=gmail&amp;ust=1512393394324000&amp;usg=AFQjCNHIm6hhwnQf98crFLSdheW-4GdnEw\">faturaniyolla.com<\/a>\u00a0<wbr><\/wbr>adl\u0131 mobil servise g\u00f6nderen aboneler, kendileri a\u00e7\u0131s\u0131ndan avantaj olabilecek her detay\u0131 \u00f6\u011frenme \u015fans\u0131na sahip olabiliyor. Onlara sundu\u011fumuz cazip paketlerden haberdar olabiliyor.\u201d<\/p>\n<p class=\"m_8827785569043502265gmail-m_-2890871216160443048gmail-MsoNormal\"><b>\u201c24 Zamanl\u0131\u201d uygulama ile y\u00fcksek faturan\u0131n \u00f6n\u00fcne ge\u00e7ecek<\/b><\/p>\n<p class=\"m_8827785569043502265gmail-m_-2890871216160443048gmail-MsoNormal\">Yeni piyasaya sunmaya haz\u0131rland\u0131klar\u0131 \u201c24 Zamanl\u0131\u201d uygulamas\u0131yla da elektrikte t\u00fcketicici tasarrufu a\u00e7\u0131s\u0131ndan T\u00fcrkiye\u2019de bir ilke imza att\u0131klar\u0131n\u0131 vurgulayan Karayurt, uygulama hakk\u0131nda \u015fu bilgileri payla\u015ft\u0131:<b><\/b><\/p>\n<p class=\"m_8827785569043502265gmail-m_-2890871216160443048gmail-MsoNormal\">\u201cT\u00fcketici taraf\u0131nda enerjiyi dengeli t\u00fcketmek kritik mesele. \u0130\u015fte bu sebeple yeni bir kullan\u0131m ve \u00fccretlendirme modeli geli\u015ftirdik. Sekt\u00f6rde malum oldu\u011fu \u00fczere \u00fc\u00e7 zamanl\u0131 kullan\u0131m ve \u00fccretlendirme de mevcuttu. Saatlik okuma yap\u0131labilen abonelerde biz biraz daha \u00f6teye g\u00f6t\u00fcr\u00fcp, yepyeni bir model sunuyor, \u201c24 Zamanl\u0131\u201d kullan\u0131m ve \u00fccretlendirmeyi teklif ediyoruz. Elektrikte t\u00fcketiminiz g\u00fcn i\u00e7erisinde saat saat de\u011fi\u015fiyor, her saat farkl\u0131 t\u00fcketim yap\u0131l\u0131yor. Biz bu uygulama ile g\u00fcn\u00fc farkl\u0131 zamanlara b\u00f6lerek farkl\u0131 fiyatland\u0131rma sunuyoruz. Bu modelle abonelerimiz sadece verimlili\u011fe odaklanmakla kalm\u0131yor, ayn\u0131 zamanda elektri\u011fi de daha avantajl\u0131, daha iyi fiyatlarla kullanm\u0131\u015f oluyor. Elektrik enerji ihtiyac\u0131 olan, teklif talep eden t\u00fcm t\u00fcketiciler \u015fu andan itibaren bize ula\u015f\u0131p, teklifimizin detaylar\u0131n\u0131 \u00f6\u011frenebilirler.\u201d<\/p>\n<p class=\"m_8827785569043502265gmail-m_-2890871216160443048gmail-MsoNormal\"><b>De\u011fi\u015fime KOLEN y\u00f6netimi<\/b><\/p>\n<p>Serbest t\u00fcketici uygulamas\u0131yla sekt\u00f6rde t\u00fcketici taleplerinin h\u0131zla de\u011fi\u015fti\u011fine ve bu de\u011fi\u015fime ayak uyduramayan \u015firketlerin yok olaca\u011f\u0131 bir d\u00f6nemin i\u00e7erisinde olduklar\u0131na i\u015faret eden Karayurt, \u201cBiz bu de\u011fi\u015fimi kendi b\u00fcnyemizde en iyi \u015fekilde y\u00f6netiyoruz. Ger\u00e7ekle\u015ftirdi\u011fimiz teknolojik a\u00e7\u0131l\u0131mlar, \u015firketimizin b\u00fcy\u00fcme performans\u0131na ciddi bir katma de\u011fer sa\u011fl\u0131yor. 2014 y\u0131l\u0131ndan bu yana sergiledi\u011fimiz y\u00fczl\u00fck bir b\u00fcy\u00fcme performans\u0131 bunun \u00e7ok a\u00e7\u0131k bir g\u00f6stergesini olu\u015fturuyor. Manisa\u2019da, yerli k\u00f6m\u00fcr kaynakl\u0131,\u00a0255 mw&#8217;lik iki \u00fcniteden toplamda\u00a0510 mw\u00a0kurulu g\u00fcce sahip 1.1 milyar dolarl\u0131k yat\u0131r\u0131m bedeline sahip olan termik santralimiz\u00a02018 ilk yar\u0131s\u0131nda devreye girecek.1.5 milyar dolarl\u0131k yat\u0131r\u0131mla yap\u0131m\u0131 s\u00fcren \u00c7ay\u0131rhan Termik Santrali ise tamamland\u0131\u011f\u0131nda 800 mw\u00a0g\u00fc\u00e7le hizmet verecek\u201d diye belirtti.<\/p>","protected":false},"excerpt":{"rendered":"<p>Sorry, this entry is only available in Turkish. For the sake of viewer convenience, the content is shown below in the alternative language. You may click the link to switch the active language. Abonelerine sadece elektrik tedarik eden de\u011fil, onlara ayn\u0131 zamanda \u00e7\u00f6z\u00fcm ortakl\u0131\u011f\u0131 sunan bir \u015firket olarak sekt\u00f6rde fark yaratt\u0131klar\u0131n\u0131 vurgulayan KOLEN Elektrik Genel [&hellip;]<\/p>\n","protected":false},"author":1,"featured_media":69705,"comment_status":"open","ping_status":"open","sticky":false,"template":"","format":"standard","meta":[],"categories":[51,53],"tags":[34979,36201,26353,67,1009,36202,36200,5404],"views":1357,"_links":{"self":[{"href":"https:\/\/www.enerjigazetesi.ist\/en\/wp-json\/wp\/v2\/posts\/69704"}],"collection":[{"href":"https:\/\/www.enerjigazetesi.ist\/en\/wp-json\/wp\/v2\/posts"}],"about":[{"href":"https:\/\/www.enerjigazetesi.ist\/en\/wp-json\/wp\/v2\/types\/post"}],"author":[{"embeddable":true,"href":"https:\/\/www.enerjigazetesi.ist\/en\/wp-json\/wp\/v2\/users\/1"}],"replies":[{"embeddable":true,"href":"https:\/\/www.enerjigazetesi.ist\/en\/wp-json\/wp\/v2\/comments?post=69704"}],"version-history":[{"count":2,"href":"https:\/\/www.enerjigazetesi.ist\/en\/wp-json\/wp\/v2\/posts\/69704\/revisions"}],"predecessor-version":[{"id":69707,"href":"https:\/\/www.enerjigazetesi.ist\/en\/wp-json\/wp\/v2\/posts\/69704\/revisions\/69707"}],"wp:featuredmedia":[{"embeddable":true,"href":"https:\/\/www.enerjigazetesi.ist\/en\/wp-json\/wp\/v2\/media\/69705"}],"wp:attachment":[{"href":"https:\/\/www.enerjigazetesi.ist\/en\/wp-json\/wp\/v2\/media?parent=69704"}],"wp:term":[{"taxonomy":"category","embeddable":true,"href":"https:\/\/www.enerjigazetesi.ist\/en\/wp-json\/wp\/v2\/categories?post=69704"},{"taxonomy":"post_tag","embeddable":true,"href":"https:\/\/www.enerjigazetesi.ist\/en\/wp-json\/wp\/v2\/tags?post=69704"}],"curies":[{"name":"wp","href":"https:\/\/api.w.org\/{rel}","templated":true}]}}