{"id":69686,"date":"2017-12-02T17:09:44","date_gmt":"2017-12-02T14:09:44","guid":{"rendered":"https:\/\/www.enerjigazetesi.ist\/?p=69686"},"modified":"2017-12-02T17:10:16","modified_gmt":"2017-12-02T14:10:16","slug":"opecin-petrol-uretimini-kisitlanma-anlasmasi-2018in-sonuna-kadar-uzatildi","status":"publish","type":"post","link":"https:\/\/www.enerjigazetesi.ist\/en\/opecin-petrol-uretimini-kisitlanma-anlasmasi-2018in-sonuna-kadar-uzatildi\/","title":{"rendered":"(Turkish) Petrol \u00dcretimi K\u0131s\u0131tlanma Anla\u015fmas\u0131 2018\u2019in Sonuna Kadar Uzat\u0131ld\u0131"},"content":{"rendered":"<p class=\"qtranxs-available-languages-message qtranxs-available-languages-message-en\">Sorry, this entry is only available in <a href=\"https:\/\/www.enerjigazetesi.ist\/tr\/wp-json\/wp\/v2\/posts\/69686\" class=\"qtranxs-available-language-link qtranxs-available-language-link-tr\" title=\"Turkish\">Turkish<\/a>. For the sake of viewer convenience, the content is shown below in the alternative language. You may click the link to switch the active language.<\/p><p><strong>Suudi Arabistan Petrol Bakan\u0131 ve Petrol \u0130hra\u00e7 Eden \u00dclkeler \u00d6rg\u00fct\u00fc (OPEC) Konferans\u0131 Ba\u015fkan\u0131 Halid El-Falih taraf\u0131ndan \u201cAnla\u015fmay\u0131, 2018\u2019in aral\u0131k ay\u0131na kadar uzatma karar\u0131<img loading=\"lazy\" class=\"alignright size-medium wp-image-39357\" src=\"https:\/\/www.enerjigazetesi.ist\/wp-content\/uploads\/2015\/05\/opec-petrol-talep-tahminini-yukseltti-300x201.jpg\" alt=\"\" width=\"300\" height=\"201\" srcset=\"https:\/\/www.enerjigazetesi.ist\/wp-content\/uploads\/2015\/05\/opec-petrol-talep-tahminini-yukseltti-300x201.jpg 300w, https:\/\/www.enerjigazetesi.ist\/wp-content\/uploads\/2015\/05\/opec-petrol-talep-tahminini-yukseltti-74x50.jpg 74w, https:\/\/www.enerjigazetesi.ist\/wp-content\/uploads\/2015\/05\/opec-petrol-talep-tahminini-yukseltti.jpg 448w\" sizes=\"(max-width: 300px) 100vw, 300px\" \/> ald\u0131k. 2018\u2019in ocak ay\u0131ndan itibaren aral\u0131k ay\u0131na kadar uzatmay\u0131 kararla\u015ft\u0131rd\u0131\u011f\u0131m\u0131z anla\u015fmaya, b\u00fct\u00fcn \u00fcye \u00fclkeler riayet etmek durumundad\u0131r.\u201d denildi.<\/strong><\/p>\n<p>Ge\u00e7en kas\u0131m ay\u0131nda al\u0131nan tarihi karar\u0131n \u00f6nemini belirten El-Falih, bir y\u0131ll\u0131k zaman zarf\u0131nda OPEC \u00fcyesi ve \u00fcye olmayan petrol \u00fcreticisi \u00fclkelerle yak\u0131n i\u015f birli\u011fi i\u00e7erisinde petrol piyasalar\u0131nda istikrar ve yat\u0131r\u0131m\u0131 artt\u0131rmak i\u00e7in \u00e7al\u0131\u015ft\u0131klar\u0131n\u0131 ifade etti.<\/p>\n<p>Petrol \u00fcretiminin haziran&#8217;dan itibaren 50 milyon varil azald\u0131\u011f\u0131n\u0131 s\u00f6yleyen El Falih, son 5 y\u0131ll\u0131k ortalama seviyeye ula\u015f\u0131lmas\u0131 i\u00e7in \u00f6nemli bir ivme kaydedildi\u011fini de belirtti. EL Falih, 30\u2019a yak\u0131n \u00fclkenin bir araya gelerek, petrol \u00fcretici ve t\u00fcketicilerini g\u00f6z \u00f6n\u00fcnde bulundurarak bir karar ald\u0131klar\u0131n\u0131 dile getirdi.<\/p>","protected":false},"excerpt":{"rendered":"<p>Sorry, this entry is only available in Turkish. For the sake of viewer convenience, the content is shown below in the alternative language. You may click the link to switch the active language.Suudi Arabistan Petrol Bakan\u0131 ve Petrol \u0130hra\u00e7 Eden \u00dclkeler \u00d6rg\u00fct\u00fc (OPEC) Konferans\u0131 Ba\u015fkan\u0131 Halid El-Falih taraf\u0131ndan \u201cAnla\u015fmay\u0131, 2018\u2019in aral\u0131k ay\u0131na kadar uzatma karar\u0131 [&hellip;]<\/p>\n","protected":false},"author":1,"featured_media":32754,"comment_status":"open","ping_status":"open","sticky":false,"template":"","format":"standard","meta":[],"categories":[53,44],"tags":[67,1009,32917,1377,36193,34935,6790,34937,34936,1369,36194],"views":802,"_links":{"self":[{"href":"https:\/\/www.enerjigazetesi.ist\/en\/wp-json\/wp\/v2\/posts\/69686"}],"collection":[{"href":"https:\/\/www.enerjigazetesi.ist\/en\/wp-json\/wp\/v2\/posts"}],"about":[{"href":"https:\/\/www.enerjigazetesi.ist\/en\/wp-json\/wp\/v2\/types\/post"}],"author":[{"embeddable":true,"href":"https:\/\/www.enerjigazetesi.ist\/en\/wp-json\/wp\/v2\/users\/1"}],"replies":[{"embeddable":true,"href":"https:\/\/www.enerjigazetesi.ist\/en\/wp-json\/wp\/v2\/comments?post=69686"}],"version-history":[{"count":3,"href":"https:\/\/www.enerjigazetesi.ist\/en\/wp-json\/wp\/v2\/posts\/69686\/revisions"}],"predecessor-version":[{"id":69689,"href":"https:\/\/www.enerjigazetesi.ist\/en\/wp-json\/wp\/v2\/posts\/69686\/revisions\/69689"}],"wp:featuredmedia":[{"embeddable":true,"href":"https:\/\/www.enerjigazetesi.ist\/en\/wp-json\/wp\/v2\/media\/32754"}],"wp:attachment":[{"href":"https:\/\/www.enerjigazetesi.ist\/en\/wp-json\/wp\/v2\/media?parent=69686"}],"wp:term":[{"taxonomy":"category","embeddable":true,"href":"https:\/\/www.enerjigazetesi.ist\/en\/wp-json\/wp\/v2\/categories?post=69686"},{"taxonomy":"post_tag","embeddable":true,"href":"https:\/\/www.enerjigazetesi.ist\/en\/wp-json\/wp\/v2\/tags?post=69686"}],"curies":[{"name":"wp","href":"https:\/\/api.w.org\/{rel}","templated":true}]}}