{"id":69632,"date":"2017-11-30T15:33:30","date_gmt":"2017-11-30T12:33:30","guid":{"rendered":"https:\/\/www.enerjigazetesi.ist\/?p=69632"},"modified":"2017-11-30T15:33:30","modified_gmt":"2017-11-30T12:33:30","slug":"radyoaktivite-tehdit-eden-seviyede-olsaydi-uyari-sistemi-alarma-gecerdi","status":"publish","type":"post","link":"https:\/\/www.enerjigazetesi.ist\/en\/radyoaktivite-tehdit-eden-seviyede-olsaydi-uyari-sistemi-alarma-gecerdi\/","title":{"rendered":"(Turkish) &#8221;Radyoaktivite Tehdit Eden Seviyede Olsayd\u0131 Uyar\u0131 Sistemi Alarma Ge\u00e7erdi&#8221;"},"content":{"rendered":"<p class=\"qtranxs-available-languages-message qtranxs-available-languages-message-en\">Sorry, this entry is only available in <a href=\"https:\/\/www.enerjigazetesi.ist\/tr\/wp-json\/wp\/v2\/posts\/69632\" class=\"qtranxs-available-language-link qtranxs-available-language-link-tr\" title=\"Turkish\">Turkish<\/a>. For the sake of viewer convenience, the content is shown below in the alternative language. You may click the link to switch the active language.<\/p><p><strong>Rusya\u2019n\u0131n \u00c7elyabinsk b\u00f6lgesindeki Mayak N\u00fckleer Tesisi\u2019den s\u0131z\u0131nt\u0131 oldu\u011fu ve radyasyonlu bulutlar\u0131n T\u00fcrkiye\u2019ye geldi\u011fi iddias\u0131 toplumun bir kesiminde endi\u015feye neden olmu\u015ftu.<\/strong><\/p>\n<p>Meteoroloji Ajans\u0131, Ural Da\u011flar\u0131 \u00fczerindeki radyoaktivitenin \u00f6nemli oranda artt\u0131\u011f\u0131na ili\u015fkin raporu <img loading=\"lazy\" class=\"alignright size-medium wp-image-69633\" src=\"https:\/\/www.enerjigazetesi.ist\/wp-content\/uploads\/2017\/11\/radyoaktivite-tehdit-eden-seviyede-olsaydi-uyari-sistemi-alarma-gecerdi-300x220.jpg\" alt=\"\" width=\"300\" height=\"220\" srcset=\"https:\/\/www.enerjigazetesi.ist\/wp-content\/uploads\/2017\/11\/radyoaktivite-tehdit-eden-seviyede-olsaydi-uyari-sistemi-alarma-gecerdi-300x220.jpg 300w, https:\/\/www.enerjigazetesi.ist\/wp-content\/uploads\/2017\/11\/radyoaktivite-tehdit-eden-seviyede-olsaydi-uyari-sistemi-alarma-gecerdi-768x562.jpg 768w, https:\/\/www.enerjigazetesi.ist\/wp-content\/uploads\/2017\/11\/radyoaktivite-tehdit-eden-seviyede-olsaydi-uyari-sistemi-alarma-gecerdi-500x366.jpg 500w, https:\/\/www.enerjigazetesi.ist\/wp-content\/uploads\/2017\/11\/radyoaktivite-tehdit-eden-seviyede-olsaydi-uyari-sistemi-alarma-gecerdi-68x50.jpg 68w, https:\/\/www.enerjigazetesi.ist\/wp-content\/uploads\/2017\/11\/radyoaktivite-tehdit-eden-seviyede-olsaydi-uyari-sistemi-alarma-gecerdi.jpg 1000w\" sizes=\"(max-width: 300px) 100vw, 300px\" \/>do\u011frularken, Rusya Devlet N\u00fckleer Enerji Kurumu\u2019nun a\u00e7\u0131klamas\u0131nda ise, Rus n\u00fckleer tesislerinde atmosferdeki rutenyum-106 seviyesinin y\u00fckselmesine sebep olacak bir olay ya da kazan\u0131n meydana gelmedi\u011fi dile getirildi.<\/p>\n<p>Hacettepe \u00dcniversitesi N\u00fckleer Enerji M\u00fchendisli\u011fi B\u00f6l\u00fcm\u00fc \u00f6\u011fretim \u00fcyesi Do\u00e7. Dr. \u015eule Erg\u00fcn, T\u00fcrkiye Atom Enerjisi Kurumu verilerinde \u00f6nemli bir de\u011fi\u015fiklik ya\u015fanmamas\u0131na dikkat \u00e7ekerek: \u201cRadyasyon riskine kar\u015f\u0131 dikkatli bir \u015fekilde incelemeler yap\u0131lmal\u0131. Fransa i\u00e7in yap\u0131lan ciddi bir \u00e7al\u0131\u015fma mevcut. Orada tehdit edecek seviyeye ula\u015fmad\u0131\u011f\u0131 s\u00f6yleniyor. Bulutlar\u0131n hakim r\u00fczgarlar\u0131n etkisiyle Avrupa\u2019ya ula\u015ft\u0131\u011f\u0131 g\u00f6r\u00fcl\u00fcyor. Marmara\u2019da ya\u011fmur almad\u0131\u011f\u0131m\u0131z i\u00e7in s\u0131z\u0131nt\u0131dan etkilenmedik. S\u0131z\u0131nt\u0131 r\u00fczgarla birlikte da\u011f\u0131laca\u011f\u0131 i\u00e7in etki etmesi giderek d\u00fc\u015fen bir ihtimal. Avrupa i\u00e7in ciddi bir n\u00fckleer tehlikenin oldu\u011funu d\u00fc\u015f\u00fcnm\u00fcyorum. T\u00fcrkiye\u2019nin deniz ve kara s\u0131n\u0131rlar\u0131 dahil olmak \u00fczere radyoaktif \u00f6l\u00e7\u00fcmlerini yapan radyasyon erken uyar\u0131 sistemi var. E\u011fer sa\u011fl\u0131\u011f\u0131 tehdit edecek bir seviyeye gelseydi bu sistem alarma ge\u00e7erdi\u201d denildi.<\/p>","protected":false},"excerpt":{"rendered":"<p>Sorry, this entry is only available in Turkish. For the sake of viewer convenience, the content is shown below in the alternative language. You may click the link to switch the active language.Rusya\u2019n\u0131n \u00c7elyabinsk b\u00f6lgesindeki Mayak N\u00fckleer Tesisi\u2019den s\u0131z\u0131nt\u0131 oldu\u011fu ve radyasyonlu bulutlar\u0131n T\u00fcrkiye\u2019ye geldi\u011fi iddias\u0131 toplumun bir kesiminde endi\u015feye neden olmu\u015ftu. Meteoroloji Ajans\u0131, Ural [&hellip;]<\/p>\n","protected":false},"author":1,"featured_media":69633,"comment_status":"open","ping_status":"open","sticky":false,"template":"","format":"standard","meta":[],"categories":[53,43],"tags":[67,1009,34923,23311,1401,36166,36176,25480,8924,2322,29944,36095],"views":1278,"_links":{"self":[{"href":"https:\/\/www.enerjigazetesi.ist\/en\/wp-json\/wp\/v2\/posts\/69632"}],"collection":[{"href":"https:\/\/www.enerjigazetesi.ist\/en\/wp-json\/wp\/v2\/posts"}],"about":[{"href":"https:\/\/www.enerjigazetesi.ist\/en\/wp-json\/wp\/v2\/types\/post"}],"author":[{"embeddable":true,"href":"https:\/\/www.enerjigazetesi.ist\/en\/wp-json\/wp\/v2\/users\/1"}],"replies":[{"embeddable":true,"href":"https:\/\/www.enerjigazetesi.ist\/en\/wp-json\/wp\/v2\/comments?post=69632"}],"version-history":[{"count":1,"href":"https:\/\/www.enerjigazetesi.ist\/en\/wp-json\/wp\/v2\/posts\/69632\/revisions"}],"predecessor-version":[{"id":69634,"href":"https:\/\/www.enerjigazetesi.ist\/en\/wp-json\/wp\/v2\/posts\/69632\/revisions\/69634"}],"wp:featuredmedia":[{"embeddable":true,"href":"https:\/\/www.enerjigazetesi.ist\/en\/wp-json\/wp\/v2\/media\/69633"}],"wp:attachment":[{"href":"https:\/\/www.enerjigazetesi.ist\/en\/wp-json\/wp\/v2\/media?parent=69632"}],"wp:term":[{"taxonomy":"category","embeddable":true,"href":"https:\/\/www.enerjigazetesi.ist\/en\/wp-json\/wp\/v2\/categories?post=69632"},{"taxonomy":"post_tag","embeddable":true,"href":"https:\/\/www.enerjigazetesi.ist\/en\/wp-json\/wp\/v2\/tags?post=69632"}],"curies":[{"name":"wp","href":"https:\/\/api.w.org\/{rel}","templated":true}]}}