{"id":69601,"date":"2017-11-29T13:55:06","date_gmt":"2017-11-29T10:55:06","guid":{"rendered":"https:\/\/www.enerjigazetesi.ist\/?p=69601"},"modified":"2017-11-29T13:55:06","modified_gmt":"2017-11-29T10:55:06","slug":"izmir-buyuksehir-belediyesinden-6-gunes-enerjisi-santrali-daha","status":"publish","type":"post","link":"https:\/\/www.enerjigazetesi.ist\/en\/izmir-buyuksehir-belediyesinden-6-gunes-enerjisi-santrali-daha\/","title":{"rendered":"(Turkish) \u0130zmir B\u00fcy\u00fck\u015fehir Belediyesi&#8217;nden 6 G\u00fcne\u015f Enerjisi Santrali Daha!"},"content":{"rendered":"<p class=\"qtranxs-available-languages-message qtranxs-available-languages-message-en\">Sorry, this entry is only available in <a href=\"https:\/\/www.enerjigazetesi.ist\/tr\/wp-json\/wp\/v2\/posts\/69601\" class=\"qtranxs-available-language-link qtranxs-available-language-link-tr\" title=\"Turkish\">Turkish<\/a>. For the sake of viewer convenience, the content is shown below in the alternative language. You may click the link to switch the active language.<\/p><p><strong>\u0130zmir B\u00fcy\u00fck\u015fehir Belediyesi taraf\u0131ndan \u00e7evre duyarl\u0131l\u0131\u011f\u0131n\u0131n en somut \u00f6rnekleri, yenilenebilir enerji kaynaklar\u0131nca kullan\u0131lan tesislerle g\u00f6sterilmektedir.<\/strong><\/p>\n<p><img loading=\"lazy\" class=\"alignright wp-image-67478 size-medium\" src=\"https:\/\/www.enerjigazetesi.ist\/wp-content\/uploads\/2017\/09\/renoenin-ges-projesine-lisans-verildi-300x150.jpg\" alt=\"izmir-buyuksehir-belediyesinden-6-gunes-enerjisi-santrali-daha\" width=\"300\" height=\"150\" srcset=\"https:\/\/www.enerjigazetesi.ist\/wp-content\/uploads\/2017\/09\/renoenin-ges-projesine-lisans-verildi-300x150.jpg 300w, https:\/\/www.enerjigazetesi.ist\/wp-content\/uploads\/2017\/09\/renoenin-ges-projesine-lisans-verildi-500x250.jpg 500w, https:\/\/www.enerjigazetesi.ist\/wp-content\/uploads\/2017\/09\/renoenin-ges-projesine-lisans-verildi-80x40.jpg 80w, https:\/\/www.enerjigazetesi.ist\/wp-content\/uploads\/2017\/09\/renoenin-ges-projesine-lisans-verildi.jpg 640w\" sizes=\"(max-width: 300px) 100vw, 300px\" \/><\/p>\n<p><span id=\"more-95830\"><\/span>Yenilenebilir enerjide g\u00fczel \u00f6rnekler ortaya \u00e7\u0131karan B\u00fcy\u00fck\u015fehir, \u2018Temiz enerji\u2019 listesine 6 tesis daha ekleme haz\u0131rl\u0131\u011f\u0131 i\u00e7erisinde&#8230;<\/p>\n<p>Parklara ve tesise kurulan g\u00fcne\u015f enerji santralleriyle; do\u011faya daha az karbondioksit sal\u0131n\u0131m\u0131 olu\u015fturan ve ayn\u0131 zamanda tesislerin enerji giderini de d\u00fc\u015f\u00fcren B\u00fcy\u00fck\u015fehir Belediyesi, elektrik t\u00fcketiminin yo\u011fun oldu\u011fu A\u015f\u0131k Veysel Rekreasyon Alan\u0131 ve Buz Pistinde 380, \u00d6demi\u015f ve Bergama Mezbahas\u0131nda 780, \u00c7e\u015fme Il\u0131ca Terminalinde 280, kilovat g\u00fcc\u00fcnde g\u00fcne\u015f enerji santrali kuracak.<\/p>\n<p>Gelecek nesillere daha temiz ve ya\u015fan\u0131r bir kent b\u0131rakmak i\u00e7in AB Belediye Ba\u015fkanlar\u0131 S\u00f6zle\u015fmesi\u2019ne taraf olan \u0130zmir B\u00fcy\u00fck\u015fehir Belediyesi, karbondioksit sal\u0131n\u0131m\u0131n\u0131 2020 y\u0131l\u0131na kadar en az y\u00fczde 20 oran\u0131nda azaltmay\u0131 taahh\u00fct etmi\u015fti.<\/p>","protected":false},"excerpt":{"rendered":"<p>Sorry, this entry is only available in Turkish. For the sake of viewer convenience, the content is shown below in the alternative language. You may click the link to switch the active language.\u0130zmir B\u00fcy\u00fck\u015fehir Belediyesi taraf\u0131ndan \u00e7evre duyarl\u0131l\u0131\u011f\u0131n\u0131n en somut \u00f6rnekleri, yenilenebilir enerji kaynaklar\u0131nca kullan\u0131lan tesislerle g\u00f6sterilmektedir. Yenilenebilir enerjide g\u00fczel \u00f6rnekler ortaya \u00e7\u0131karan B\u00fcy\u00fck\u015fehir, \u2018Temiz [&hellip;]<\/p>\n","protected":false},"author":1,"featured_media":67478,"comment_status":"open","ping_status":"open","sticky":false,"template":"","format":"standard","meta":[],"categories":[51,53,49,18007],"tags":[19,67,1009,2326,13,23416,23131,2689,896,36169],"views":956,"_links":{"self":[{"href":"https:\/\/www.enerjigazetesi.ist\/en\/wp-json\/wp\/v2\/posts\/69601"}],"collection":[{"href":"https:\/\/www.enerjigazetesi.ist\/en\/wp-json\/wp\/v2\/posts"}],"about":[{"href":"https:\/\/www.enerjigazetesi.ist\/en\/wp-json\/wp\/v2\/types\/post"}],"author":[{"embeddable":true,"href":"https:\/\/www.enerjigazetesi.ist\/en\/wp-json\/wp\/v2\/users\/1"}],"replies":[{"embeddable":true,"href":"https:\/\/www.enerjigazetesi.ist\/en\/wp-json\/wp\/v2\/comments?post=69601"}],"version-history":[{"count":1,"href":"https:\/\/www.enerjigazetesi.ist\/en\/wp-json\/wp\/v2\/posts\/69601\/revisions"}],"predecessor-version":[{"id":69602,"href":"https:\/\/www.enerjigazetesi.ist\/en\/wp-json\/wp\/v2\/posts\/69601\/revisions\/69602"}],"wp:featuredmedia":[{"embeddable":true,"href":"https:\/\/www.enerjigazetesi.ist\/en\/wp-json\/wp\/v2\/media\/67478"}],"wp:attachment":[{"href":"https:\/\/www.enerjigazetesi.ist\/en\/wp-json\/wp\/v2\/media?parent=69601"}],"wp:term":[{"taxonomy":"category","embeddable":true,"href":"https:\/\/www.enerjigazetesi.ist\/en\/wp-json\/wp\/v2\/categories?post=69601"},{"taxonomy":"post_tag","embeddable":true,"href":"https:\/\/www.enerjigazetesi.ist\/en\/wp-json\/wp\/v2\/tags?post=69601"}],"curies":[{"name":"wp","href":"https:\/\/api.w.org\/{rel}","templated":true}]}}