{"id":69521,"date":"2017-11-27T11:15:45","date_gmt":"2017-11-27T08:15:45","guid":{"rendered":"https:\/\/www.enerjigazetesi.ist\/?p=69521"},"modified":"2017-11-27T11:15:45","modified_gmt":"2017-11-27T08:15:45","slug":"enerji-isbirlikleri-icin-istanbulda-ilk-kez-diplomatik-alan-kurulacak","status":"publish","type":"post","link":"https:\/\/www.enerjigazetesi.ist\/en\/enerji-isbirlikleri-icin-istanbulda-ilk-kez-diplomatik-alan-kurulacak\/","title":{"rendered":"(Turkish) Enerji \u0130\u015fbirlikleri \u0130\u00e7in \u0130stanbul\u2019da \u0130lk Kez Diplomatik Alan Kurulacak"},"content":{"rendered":"<p class=\"qtranxs-available-languages-message qtranxs-available-languages-message-en\">Sorry, this entry is only available in <a href=\"https:\/\/www.enerjigazetesi.ist\/tr\/wp-json\/wp\/v2\/posts\/69521\" class=\"qtranxs-available-language-link qtranxs-available-language-link-tr\" title=\"Turkish\">Turkish<\/a>. For the sake of viewer convenience, the content is shown below in the alternative language. You may click the link to switch the active language.<\/p><p><strong>Enerji ve Tabii Kaynaklar Bakanl\u0131\u011f\u0131 deste\u011fiyle d\u00fczenlenen T\u00fcrkiye\u2019nin en b\u00fcy\u00fck enerji fuar\u0131 ICCI Powered by Power-Gen, 2018\u2019de kap\u0131lar\u0131n\u0131 iki \u00f6nemli yenilikle a\u00e7acak. 2 \u2013 4 May\u0131s 2018 tarihlerinde \u0130stanbul Fuar Merkezi&#8217;nde d\u00fczenlenecek fuarda T\u00fcrkiye\u2019deki yabanc\u0131 konsolosluklar\u0131n kat\u0131l\u0131m\u0131yla ilk kez Diplomatik Alan kurulacak. \u0130lk kez d\u00fczenlenecek Generation X program\u0131nda ise, enerji sekt\u00f6r\u00fcn\u00fcn gelecekteki liderleri bug\u00fcn\u00fcn liderleriyle bulu\u015facak. 200\u2019e yak\u0131n kat\u0131l\u0131mc\u0131 firma ve 14 bine yak\u0131n ziyaret\u00e7iyi a\u011f\u0131rlayacak fuarda 200\u2019den fazla \u0130kili \u0130\u015f G\u00f6r\u00fc\u015fmesi yap\u0131lmas\u0131 bekleniyor. T\u00fcrkiye enerji sekt\u00f6r\u00fcn\u00fcn Oscar\u2019lar\u0131 olarak bilinen ICCI Enerji \u00d6d\u00fclleri ise 2018\u2019de yedinci kez sahiplerini bulacak.<\/strong><\/p>\n<p><img loading=\"lazy\" class=\"alignright size-medium wp-image-64039\" src=\"https:\/\/www.enerjigazetesi.ist\/wp-content\/uploads\/2017\/05\/enerji-fuari-icci-2017-sektorun-oncu-aktorlerini-bir-araya-getirdi-300x200.jpg\" alt=\"\" width=\"300\" height=\"200\" srcset=\"https:\/\/www.enerjigazetesi.ist\/wp-content\/uploads\/2017\/05\/enerji-fuari-icci-2017-sektorun-oncu-aktorlerini-bir-araya-getirdi-300x200.jpg 300w, https:\/\/www.enerjigazetesi.ist\/wp-content\/uploads\/2017\/05\/enerji-fuari-icci-2017-sektorun-oncu-aktorlerini-bir-araya-getirdi-500x333.jpg 500w, https:\/\/www.enerjigazetesi.ist\/wp-content\/uploads\/2017\/05\/enerji-fuari-icci-2017-sektorun-oncu-aktorlerini-bir-araya-getirdi-74x50.jpg 74w, https:\/\/www.enerjigazetesi.ist\/wp-content\/uploads\/2017\/05\/enerji-fuari-icci-2017-sektorun-oncu-aktorlerini-bir-araya-getirdi.jpg 883w\" sizes=\"(max-width: 300px) 100vw, 300px\" \/><\/p>\n<p>T\u00fcrkiye\u2019nin en b\u00fcy\u00fck enerji fuar\u0131 ICCI Powered by Power-Gen, 2018\u2019de bir \u201cilk\u201de imza atarak konsolosluklar\u0131n kat\u0131l\u0131m\u0131yla Diplomatik Alan kuracak. Diplomatik Alan ile T\u00fcrkiye\u2019nin yabanc\u0131 \u00fclkelerle aras\u0131ndaki enerji i\u015fbirliklerinin g\u00fc\u00e7lendirilmesi ve art\u0131r\u0131lmas\u0131 ama\u00e7lan\u0131yor. Enerji ve Tabii Kaynaklar Bakanl\u0131\u011f\u0131 deste\u011fiyle 2 \u2013 4 May\u0131s 2018 tarihlerinde \u0130stanbul Fuar Merkezi&#8217;nde d\u00fczenlenecek ICCI Powered by Power-Gen (Uluslararas\u0131 Enerji ve \u00c7evre Fuar\u0131 ve Konferans\u0131) 14 bine yak\u0131n ziyaret\u00e7i bekliyor. 200\u2019e yak\u0131n firman\u0131n kat\u0131laca\u011f\u0131 fuarda, Ba\u015fta Brezilya, Hindistan, \u0130ran, Japonya, Kore ve Yunanistan olmak \u00fczere pek \u00e7ok yabanc\u0131 konsolosluk Ticari Organizasyon Birimleri ile Diplomatik Alan\u2019da olacak.<\/p>\n<p><strong>Enerji sekt\u00f6r\u00fcn\u00fcn Avrasya\u2019daki en b\u00fcy\u00fck bulu\u015fma noktas\u0131<\/strong><\/p>\n<p>Deutsche Messe ve Penwell International ortakl\u0131\u011f\u0131yla daha da g\u00fc\u00e7lenen fuar\u0131n enerji sekt\u00f6r\u00fcn\u00fcn Avrasya\u2019daki en \u00f6nemli bulu\u015fma noktas\u0131 oldu\u011funu vurgulayan <strong>Sekt\u00f6rel Fuarc\u0131l\u0131k Genel M\u00fcd\u00fcr\u00fc Feraye G\u00fcrel<\/strong> \u015funlar\u0131 s\u00f6yledi:<\/p>\n<p><strong>\u201cEnerji talebindeki art\u0131\u015f, ileri teknolojili enerji yat\u0131r\u0131mlar\u0131na ihtiyac\u0131 art\u0131r\u0131yor. Son d\u00f6nemde firmalar\u0131n yat\u0131r\u0131m finansman\u0131 temininde artan imk\u00e2nlar da bu alanda bir hareketlili\u011fi beraberinde getiriyor. ICCI Powered by Power-Gen, T\u00fcrkiye\u2019de bu konular\u0131n geni\u015f \u00e7apl\u0131 \u015fekilde ele al\u0131nabildi\u011fi en g\u00fc\u00e7l\u00fc platform. Ayn\u0131 zamanda konferans ve ikili i\u015f g\u00f6r\u00fc\u015fmelerinin bir arada yer ald\u0131\u011f\u0131 T\u00fcrkiye&#8217;nin tek etkinli\u011fi.\u201d<\/strong><\/p>\n<p><strong>Enerjinin uluslararas\u0131 akt\u00f6rleri 2 g\u00fcnde 200 toplant\u0131 yap\u0131yor<\/strong><\/p>\n<p>\u0130kili \u0130\u015f G\u00f6r\u00fc\u015fmeleri alan\u0131nda ise fuar kat\u0131l\u0131mc\u0131lar\u0131, t\u00fcm d\u00fcnyadan kat\u0131l\u0131mc\u0131larla bir araya gelme f\u0131rsat\u0131 bulacak. Ge\u00e7en y\u0131l Almanya, \u0130ran, \u00c7in, Rusya, Tunus, Fransa, Hollanda, \u0130srail, \u0130talya, Nijerya, Pakistan, Bulgaristan, Kanada, Irak, S\u0131rbistan ve Suudi Arabistan\u2019dan kat\u0131l\u0131mc\u0131lar\u0131n 200\u2019den fazla toplant\u0131 yapt\u0131\u011f\u0131 \u0130kili G\u00f6r\u00fc\u015fme Alan\u0131\u2019n\u0131n 2018\u2019de yo\u011funlu\u011funu art\u0131rmas\u0131 bekleniyor.<\/p>\n<p><strong>Generation X sekt\u00f6r\u00fcn gelecekteki liderlerini bulu\u015fturacak<\/strong><\/p>\n<p>ICCI Powered by POWER-GEN kapsam\u0131nda ilk kez d\u00fczenlenecek Generation X program\u0131n\u0131n enerji sekt\u00f6r\u00fcn\u00fcn gelecekteki liderleri olacak \u00fcniversite \u00f6\u011frencilerini bir araya getirece\u011fini belirten <strong>G\u00fcrel <\/strong>\u015funlar\u0131 ifade etti:<\/p>\n<p><strong>\u201cEnerji sekt\u00f6r\u00fcn\u00fcn geli\u015fimi, alternatif enerji kaynaklar\u0131, enerjinin \u00fcretim, iletim ve da\u011f\u0131t\u0131m\u0131ndaki \u00e7evreci yakla\u015f\u0131mlar d\u00fcnyam\u0131z\u0131n gelece\u011fini belirleyecek. Gelece\u011fi konu\u015fuyorsak mutlaka gen\u00e7leri de i\u015fin i\u00e7ine katmal\u0131y\u0131z. Bu y\u0131l ilk kez d\u00fczenleyece\u011fimiz \u2018Generation X\u2019 program\u0131na kat\u0131lacak \u00fcniversite \u00f6\u011frencileri, sekt\u00f6r liderlerini dinleyip onlarla fikirlerini do\u011frudan payla\u015fma imkan\u0131 bulacak.\u201d <\/strong><\/p>\n<p><strong>Enerji sekt\u00f6r\u00fc \u00f6d\u00fcl i\u00e7in yar\u0131\u015facak<\/strong><\/p>\n<p>T\u00fcrkiye enerji sekt\u00f6r\u00fcn\u00fcn Oscar\u2019lar\u0131 olarak bilinen ICCI Enerji \u00d6d\u00fclleri T\u00f6reni\u2019nin yedincisi 2 May\u0131s 2018 tarihinde \u0130stanbul WOW Convention Center\u2019da d\u00fczenlenecek. ICCI Enerji \u00d6d\u00fcllerini, enerji sekt\u00f6r\u00fcne verilen hizmetleri ve yap\u0131lan katk\u0131lar\u0131 desteklemek amac\u0131yla d\u00fczenlediklerini belirten <strong>G\u00fcrel<\/strong> \u015f\u00f6yle konu\u015ftu:<\/p>\n<p>\u201c<strong>T\u00fcrkiye\u2019nin geli\u015fim program\u0131 i\u00e7inde enerji, stratejik \u00f6neme sahip bir sekt\u00f6r ve bu alanda yap\u0131lan t\u00fcm yenilik\u00e7i \u00e7al\u0131\u015fmalar\u0131 destekliyoruz. ICCI Enerji \u00d6d\u00fclleri\u2019nin bir di\u011fer misyonu, uzun vadede yap\u0131lacak projeleri ve hizmetleri de te\u015fvik etmek. Benzer \u015fekilde, yenilenebilir enerji alan\u0131nda yap\u0131lan yat\u0131r\u0131mlar\u0131 desteklemeye de b\u00fcy\u00fck \u00f6nem veriyoruz<\/strong>.\u201d<\/p>","protected":false},"excerpt":{"rendered":"<p>Sorry, this entry is only available in Turkish. For the sake of viewer convenience, the content is shown below in the alternative language. You may click the link to switch the active language.Enerji ve Tabii Kaynaklar Bakanl\u0131\u011f\u0131 deste\u011fiyle d\u00fczenlenen T\u00fcrkiye\u2019nin en b\u00fcy\u00fck enerji fuar\u0131 ICCI Powered by Power-Gen, 2018\u2019de kap\u0131lar\u0131n\u0131 iki \u00f6nemli yenilikle a\u00e7acak. 2 [&hellip;]<\/p>\n","protected":false},"author":1,"featured_media":64039,"comment_status":"open","ping_status":"open","sticky":false,"template":"","format":"standard","meta":[],"categories":[53],"tags":[67,1009,32975,33861,33074,4871],"views":763,"_links":{"self":[{"href":"https:\/\/www.enerjigazetesi.ist\/en\/wp-json\/wp\/v2\/posts\/69521"}],"collection":[{"href":"https:\/\/www.enerjigazetesi.ist\/en\/wp-json\/wp\/v2\/posts"}],"about":[{"href":"https:\/\/www.enerjigazetesi.ist\/en\/wp-json\/wp\/v2\/types\/post"}],"author":[{"embeddable":true,"href":"https:\/\/www.enerjigazetesi.ist\/en\/wp-json\/wp\/v2\/users\/1"}],"replies":[{"embeddable":true,"href":"https:\/\/www.enerjigazetesi.ist\/en\/wp-json\/wp\/v2\/comments?post=69521"}],"version-history":[{"count":1,"href":"https:\/\/www.enerjigazetesi.ist\/en\/wp-json\/wp\/v2\/posts\/69521\/revisions"}],"predecessor-version":[{"id":69522,"href":"https:\/\/www.enerjigazetesi.ist\/en\/wp-json\/wp\/v2\/posts\/69521\/revisions\/69522"}],"wp:featuredmedia":[{"embeddable":true,"href":"https:\/\/www.enerjigazetesi.ist\/en\/wp-json\/wp\/v2\/media\/64039"}],"wp:attachment":[{"href":"https:\/\/www.enerjigazetesi.ist\/en\/wp-json\/wp\/v2\/media?parent=69521"}],"wp:term":[{"taxonomy":"category","embeddable":true,"href":"https:\/\/www.enerjigazetesi.ist\/en\/wp-json\/wp\/v2\/categories?post=69521"},{"taxonomy":"post_tag","embeddable":true,"href":"https:\/\/www.enerjigazetesi.ist\/en\/wp-json\/wp\/v2\/tags?post=69521"}],"curies":[{"name":"wp","href":"https:\/\/api.w.org\/{rel}","templated":true}]}}