{"id":69511,"date":"2017-11-26T21:15:06","date_gmt":"2017-11-26T18:15:06","guid":{"rendered":"https:\/\/www.enerjigazetesi.ist\/?p=69511"},"modified":"2017-11-26T21:15:06","modified_gmt":"2017-11-26T18:15:06","slug":"turkiyenin-gunesi-2-gw-sinirini-da-asti","status":"publish","type":"post","link":"https:\/\/www.enerjigazetesi.ist\/en\/turkiyenin-gunesi-2-gw-sinirini-da-asti\/","title":{"rendered":"(Turkish) T\u00fcrkiye&#8217;nin G\u00fcne\u015fi 2 GW S\u0131n\u0131r\u0131n\u0131 da A\u015ft\u0131!"},"content":{"rendered":"<p class=\"qtranxs-available-languages-message qtranxs-available-languages-message-en\">Sorry, this entry is only available in <a href=\"https:\/\/www.enerjigazetesi.ist\/tr\/wp-json\/wp\/v2\/posts\/69511\" class=\"qtranxs-available-language-link qtranxs-available-language-link-tr\" title=\"Turkish\">Turkish<\/a>. For the sake of viewer convenience, the content is shown below in the alternative language. You may click the link to switch the active language.<\/p><p><img loading=\"lazy\" class=\"size-medium wp-image-60621 alignright\" src=\"https:\/\/www.enerjigazetesi.ist\/wp-content\/uploads\/2017\/01\/asunim-turkiyenin-oylum-ges-projesi-gecici-kabulu-tamamladi-300x225.jpg\" alt=\"\" width=\"300\" height=\"225\" srcset=\"https:\/\/www.enerjigazetesi.ist\/wp-content\/uploads\/2017\/01\/asunim-turkiyenin-oylum-ges-projesi-gecici-kabulu-tamamladi-300x225.jpg 300w, https:\/\/www.enerjigazetesi.ist\/wp-content\/uploads\/2017\/01\/asunim-turkiyenin-oylum-ges-projesi-gecici-kabulu-tamamladi-1024x768.jpg 1024w, https:\/\/www.enerjigazetesi.ist\/wp-content\/uploads\/2017\/01\/asunim-turkiyenin-oylum-ges-projesi-gecici-kabulu-tamamladi-500x375.jpg 500w, https:\/\/www.enerjigazetesi.ist\/wp-content\/uploads\/2017\/01\/asunim-turkiyenin-oylum-ges-projesi-gecici-kabulu-tamamladi-66x50.jpg 66w, https:\/\/www.enerjigazetesi.ist\/wp-content\/uploads\/2017\/01\/asunim-turkiyenin-oylum-ges-projesi-gecici-kabulu-tamamladi.jpg 1200w\" sizes=\"(max-width: 300px) 100vw, 300px\" \/><\/p>\n<p><strong>T\u00fcrkiye\u2019nin g\u00fcne\u015f enerjisi alan\u0131ndaki elektrik \u00fcretim kapasitesinin 2 GW s\u0131n\u0131r<\/strong><strong>\u0131n\u0131 a\u015ft\u0131\u011f\u0131 a\u00e7\u0131kland\u0131.<\/strong><\/p>\n<p>T\u00fcrkiye Elektrik \u0130letim A.\u015e.&#8217;nin yay\u0131mlanan verilerine g\u00f6re T\u00fcrkiye\u2019nin g\u00fcne\u015f enerjisi alan\u0131ndaki kurulu g\u00fcc\u00fc, 2017\u2019nin ilk 9 ay\u0131ndaki 1227,5 MW\u2019l\u0131k art\u0131\u015f ile Ekim ay\u0131 sonu itibariyle 2.060 MW\u2019a y\u00fckseldi.<\/p>\n<p>Bu g\u00fcc\u00fcn 12,90 MW\u2019l\u0131k b\u00f6l\u00fcm\u00fcn\u00fc lisansl\u0131, geriye kalan k\u0131sm\u0131n\u0131 ise lisanss\u0131z g\u00fcne\u015f enerjisi yat\u0131r\u0131mlar\u0131 meydana getiriyor.<\/p>\n<p>TE\u0130A\u015e verilerine g\u00f6re T\u00fcrkiye g\u00fcne\u015f enerjisinde 2016 y\u0131l\u0131 sonunda 832,5 MW\u2019l\u0131k kurulu g\u00fcce sahipti.<\/p>","protected":false},"excerpt":{"rendered":"<p>Sorry, this entry is only available in Turkish. For the sake of viewer convenience, the content is shown below in the alternative language. You may click the link to switch the active language. T\u00fcrkiye\u2019nin g\u00fcne\u015f enerjisi alan\u0131ndaki elektrik \u00fcretim kapasitesinin 2 GW s\u0131n\u0131r\u0131n\u0131 a\u015ft\u0131\u011f\u0131 a\u00e7\u0131kland\u0131. T\u00fcrkiye Elektrik \u0130letim A.\u015e.&#8217;nin yay\u0131mlanan verilerine g\u00f6re T\u00fcrkiye\u2019nin g\u00fcne\u015f enerjisi [&hellip;]<\/p>\n","protected":false},"author":1,"featured_media":60621,"comment_status":"open","ping_status":"open","sticky":false,"template":"","format":"standard","meta":[],"categories":[53,49,18007],"tags":[67,1009,2326,23416],"views":1035,"_links":{"self":[{"href":"https:\/\/www.enerjigazetesi.ist\/en\/wp-json\/wp\/v2\/posts\/69511"}],"collection":[{"href":"https:\/\/www.enerjigazetesi.ist\/en\/wp-json\/wp\/v2\/posts"}],"about":[{"href":"https:\/\/www.enerjigazetesi.ist\/en\/wp-json\/wp\/v2\/types\/post"}],"author":[{"embeddable":true,"href":"https:\/\/www.enerjigazetesi.ist\/en\/wp-json\/wp\/v2\/users\/1"}],"replies":[{"embeddable":true,"href":"https:\/\/www.enerjigazetesi.ist\/en\/wp-json\/wp\/v2\/comments?post=69511"}],"version-history":[{"count":1,"href":"https:\/\/www.enerjigazetesi.ist\/en\/wp-json\/wp\/v2\/posts\/69511\/revisions"}],"predecessor-version":[{"id":69512,"href":"https:\/\/www.enerjigazetesi.ist\/en\/wp-json\/wp\/v2\/posts\/69511\/revisions\/69512"}],"wp:featuredmedia":[{"embeddable":true,"href":"https:\/\/www.enerjigazetesi.ist\/en\/wp-json\/wp\/v2\/media\/60621"}],"wp:attachment":[{"href":"https:\/\/www.enerjigazetesi.ist\/en\/wp-json\/wp\/v2\/media?parent=69511"}],"wp:term":[{"taxonomy":"category","embeddable":true,"href":"https:\/\/www.enerjigazetesi.ist\/en\/wp-json\/wp\/v2\/categories?post=69511"},{"taxonomy":"post_tag","embeddable":true,"href":"https:\/\/www.enerjigazetesi.ist\/en\/wp-json\/wp\/v2\/tags?post=69511"}],"curies":[{"name":"wp","href":"https:\/\/api.w.org\/{rel}","templated":true}]}}