{"id":69470,"date":"2017-11-25T12:47:34","date_gmt":"2017-11-25T09:47:34","guid":{"rendered":"https:\/\/www.enerjigazetesi.ist\/?p=69470"},"modified":"2017-11-25T12:47:34","modified_gmt":"2017-11-25T09:47:34","slug":"madencilik-sektoru-madencilik-calistayinda-antalyada-bir-araya-geldi","status":"publish","type":"post","link":"https:\/\/www.enerjigazetesi.ist\/en\/madencilik-sektoru-madencilik-calistayinda-antalyada-bir-araya-geldi\/","title":{"rendered":"(Turkish) Madencilik Sekt\u00f6r\u00fc, &#8216;Madencilik \u00c7al\u0131\u015ftay\u0131&#8217;nda Antalya&#8217;da Bir Araya Geldi"},"content":{"rendered":"<p class=\"qtranxs-available-languages-message qtranxs-available-languages-message-en\">Sorry, this entry is only available in <a href=\"https:\/\/www.enerjigazetesi.ist\/tr\/wp-json\/wp\/v2\/posts\/69470\" class=\"qtranxs-available-language-link qtranxs-available-language-link-tr\" title=\"Turkish\">Turkish<\/a>. For the sake of viewer convenience, the content is shown below in the alternative language. You may click the link to switch the active language.<\/p><p><strong>Enerji ve Tabii Kaynaklar Bakan\u0131 Berat Albayrak, Madencilik Sekt\u00f6r\u00fcn\u00fcn 2023 y\u0131l\u0131 i\u00e7in ortaya koydu\u011fu 15 milyar dolar ihracat hedefinin hayal olmad\u0131\u011f\u0131n\u0131 belirterek, &#8220;Madencilik Sekt\u00f6r\u00fcm\u00fcz 20-25 milyar dolar ihracat hedeflemeli&#8221; dedi.<\/strong><\/p>\n<p>&#8220;Madencilik \u00c7al\u0131\u015ftay\u0131&#8221;nda konu\u015fan Enerji ve Tabii Kaynaklar Bakan\u0131 Berat Albayrak, ilk olarak \u00f6\u011fretmenler g\u00fcn\u00fc nedeniyle g\u00f6revi ba\u015f\u0131nda \u015fehit olan \u00f6\u011fretmenler ba\u015fta olmak \u00fczere, t\u00fcm <img loading=\"lazy\" class=\"alignright size-medium wp-image-69471\" src=\"https:\/\/www.enerjigazetesi.ist\/wp-content\/uploads\/2017\/11\/madencilik-sektoru-madencilik-calistayinda-antalyada-bir-araya-geldi-300x200.jpg\" alt=\"\" width=\"300\" height=\"200\" srcset=\"https:\/\/www.enerjigazetesi.ist\/wp-content\/uploads\/2017\/11\/madencilik-sektoru-madencilik-calistayinda-antalyada-bir-araya-geldi-300x200.jpg 300w, https:\/\/www.enerjigazetesi.ist\/wp-content\/uploads\/2017\/11\/madencilik-sektoru-madencilik-calistayinda-antalyada-bir-araya-geldi-768x512.jpg 768w, https:\/\/www.enerjigazetesi.ist\/wp-content\/uploads\/2017\/11\/madencilik-sektoru-madencilik-calistayinda-antalyada-bir-araya-geldi-500x333.jpg 500w, https:\/\/www.enerjigazetesi.ist\/wp-content\/uploads\/2017\/11\/madencilik-sektoru-madencilik-calistayinda-antalyada-bir-araya-geldi-75x50.jpg 75w, https:\/\/www.enerjigazetesi.ist\/wp-content\/uploads\/2017\/11\/madencilik-sektoru-madencilik-calistayinda-antalyada-bir-araya-geldi.jpg 864w\" sizes=\"(max-width: 300px) 100vw, 300px\" \/>\u00f6\u011fretmenlerin \u00f6\u011fretmenler g\u00fcn\u00fcn\u00fc kutlad\u0131.<\/p>\n<p>T\u00fcrkiye&#8217;nin 2023 y\u0131l\u0131 ihracat hedeflerine ula\u015fmak i\u00e7in katma de\u011ferli \u00fcr\u00fcn ihracat\u0131n\u0131 ger\u00e7ekle\u015ftirebilece\u011fi ekosistemi hayata ge\u00e7irdiklerini belirten Albayrak, madencilik sekt\u00f6r\u00fcne katma de\u011ferli \u00fcr\u00fcn \u00fcretimi i\u00e7in kurumsalla\u015fma, profesyonelle\u015fme ve yabanc\u0131 sermaye ile i\u015fbirli\u011fi \u00e7a\u011fr\u0131s\u0131 yapt\u0131.<\/p>\n<p>Katma de\u011ferli \u00fcr\u00fcn ihracat\u0131n\u0131 hedeflemeyen, kurumsalla\u015fmayan, profesyonelle\u015fmeyen firmalar\u0131n gelecekte madencilik sekt\u00f6r\u00fcnde yer bulamayaca\u011f\u0131 uyar\u0131s\u0131nda bulunan Enerji Bakan\u0131 Albayrak, &#8220;\u0130\u015f\u00e7i sa\u011fl\u0131\u011f\u0131 ve i\u015f g\u00fcvenli\u011fi, \u00e7evre duyarl\u0131l\u0131\u011f\u0131 k\u0131rm\u0131z\u0131 noktalar\u0131m\u0131z. 2017 y\u0131l\u0131nda \u015fu ana kadar 5 bin 480 firmada denetimlerde bulunduk. Y\u0131lsonuna kadar 6 bin maden i\u015fletmesini en az bir kez denetlemi\u015f olaca\u011f\u0131z. 2018 y\u0131l\u0131nda 7 bin firmay\u0131 denetlemeyi hedefliyoruz&#8221; diye konu\u015ftu.<\/p>\n<p><strong>T\u00fcrkiye&#8217;de 90 madenin 77 tanesi var<\/strong><\/p>\n<p>Nisan ay\u0131nda \u0130stanbul Dolmabah\u00e7e Saray\u0131&#8217;nda Milli Enerji ve Madencilik Politikam\u0131z\u0131 kamuoyu ile payla\u015ft\u0131klar\u0131n\u0131 hat\u0131rlatan Albayrak \u015f\u00f6yle devam etti: &#8220;Ad\u0131m ad\u0131m bu politikay\u0131 hayata ge\u00e7irmeye ba\u015flad\u0131k. Enerji ve madencili\u011fimizi ithalata ba\u011f\u0131ml\u0131 olmaktan kurtarmak i\u00e7in entegre bir s\u00fcreci y\u00fcr\u00fct\u00fcyoruz. \u00dclkelerin Gayri Safi Milli Has\u0131lalar\u0131ndan Madencilik Sekt\u00f6r\u00fcn\u00fcn ald\u0131\u011f\u0131 paya bakt\u0131\u011f\u0131n\u0131zda; \u00c7in y\u00fczde 8.5, Avusturalya 6.5, ABD 5, Almanya 4, Kanada 4, T\u00fcrkiye 1.3&#8217;ler seviyesinde. T\u00fcrkiye&#8217;de maden \u00e7e\u015fitlili\u011fimiz dikkate ald\u0131\u011f\u0131m\u0131zda potansiyelimizin \u00e7ok alt\u0131nda oldu\u011fumuzu g\u00f6r\u00fcyoruz. D\u00fcnya genelinde \u00e7\u0131kar\u0131lan 90 madenin 77 tanesi T\u00fcrkiye&#8217;de \u00e7\u0131kar\u0131l\u0131yor. Bu madenlerde ne kadar rezerve sahip oldu\u011funuz \u00f6nemli de\u011fil. \u00d6nemli olan ne kadar katma de\u011fer \u00fcretti\u011finiz. T\u00fcrkiye hammadde satan de\u011fil, katma de\u011ferli \u00fcr\u00fcnler \u00fcreten, son \u00fcr\u00fcn\u00fc \u00fcreten s\u00f6z sahibi olan bir \u00fclke olmal\u0131. T\u00fcm \u00e7al\u0131\u015fmalar\u0131m\u0131z\u0131 bu hedefe y\u00f6nelik kurgulad\u0131k.&#8221;<\/p>\n<p><strong>Hammadde olarak ihra\u00e7 edip i\u015flenmi\u015f \u00fcr\u00fcn olarak ithal ediyoruz bu sona erecek<\/strong><\/p>\n<p>Bug\u00fcne kadar yurtd\u0131\u015f\u0131na hammadde olarak g\u00f6nderdi\u011fimiz madenlerin, i\u015flenmi\u015f \u00fcr\u00fcn olarak \u00e7ok daha pahal\u0131 bir \u015fekilde T\u00fcrkiye&#8217;ye d\u00f6nd\u00fc\u011f\u00fc bir ekosistemin var oldu\u011funa dikkati \u00e7eken Enerji Bakan\u0131 Albayrak; &#8220;Bir\u00e7ok maden T\u00fcrkiye&#8217;de i\u015flenecek b\u00f6ylece T\u00fcrkiye&#8217;de bulunan madenler zenginle\u015ftirilerek, ithal edilmesinin \u00f6n\u00fcnege\u00e7ilecek. Madencilik sekt\u00f6r\u00fcnde madene katma de\u011fer sa\u011flayan fabrikalar kurulmas\u0131n\u0131 zorunlu k\u0131lan bir sistemi hayata ge\u00e7irece\u011fiz. ARGE ve Teknolojik bir modeli hayata ge\u00e7iriyoruz. Madencilikte maden 1 katma de\u011fer \u00fcretiyorsa, nihai \u00fcr\u00fcn 8 birim de\u011fer \u00fcretiyor. Madenine g\u00f6re 30-40 kat\u0131na \u00e7\u0131kan bir ekosistem var. Madencilik sekt\u00f6r\u00fcm\u00fczdeihracat yapan \u00e7ok firmam\u0131z var. Katma de\u011ferli \u00fcr\u00fcn \u00fcretimi i\u00e7in teknolojiyi burada geli\u015ftirip, fabrikalar\u0131 burada kurun. ARGE ve Teknolojik yat\u0131r\u0131mlar i\u00e7in uluslararas\u0131 i\u015fbirliklerine haz\u0131r olun&#8221; diye \u00e7a\u011fr\u0131da bulundu.<\/p>\n<p><strong>Toparlan\u0131n, habersiz denetimler olacak <\/strong><\/p>\n<p>Enerji ve Tabii Kaynaklar Bakanl\u0131\u011f\u0131 Maden \u0130\u015fleri Genel M\u00fcd\u00fcrl\u00fc\u011f\u00fc taraf\u0131ndan madenlerin risk gruplar\u0131na g\u00f6re 3 gruba ayr\u0131ld\u0131\u011f\u0131 bir s\u00fcre\u00e7ten ge\u00e7tikleri bilgisini de payla\u015fan Albayrak, her maden i\u015fletmesinin y\u0131lda en az 1 kez denetlenece\u011fini, y\u00fcksek risk bar\u0131nd\u0131ran madenlerin ise bir y\u0131lda en az 4 kez denetimden ge\u00e7ece\u011fini s\u00f6yledi. Albayrak, madencilik sekt\u00f6r\u00fc temsilcilerine &#8221; Haz\u0131rlan\u0131n, toparlan\u0131n, habersiz denetimler olacak&#8221; uyar\u0131s\u0131nda bulundu.<\/p>\n<p><strong>Kazan, kazan, kazan modelini hayata ge\u00e7irece\u011fiz<\/strong><\/p>\n<p>&#8220;T\u00fcrkiye d\u00f6n\u00fc\u015f\u00fcyor, d\u00fcnya d\u00f6n\u00fc\u015f\u00fcyor, Madencilik sekt\u00f6r\u00fcm\u00fcz madencilik alan\u0131nda d\u00f6n\u00fc\u015f\u00fcm\u00fc do\u011fru okuyarak sanayi ve \u00fcniversitelerle i\u015fbirlikleri kurarak sadece hammadde\u00fcretimi de\u011fil, de\u011fer \u00fcretmeyi hedefleyen madencilik yap\u0131s\u0131n\u0131 hayata ge\u00e7irmeli&#8221; \u015feklinde konu\u015fan Enerji Bakan\u0131 Albayrak, &#8220;Burada firmalar\u0131m\u0131z\u0131n d\u00fcnya ile rekabet edebilmesi tek hedef de\u011fil, s\u00fcrd\u00fcr\u00fclebilir madencilik politikas\u0131 i\u00e7in her t\u00fcrl\u00fc destek olacak, birlikte atmam\u0131z gereken ad\u0131mlarda sizlerle ileti\u015fim halinde olaca\u011f\u0131z. Kazan, kazan, kazan modelini hayata ge\u00e7irece\u011fiz. Kamu kazanacak, \u00f6zel sekt\u00f6r kazanacak, bunun sonucunda vatanda\u015f\u0131m\u0131z kazanacak. Milli Enerji politikam\u0131z\u0131n amac\u0131 bu. T\u0131pk\u0131 15 Temmuzda oldu\u011fu gibi omuz omuza hareket edip kazanaca\u011f\u0131z. Nisan ay\u0131nda \u0130stanbul&#8217;da sekt\u00f6re verdi\u011fimiz s\u00f6zleri tek tek yerine getiriyoruz. Maden \u0130hale Y\u00f6netmeli\u011fini, \u00c7ED istenmemesi konusunu bitirdik, orman bedellerinin tamam\u0131n\u0131n y\u00fczde 50 indirimini bitirdik. Orman ve Su \u0130\u015fleri Bakan\u0131m\u0131za te\u015fekk\u00fcr etmemiz laz\u0131m. Ger\u00e7ek yat\u0131r\u0131mc\u0131n\u0131n \u00f6n\u00fcn\u00fc a\u00e7aca\u011f\u0131z. Finansman a\u00e7\u0131s\u0131ndan, zaman ve i\u015f planlamas\u0131 t\u00fcm s\u00fcre\u00e7lerde rahatlama sa\u011flayarak yat\u0131r\u0131mc\u0131n\u0131n \u00f6n\u00fcn\u00fca\u00e7t\u0131k&#8221; dedi.<\/p>\n<p>\u0130n\u015faat sekt\u00f6r\u00fcnde ya\u015fanan b\u00fcy\u00fck bir de\u011fi\u015fim ve d\u00f6n\u00fc\u015f\u00fcm\u00fc \u00f6rnek g\u00f6steren Enerji ve Tabii Kaynaklar Bakan\u0131 Berat Albayrak, Madencilik sekt\u00f6r\u00fcne de de\u011fi\u015fim ve d\u00f6n\u00fc\u015f\u00fcm \u00e7a\u011fr\u0131s\u0131 yapt\u0131. Albayrak \u015f\u00f6yle devam etti: &#8221; T\u00fcrkiye&#8217;nin madencilik alan\u0131nda d\u00f6n\u00fc\u015f\u00fcm\u00fc do\u011fru okuyarak sanayi ve \u00fcniversitelerle i\u015fbirlikleri kurarak sadece hammadde\u00fcretimi de\u011fil, de\u011fer \u00fcretmeyi hedefleyen madencilik yap\u0131s\u0131n\u0131 hayata ge\u00e7irmeliyiz. Uluslararas\u0131 i\u015fbirlikleri yaparak madencili\u011fin \u015fampiyonlar ligine \u00e7\u0131kmal\u0131y\u0131z.&#8221;<\/p>\n<p><strong>T\u00fcrkiye&#8217;nin vitrinine ho\u015fgeldiniz<\/strong><\/p>\n<p>Antalya&#8217;y\u0131 T\u00fcrkiye&#8217;nin vitrini olarak tan\u0131mlayan Antalya Valisi M\u00fcnir Karalo\u011flu, madencilik sekt\u00f6r\u00fc temsilcilerine &#8220;T\u00fcrkiye&#8217;nin vitrini Antalya&#8217;ya ho\u015fgeldiniz&#8221; diye seslendi. Vali Karalo\u011flu, madencilik sekt\u00f6r\u00fcn\u00fcn t\u00fcm sekt\u00f6rlerin girdisini olu\u015fturan \u00f6nemli bir sekt\u00f6r oldu\u011funu, Madencilik sekt\u00f6r\u00fcnde ya\u015fanacak iyile\u015ftirmelerin t\u00fcm sekt\u00f6rlere olumlu yans\u0131yaca\u011f\u0131na inand\u0131\u011f\u0131n\u0131 dile getirdi. Karalo\u011flu, &#8220;Torba Yasa&#8217;da Madencilik sekt\u00f6r\u00fcn\u00fcn sorunlar\u0131n\u0131n b\u00fcy\u00fck b\u00f6l\u00fcm\u00fcn\u00fcn \u00e7\u00f6z\u00fclm\u00fc\u015f olmas\u0131ndan dolay\u0131 mutluyuz. \u00d6zellikle madencilik faaliyetlerinde sorunlara \u00e7\u00f6z\u00fcmler \u00fcretilmesini temenni ediyorum&#8221; \u015feklinde konu\u015ftu.<\/p>\n<p><strong>Bug\u00fcn Madencilik Sekt\u00f6r\u00fcn\u00fcn Bayram\u0131 <\/strong><\/p>\n<p>Madencilik \u00c7al\u0131\u015ftay\u0131&#8217;n\u0131 d\u00fczenlenen 11 kurulu\u015f ad\u0131na evsahibi olarak konu\u015fan Ege Maden \u0130hracat\u00e7\u0131lar\u0131 Birli\u011fi Ba\u015fkan\u0131 Mevl\u00fct Kaya, &#8220;Bug\u00fcn Madencilik Sekt\u00f6r\u00fc&#8217;n\u00fcn bayram\u0131 var. Madencilik Sekt\u00f6r\u00fc 4 y\u0131ll\u0131k aran\u0131n ard\u0131ndan tam kadro bug\u00fcn buraday\u0131z. Enerji ve Tabii Kaynaklar Bakan\u0131m\u0131z Say\u0131n Berat Albayrak&#8217;\u0131n Madencilik \u00c7al\u0131\u015ftay\u0131m\u0131z\u0131 onurland\u0131rmas\u0131 bizler i\u00e7in ekstra enerji verdi&#8221; dedi.<\/p>\n<p>Enerji ve Tabii Kaynaklar Bakan\u0131 Berat Albayrak&#8217;\u0131n Nisan ay\u0131nda ortaya koydu\u011fu, &#8220;Milli Enerji&#8221; ve Maden Politikas\u0131 projesinin ba\u015far\u0131l\u0131 olmas\u0131 i\u00e7in Madencilik Sekt\u00f6r\u00fcn\u00fcn tam kadro emrinde oldu\u011funun alt\u0131n\u0131 \u00e7izen EM\u0130B Ba\u015fkan\u0131 Kaya, &#8220;Milli Enerji&#8221; ve &#8220;Maden Politikas\u0131&#8221;n\u0131n hayata ge\u00e7mesi i\u00e7in sekt\u00f6r temsilcileri olarak neferiniz olarak \u00e7al\u0131\u015fmak istiyoruz.Milli Madencilik Politikas\u0131n\u0131n 3 sa\u00e7 aya\u011f\u0131 olan Enerji ve Hammadde Arz G\u00fcvenli\u011fi, Yerlile\u015fme Maden faaliyetlerini yaparken hem yerli makine ve ekipman\u0131 kullanmak ve \u00f6ng\u00f6r\u00fclebilir piyasalar. Bu kurgunuzda Madencilik Sekt\u00f6r\u00fcnde yapmak istedi\u011finiz yenilik ve de\u011fi\u015fimi hissediyoruz ve bunungere\u011fini yapmak i\u00e7in emrinizdeyiz&#8221; diye konu\u015ftu.<\/p>\n<p><strong>Madencilik Sekt\u00f6r\u00fc \u00f6z evlat muamelesi g\u00f6r\u00fcr oldu<\/strong><\/p>\n<p>Enerji ve Tabii Kaynaklar Bakan\u0131 Berat Albayrak&#8217;a, &#8220;Madencilik sekt\u00f6r\u00fcm\u00fcz ile ilgili ortaya koydu\u011funuz vizyon ve hedefleri ger\u00e7ekle\u015ftirmek i\u00e7in hepimiz buraday\u0131z&#8221; diye seslenen Kaya, s\u00f6zlerini \u015f\u00f6yle s\u00fcrd\u00fcrd\u00fc; &#8220;Madencilik Sekt\u00f6r\u00fc, Enerji ve Tabii Kaynaklar Bakanl\u0131\u011f\u0131&#8217;nda Say\u0131n Bakan\u0131m\u0131z g\u00f6reve gelmeden \u00f6nce \u00fcvey evlat muamelesi g\u00f6r\u00fcyordu. Say\u0131n Bakan\u0131m\u0131z\u0131n g\u00f6reve gelmesi sonras\u0131nda Madencilik Sekt\u00f6r\u00fc olarak, Bakanl\u0131\u011f\u0131m\u0131z\u0131n \u00f6z evlad\u0131 oldu\u011fumuzu hisseder olduk. Sekt\u00f6r\u00fcm\u00fcze kar\u015f\u0131 de\u011fi\u015fen bu olumlu alg\u0131 nedeniyleMadencilik Sekt\u00f6r\u00fc ad\u0131na \u015f\u00fckranlar\u0131m\u0131z\u0131 arz ediyoruz. Torba Yasada Madencilik Sekt\u00f6r\u00fcm\u00fcz\u00fc \u00f6zellikle rahatlatan 2 maddenin hayat bulmas\u0131nda olumlu yakla\u015f\u0131mlar\u0131 nedeniyle Say\u0131n Bakan\u0131m\u0131z\u0131n \u015eahs\u0131nda, Enerji ve Tabii Kaynaklar Bakanl\u0131\u011f\u0131 M\u00fcste\u015farl\u0131\u011f\u0131m\u0131z ve Maden \u0130\u015fleri Genel M\u00fcd\u00fcrl\u00fc\u011f\u00fcm\u00fcz ekibine te\u015fekk\u00fcrlerimizi sunuyoruz.&#8221;<\/p>\n<p>Madencilik Sekt\u00f6r\u00fc olarak Ba\u015fbakanl\u0131k Genelgesinin gere\u011fini 15 Temmuz sonras\u0131nda daha net anlad\u0131klar\u0131 mesaj\u0131n\u0131 veren EM\u0130B Ba\u015fkan\u0131 Kaya, &#8220;Ba\u015fbakanl\u0131k Genelgesinin, \u00fclkemiz emniyeti i\u00e7in yap\u0131ld\u0131\u011f\u0131n\u0131 biliyoruz. \u015eirketlerin, \u00fcretimlerini aksatmadan y\u00fcr\u00fctebilmesi i\u00e7in herhangi bir i\u015flemi Ba\u015fbakanl\u0131k\u00e7a onayland\u0131\u011f\u0131 zaman, \u015firketin bundan sonraki herhangi bir ruhsat\u0131na ait i\u015flemler i\u00e7in tekrar Ba\u015fbakanl\u0131\u011fa g\u00f6nderilmemesini takdirlerinize arz ediyoruz. Bu i\u015flemin di\u011fer Bakanl\u0131klarda da uygulanmas\u0131n\u0131n sa\u011flanmas\u0131n\u0131 \u00f6nemle arz ediyoruz&#8221; dedi.<\/p>\n<p><strong>Ekmekte bile maden var Hayat\u0131m\u0131z maden<\/strong><\/p>\n<p>Madencilik \u00c7al\u0131\u015ftay\u0131n\u0131n ana temas\u0131n\u0131 &#8220;Hayat\u0131m\u0131z Maden&#8221; olarak belirlediklerini hat\u0131rlatan Kaya, &#8220;G\u00fcnl\u00fck hayat\u0131m\u0131zda her an elimizde olan telefonlar\u0131m\u0131zda, Televizyonlar\u0131m\u0131zda, g\u00fcnde \u00fc\u00e7 kez kulland\u0131\u011f\u0131m\u0131z di\u015f macunlar\u0131m\u0131zda, hatta yedi\u011fimiz ekmekte bile maden var. Yani, &#8220;Hayat\u0131m\u0131z Maden&#8221; Madene olumsuz bakan kesimlere bunu anlatabilmeliyiz. Bu s\u00fcre\u00e7te kamuoyunun s\u00f6z\u00fcne en \u00e7ok itibar etti\u011fi bakanlar\u0131m\u0131zdan biri olarak sizden destek bekliyoruz. Yeni teknolojinin ba\u015f d\u00f6nd\u00fcr\u00fcc\u00fc bir h\u0131zla geli\u015fti\u011fi ve de\u011fi\u015fti\u011fi bir ortamda madencili\u011fe kar\u015f\u0131 \u00e7\u0131kmak gibi bir durum s\u00f6z konusu olamaz. Madenlerimizi do\u011faya sayg\u0131l\u0131 bir \u015fekilde \u00e7\u0131karmak ve do\u011fal kaynaklar\u0131m\u0131z\u0131 en iyi \u015fekilde de\u011ferlendirmek zorunday\u0131z&#8221; diye konu\u015ftu.<\/p>\n<p><strong>Madencilik sekt\u00f6r\u00fc 4.5 milyar dolar ihracat hedefliyor<\/strong><\/p>\n<p>Madencilik Sekt\u00f6r\u00fcn\u00fcn 2017 y\u0131l\u0131n\u0131n Ocak &#8211; Ekim d\u00f6neminde ihracat\u0131n\u0131 2016 y\u0131l\u0131n\u0131n ayn\u0131 d\u00f6nemine g\u00f6re y\u00fczde 27 art\u0131\u015fla 3.9 milyar dolara \u00e7\u0131kard\u0131\u011f\u0131 bilgisini veren Kaya, y\u0131lsonunda 4.5 milyar dolar\u0131 a\u015fmay\u0131 hedeflediklerini s\u00f6zlerine ekledi.<\/p>\n<p>Madencilik \u00c7al\u0131\u015ftay\u0131&#8217;n\u0131 Ege Maden \u0130hracat\u00e7\u0131lar\u0131 Birli\u011fi, \u0130stanbul Maden \u0130hracat\u00e7\u0131lar\u0131 Birli\u011fi, T. Mermer Do\u011falta\u015f ve Makinalar\u0131 \u00dcreticileri Birli\u011fi, T\u00fcrkiye Madenciler Derne\u011fi, Agrega \u00dcreticileri Birli\u011fi, Seramik, Cam ve \u00c7imento Hammaddeleri \u00dcreticileri Birli\u011fi, Ayd\u0131n Sanayi Odas\u0131, Ege B\u00f6lgesi Madenciler Derne\u011fi ve \u00c7anakkale Madenciler Derne\u011fi ortakla\u015fa d\u00fczenlerken, \u00c7al\u0131\u015ftaya Enerji ve Tabii Kaynaklar Bakan\u0131 Berat Albayrak, Antalya Valisi M\u00fcnir Karalo\u011flu, Antalya B\u00fcy\u00fck\u015fehir Belediye Ba\u015fkan Vekili Esat G\u00f6y\u00fck, Enerji ve Tabii Kaynaklar Bakanl\u0131\u011f\u0131, \u00c7evre ve \u015eehircilik Bakanl\u0131\u011f\u0131, Ekonomi Bakanl\u0131\u011f\u0131, Orman ve Su \u0130\u015fleri Bakanl\u0131\u011f\u0131 b\u00fcrokratlar\u0131 ve 500&#8217;\u00fcn \u00fczerinde sekt\u00f6r temsilcisi kat\u0131ld\u0131.<\/p>","protected":false},"excerpt":{"rendered":"<p>Sorry, this entry is only available in Turkish. For the sake of viewer convenience, the content is shown below in the alternative language. You may click the link to switch the active language.Enerji ve Tabii Kaynaklar Bakan\u0131 Berat Albayrak, Madencilik Sekt\u00f6r\u00fcn\u00fcn 2023 y\u0131l\u0131 i\u00e7in ortaya koydu\u011fu 15 milyar dolar ihracat hedefinin hayal olmad\u0131\u011f\u0131n\u0131 belirterek, &#8220;Madencilik [&hellip;]<\/p>\n","protected":false},"author":1,"featured_media":69471,"comment_status":"open","ping_status":"open","sticky":false,"template":"","format":"standard","meta":[],"categories":[53,24649],"tags":[27051,67,1009,23311,1675,5562,36126,36127,9321,36128],"views":1276,"_links":{"self":[{"href":"https:\/\/www.enerjigazetesi.ist\/en\/wp-json\/wp\/v2\/posts\/69470"}],"collection":[{"href":"https:\/\/www.enerjigazetesi.ist\/en\/wp-json\/wp\/v2\/posts"}],"about":[{"href":"https:\/\/www.enerjigazetesi.ist\/en\/wp-json\/wp\/v2\/types\/post"}],"author":[{"embeddable":true,"href":"https:\/\/www.enerjigazetesi.ist\/en\/wp-json\/wp\/v2\/users\/1"}],"replies":[{"embeddable":true,"href":"https:\/\/www.enerjigazetesi.ist\/en\/wp-json\/wp\/v2\/comments?post=69470"}],"version-history":[{"count":1,"href":"https:\/\/www.enerjigazetesi.ist\/en\/wp-json\/wp\/v2\/posts\/69470\/revisions"}],"predecessor-version":[{"id":69472,"href":"https:\/\/www.enerjigazetesi.ist\/en\/wp-json\/wp\/v2\/posts\/69470\/revisions\/69472"}],"wp:featuredmedia":[{"embeddable":true,"href":"https:\/\/www.enerjigazetesi.ist\/en\/wp-json\/wp\/v2\/media\/69471"}],"wp:attachment":[{"href":"https:\/\/www.enerjigazetesi.ist\/en\/wp-json\/wp\/v2\/media?parent=69470"}],"wp:term":[{"taxonomy":"category","embeddable":true,"href":"https:\/\/www.enerjigazetesi.ist\/en\/wp-json\/wp\/v2\/categories?post=69470"},{"taxonomy":"post_tag","embeddable":true,"href":"https:\/\/www.enerjigazetesi.ist\/en\/wp-json\/wp\/v2\/tags?post=69470"}],"curies":[{"name":"wp","href":"https:\/\/api.w.org\/{rel}","templated":true}]}}