{"id":69462,"date":"2017-11-24T14:30:25","date_gmt":"2017-11-24T11:30:25","guid":{"rendered":"https:\/\/www.enerjigazetesi.ist\/?p=69462"},"modified":"2017-11-24T14:30:25","modified_gmt":"2017-11-24T11:30:25","slug":"cezayirden-tunus-araciligiyla-libyaya-enerji-transferi-plani","status":"publish","type":"post","link":"https:\/\/www.enerjigazetesi.ist\/en\/cezayirden-tunus-araciligiyla-libyaya-enerji-transferi-plani\/","title":{"rendered":"(Turkish) Cezayir&#8217;den Tunus Arac\u0131l\u0131\u011f\u0131yla Libya\u2019ya Enerji Transferi Plan\u0131"},"content":{"rendered":"<p class=\"qtranxs-available-languages-message qtranxs-available-languages-message-en\">Sorry, this entry is only available in <a href=\"https:\/\/www.enerjigazetesi.ist\/tr\/wp-json\/wp\/v2\/posts\/69462\" class=\"qtranxs-available-language-link qtranxs-available-language-link-tr\" title=\"Turkish\">Turkish<\/a>. For the sake of viewer convenience, the content is shown below in the alternative language. You may click the link to switch the active language.<\/p><p><strong>Cezayir taraf\u0131ndan Tunus arac\u0131l\u0131\u011f\u0131 ile Libya\u2019ya enerji transfer edilmesinin planland\u0131\u011f\u0131 a\u00e7\u0131kland\u0131.\u00a0<span id=\"more-95726\"><\/span>\u0130ki \u00fclke aras\u0131nda enerji alan\u0131nda ortakl\u0131k anla\u015fmas\u0131na y\u00f6nelik Cezayir\u2019i ziyaret <img loading=\"lazy\" class=\"alignleft size-medium wp-image-39952\" src=\"https:\/\/www.enerjigazetesi.ist\/wp-content\/uploads\/2015\/06\/kktc-rum-iletim-sistemi-operatoru-ile-elektrik-sebekelerinin-birlestirilmesini-konustu-300x199.jpg\" alt=\"\" width=\"300\" height=\"199\" srcset=\"https:\/\/www.enerjigazetesi.ist\/wp-content\/uploads\/2015\/06\/kktc-rum-iletim-sistemi-operatoru-ile-elektrik-sebekelerinin-birlestirilmesini-konustu-300x199.jpg 300w, https:\/\/www.enerjigazetesi.ist\/wp-content\/uploads\/2015\/06\/kktc-rum-iletim-sistemi-operatoru-ile-elektrik-sebekelerinin-birlestirilmesini-konustu-500x332.jpg 500w, https:\/\/www.enerjigazetesi.ist\/wp-content\/uploads\/2015\/06\/kktc-rum-iletim-sistemi-operatoru-ile-elektrik-sebekelerinin-birlestirilmesini-konustu-75x50.jpg 75w, https:\/\/www.enerjigazetesi.ist\/wp-content\/uploads\/2015\/06\/kktc-rum-iletim-sistemi-operatoru-ile-elektrik-sebekelerinin-birlestirilmesini-konustu.jpg 870w\" sizes=\"(max-width: 300px) 100vw, 300px\" \/>eden Libya Genel Elektrik \u015eirketi (GECOL) heyeti, Cezayir h\u00fck\u00fcmetine ba\u011fl\u0131 Elektrik ve Gaz \u015eirketi Genel M\u00fcd\u00fcr\u00fc Muhammed Arkab ile bir araya geldi.<\/strong><\/p>\n<p>Arkab, \u00fclkesinin \u00fcretim fazlas\u0131 enerjiye sahip oldu\u011funu belirterek, \u201cElektrik ya da di\u011fer hizmetlerin ihra\u00e7 edilmesi i\u00e7in Tunus arac\u0131l\u0131\u011f\u0131yla Libya ile Cezayir aras\u0131nda y\u00fcksek gerilimli elektrik ba\u011flant\u0131s\u0131 kurulmas\u0131 imkan\u0131n\u0131 incelemekteyiz.\u201d dedi.<\/p>\n<p>GECOL Y\u00f6netim Kurulu Ba\u015fkan\u0131 Ali Muhammed Sasi ise \u00fclkesinin, enerji \u00fcretimi ve transferi gibi alanlarda baz\u0131 sorunlarla m\u00fccadele etti\u011fine de\u011finerek, bu nedenle Libya\u2019n\u0131n bat\u0131s\u0131 ve g\u00fcneyindeki kentlere Cezayir\u2019den enerji sa\u011flanmas\u0131n\u0131 istediklerini dile getirdi.<\/p>","protected":false},"excerpt":{"rendered":"<p>Sorry, this entry is only available in Turkish. For the sake of viewer convenience, the content is shown below in the alternative language. You may click the link to switch the active language.Cezayir taraf\u0131ndan Tunus arac\u0131l\u0131\u011f\u0131 ile Libya\u2019ya enerji transfer edilmesinin planland\u0131\u011f\u0131 a\u00e7\u0131kland\u0131.\u00a0\u0130ki \u00fclke aras\u0131nda enerji alan\u0131nda ortakl\u0131k anla\u015fmas\u0131na y\u00f6nelik Cezayir\u2019i ziyaret eden Libya Genel [&hellip;]<\/p>\n","protected":false},"author":1,"featured_media":39952,"comment_status":"open","ping_status":"open","sticky":false,"template":"","format":"standard","meta":[],"categories":[51,53],"tags":[34979,34980,26353,67,1009],"views":846,"_links":{"self":[{"href":"https:\/\/www.enerjigazetesi.ist\/en\/wp-json\/wp\/v2\/posts\/69462"}],"collection":[{"href":"https:\/\/www.enerjigazetesi.ist\/en\/wp-json\/wp\/v2\/posts"}],"about":[{"href":"https:\/\/www.enerjigazetesi.ist\/en\/wp-json\/wp\/v2\/types\/post"}],"author":[{"embeddable":true,"href":"https:\/\/www.enerjigazetesi.ist\/en\/wp-json\/wp\/v2\/users\/1"}],"replies":[{"embeddable":true,"href":"https:\/\/www.enerjigazetesi.ist\/en\/wp-json\/wp\/v2\/comments?post=69462"}],"version-history":[{"count":1,"href":"https:\/\/www.enerjigazetesi.ist\/en\/wp-json\/wp\/v2\/posts\/69462\/revisions"}],"predecessor-version":[{"id":69463,"href":"https:\/\/www.enerjigazetesi.ist\/en\/wp-json\/wp\/v2\/posts\/69462\/revisions\/69463"}],"wp:featuredmedia":[{"embeddable":true,"href":"https:\/\/www.enerjigazetesi.ist\/en\/wp-json\/wp\/v2\/media\/39952"}],"wp:attachment":[{"href":"https:\/\/www.enerjigazetesi.ist\/en\/wp-json\/wp\/v2\/media?parent=69462"}],"wp:term":[{"taxonomy":"category","embeddable":true,"href":"https:\/\/www.enerjigazetesi.ist\/en\/wp-json\/wp\/v2\/categories?post=69462"},{"taxonomy":"post_tag","embeddable":true,"href":"https:\/\/www.enerjigazetesi.ist\/en\/wp-json\/wp\/v2\/tags?post=69462"}],"curies":[{"name":"wp","href":"https:\/\/api.w.org\/{rel}","templated":true}]}}