{"id":69435,"date":"2017-11-23T12:55:07","date_gmt":"2017-11-23T09:55:07","guid":{"rendered":"https:\/\/www.enerjigazetesi.ist\/?p=69435"},"modified":"2017-11-23T12:55:07","modified_gmt":"2017-11-23T09:55:07","slug":"go-kalitesi-5-yildizli-mukemmellikte-yetkinlik-belgesi-ile-tescillendi","status":"publish","type":"post","link":"https:\/\/www.enerjigazetesi.ist\/en\/go-kalitesi-5-yildizli-mukemmellikte-yetkinlik-belgesi-ile-tescillendi\/","title":{"rendered":"(Turkish) GO Kalitesi \u201c5 Y\u0131ld\u0131zl\u0131 M\u00fckemmellikte Yetkinlik\u201d Belgesi \u0130le Tescillendi"},"content":{"rendered":"<p class=\"qtranxs-available-languages-message qtranxs-available-languages-message-en\">Sorry, this entry is only available in <a href=\"https:\/\/www.enerjigazetesi.ist\/tr\/wp-json\/wp\/v2\/posts\/69435\" class=\"qtranxs-available-language-link qtranxs-available-language-link-tr\" title=\"Turkish\">Turkish<\/a>. For the sake of viewer convenience, the content is shown below in the alternative language. You may click the link to switch the active language.<\/p><p><\/p>\n<h2>GO kalitesi \u201c5 Y\u0131ld\u0131zl\u0131 M\u00fckemmellikte Yetkinlik\u201d belgesi ile tescillendi<\/h2>\n<p><strong>T\u00fcrkiye\u2019nin gen\u00e7 ve yenilik\u00e7i yak\u0131t markas\u0131 GO, \u00f6nemli bir ba\u015far\u0131ya daha imza att\u0131. KalDer taraf\u0131ndan d\u00fczenlenen 26. Kalite Kongresi\u2019nde GO, \u201c5 Y\u0131ld\u0131zl\u0131 M\u00fckemmellikte Yetkinlik\u201d belgesine lay\u0131k g\u00f6r\u00fcld\u00fc. GO, T\u00fcrkiye akaryak\u0131t sekt\u00f6r\u00fcnde bu tescili alan en gen\u00e7 marka olarak 5\u2019inci y\u0131l\u0131na 5 y\u0131ld\u0131zl\u0131 sertifika ile girdi. <\/strong><\/p>\n<p><strong>GO\u2019nun EFQM M\u00fckemmellikte Yetkinlik Tan\u0131ma Program\u0131\u2019na ilk ba\u015fvurusunda 5 y\u0131ld\u0131za lay\u0131k g\u00f6r\u00fclmesinin alt\u0131n\u0131 \u00e7izen \u0130pragaz CEO\u2019su Ey\u00fcp Aratay, \u201cGO, \u00e7a\u011fda\u015f ve dinamik yap\u0131s\u0131 ile T\u00fcrkiye akaryak\u0131t sekt\u00f6r\u00fcne bir\u00e7ok alan\u0131na, hareketlilik getirdi, yenilikler katt\u0131\u201d dedi. <\/strong><\/p>\n<p>T\u00fcrkiye Kalite Derne\u011fi \u2013 KalDer taraf\u0131ndan d\u00fczenlenen Kalite Kongresi\u2019nin 26\u2019nc\u0131s\u0131, bu y\u0131l \u201cD\u00f6n\u00fc\u015f\u00fcme Liderlik\u201d ana temas\u0131yla d\u00fczenlendi. 21-22 Kas\u0131m tarihleri aras\u0131nda Zorlu Performans Sanatlar <img loading=\"lazy\" class=\"alignright size-medium wp-image-69436\" src=\"https:\/\/www.enerjigazetesi.ist\/wp-content\/uploads\/2017\/11\/go-kalitesi-5-yildizli-mukemmellikte-yetkinlik-belgesi-ile-tescillendi-298x300.jpg\" alt=\"\" width=\"298\" height=\"300\" srcset=\"https:\/\/www.enerjigazetesi.ist\/wp-content\/uploads\/2017\/11\/go-kalitesi-5-yildizli-mukemmellikte-yetkinlik-belgesi-ile-tescillendi-298x300.jpg 298w, https:\/\/www.enerjigazetesi.ist\/wp-content\/uploads\/2017\/11\/go-kalitesi-5-yildizli-mukemmellikte-yetkinlik-belgesi-ile-tescillendi-150x150.jpg 150w, https:\/\/www.enerjigazetesi.ist\/wp-content\/uploads\/2017\/11\/go-kalitesi-5-yildizli-mukemmellikte-yetkinlik-belgesi-ile-tescillendi-768x772.jpg 768w, https:\/\/www.enerjigazetesi.ist\/wp-content\/uploads\/2017\/11\/go-kalitesi-5-yildizli-mukemmellikte-yetkinlik-belgesi-ile-tescillendi-398x400.jpg 398w, https:\/\/www.enerjigazetesi.ist\/wp-content\/uploads\/2017\/11\/go-kalitesi-5-yildizli-mukemmellikte-yetkinlik-belgesi-ile-tescillendi-50x50.jpg 50w, https:\/\/www.enerjigazetesi.ist\/wp-content\/uploads\/2017\/11\/go-kalitesi-5-yildizli-mukemmellikte-yetkinlik-belgesi-ile-tescillendi-144x144.jpg 144w, https:\/\/www.enerjigazetesi.ist\/wp-content\/uploads\/2017\/11\/go-kalitesi-5-yildizli-mukemmellikte-yetkinlik-belgesi-ile-tescillendi.jpg 994w\" sizes=\"(max-width: 298px) 100vw, 298px\" \/>Merkezi\u2019nde d\u00fczenlenen 26. Kalite Kongresi, yine 100\u2019e yak\u0131n yerli ve yabanc\u0131 \u00fcst d\u00fczey y\u00f6neticinin bilgi birikimlerini aktard\u0131\u011f\u0131 oturumlarla, T\u00fcrkiye i\u015f d\u00fcnyas\u0131n\u0131n bulu\u015fma noktas\u0131 oldu.<\/p>\n<p>T\u00fcrkiye akaryak\u0131t sekt\u00f6r\u00fcn\u00fcn gen\u00e7 ve yenilik\u00e7i markas\u0131 GO, KalDer \u2013 26. Kalite Kongresi\u2019nde \u201c5 Y\u0131ld\u0131zl\u0131 M\u00fckemmellikte Yetkinlik\u201d sertifikas\u0131na lay\u0131k g\u00f6r\u00fcld\u00fc. \u00c7a\u011fda\u015f, yenilik\u00e7i yap\u0131s\u0131, kalitesi ve Yeni Nesil Yak\u0131t \u0130stasyonlar\u0131 ile fark yaratan GO, \u201c5 Y\u0131ld\u0131zl\u0131 M\u00fckemmellikte Yetkinlik\u201d sertifikas\u0131n\u0131 hen\u00fcz 4\u2019\u00fcnc\u00fc y\u0131l\u0131nda almaya hak kazand\u0131. GO sertifikayla birlikte \u00f6nemli bir ba\u015far\u0131ya imza atarak, T\u00fcrkiye akaryak\u0131t sekt\u00f6r\u00fcnde bu \u00f6nemli belgeye ula\u015fan en gen\u00e7 marka oldu.<\/p>\n<p>Kalite Kongresi\u2019nin ikinci g\u00fcn\u00fcnde d\u00fczenlenen \u00f6d\u00fcl t\u00f6reninde \u0130pragaz CEO\u2019su Ey\u00fcp Aratay, GO\u2019ya verilen \u201c5 Y\u0131ld\u0131zl\u0131 M\u00fckemmellikte Yetkinlik\u201d sertifikas\u0131n\u0131 KalDer Y\u00f6netim Kurulu Ba\u015fkan Yard\u0131mc\u0131s\u0131 Mutlu Ocak\u2019\u0131n elinden ald\u0131.<\/p>\n<p><strong>GO kalitesi ve yenilik\u00e7i yap\u0131s\u0131, M\u00fckemmellikte Yetkinlik belgesi ile tescillendi<\/strong><\/p>\n<p>M\u00fckemmeliyet\u00e7i bir yakla\u015f\u0131m ve k\u00fcresel standartlarla GO\u2019yu yaratt\u0131klar\u0131n\u0131 belirten \u0130pragaz CEO\u2019su Ey\u00fcp Aratay, \u201cGO, y\u00fcksek standartlar\u0131, kalitesi ve bir\u00e7ok a\u00e7\u0131dan getirdi\u011fi yeniliklerle T\u00fcrkiye akaryak\u0131t sekt\u00f6r\u00fcne hareketlilik kazand\u0131rd\u0131, \u00f6nemli geli\u015fmelere imza att\u0131. Ald\u0131\u011f\u0131m\u0131z bu \u00f6d\u00fcl, hem bu m\u00fckemmeliyet\u00e7i yakla\u015f\u0131m\u0131m\u0131z\u0131 hem de arzulad\u0131\u011f\u0131m\u0131z kaliteyi yollara da yans\u0131tabildi\u011fimizin bir tescili oldu. Hem de hen\u00fcz 4\u2019\u00fcnc\u00fc y\u0131l\u0131m\u0131zda ve ilk ba\u015fvuruda lay\u0131k g\u00f6r\u00fclmemiz vesilesi ile bizim i\u00e7in \u00e7ok anlaml\u0131\u201d dedi.<\/p>\n<p>T\u00fcrkiye\u2019nin kalite s\u00fcre\u00e7lerine katk\u0131 sa\u011flamak amac\u0131yla \u0130pragaz ve GO\u2019nun, Akademi D\u00fcnyas\u0131 \u00dcniversite ve Oturum sponsorluklar\u0131n\u0131 \u00fcstlendikleri 26. Kalite Kongresi\u2019nde oturumlar ise \u015fu ba\u015fl\u0131klarla ger\u00e7ekle\u015fti:<\/p>\n<p>\u201cF\u00fct\u00fcrizmden Realiteye: D\u00f6n\u00fc\u015fen D\u00f6n\u00fc\u015ft\u00fcren Teknoloji\u201d \u2013 \u201cBirle\u015fmi\u015f Milletler S\u00fcrd\u00fcr\u00fclebilir Kalk\u0131nma Hedefleri\u201d \u2013 \u201c\u0130\u015f Hayat\u0131nda \u0130yi Olma Hali Ruhun Ergonomisi ve Mutluluk\u201d \u2013 \u201cY\u00f6neticilikten Liderli\u011fe, Liderlikten Hizmetkarl\u0131\u011fa\u201d \u2013 \u201cEurexit: Avrupa\u2019n\u0131n D\u00f6n\u00fc\u015fen Y\u00fcz\u00fc, D\u00f6n\u00fc\u015f\u00fcm ve Etkileri\u201d \u2013 \u201cDijital D\u00f6n\u00fc\u015f\u00fcm ve D\u00f6n\u00fc\u015fen E\u011fitim Anlay\u0131\u015f\u0131 (\u00d6rg\u00fcn, Yayg\u0131n ve Kurumsal E\u011fitimin yeniden tan\u0131mlanmas\u0131)\u201d \u2013 \u201cDe\u011ferlenen \u0130nsani Yetenekler\u201d \u2013 \u201cK\u00fcresel Parametreler, Davran\u0131\u015flar ve De\u011ferler\u201d \u2013 \u201cGiri\u015fimcilik Ruhuyla De\u011fi\u015fen R\u00fczgara Kar\u015f\u0131 Durmak\u201d \u2013 \u201cThe Future of Workforce! The Workforce of Future (\u0130\u015fg\u00fcc\u00fcn\u00fcn Gelece\u011fi! Gelece\u011fin \u0130\u015fg\u00fcc\u00fc!)\u201d \u2013 \u201cPayla\u015f\u0131m Ekonomisi\u201d ve \u201cYa\u015fan\u0131labilir \u015eehirler\u201d.<\/p>","protected":false},"excerpt":{"rendered":"<p>Sorry, this entry is only available in Turkish. For the sake of viewer convenience, the content is shown below in the alternative language. You may click the link to switch the active language. GO kalitesi \u201c5 Y\u0131ld\u0131zl\u0131 M\u00fckemmellikte Yetkinlik\u201d belgesi ile tescillendi T\u00fcrkiye\u2019nin gen\u00e7 ve yenilik\u00e7i yak\u0131t markas\u0131 GO, \u00f6nemli bir ba\u015far\u0131ya daha imza att\u0131. [&hellip;]<\/p>\n","protected":false},"author":1,"featured_media":69436,"comment_status":"open","ping_status":"open","sticky":false,"template":"","format":"standard","meta":[],"categories":[53,44],"tags":[35344,36119,67,1009,23311,1914,36118,34935,34936,6602,36117],"views":1358,"_links":{"self":[{"href":"https:\/\/www.enerjigazetesi.ist\/en\/wp-json\/wp\/v2\/posts\/69435"}],"collection":[{"href":"https:\/\/www.enerjigazetesi.ist\/en\/wp-json\/wp\/v2\/posts"}],"about":[{"href":"https:\/\/www.enerjigazetesi.ist\/en\/wp-json\/wp\/v2\/types\/post"}],"author":[{"embeddable":true,"href":"https:\/\/www.enerjigazetesi.ist\/en\/wp-json\/wp\/v2\/users\/1"}],"replies":[{"embeddable":true,"href":"https:\/\/www.enerjigazetesi.ist\/en\/wp-json\/wp\/v2\/comments?post=69435"}],"version-history":[{"count":1,"href":"https:\/\/www.enerjigazetesi.ist\/en\/wp-json\/wp\/v2\/posts\/69435\/revisions"}],"predecessor-version":[{"id":69437,"href":"https:\/\/www.enerjigazetesi.ist\/en\/wp-json\/wp\/v2\/posts\/69435\/revisions\/69437"}],"wp:featuredmedia":[{"embeddable":true,"href":"https:\/\/www.enerjigazetesi.ist\/en\/wp-json\/wp\/v2\/media\/69436"}],"wp:attachment":[{"href":"https:\/\/www.enerjigazetesi.ist\/en\/wp-json\/wp\/v2\/media?parent=69435"}],"wp:term":[{"taxonomy":"category","embeddable":true,"href":"https:\/\/www.enerjigazetesi.ist\/en\/wp-json\/wp\/v2\/categories?post=69435"},{"taxonomy":"post_tag","embeddable":true,"href":"https:\/\/www.enerjigazetesi.ist\/en\/wp-json\/wp\/v2\/tags?post=69435"}],"curies":[{"name":"wp","href":"https:\/\/api.w.org\/{rel}","templated":true}]}}