{"id":69421,"date":"2017-11-23T12:06:48","date_gmt":"2017-11-23T09:06:48","guid":{"rendered":"https:\/\/www.enerjigazetesi.ist\/?p=69421"},"modified":"2017-11-23T12:57:46","modified_gmt":"2017-11-23T09:57:46","slug":"zorlu-enerjinin-kizildere-3-jeotermal-santralinin-ilk-fazi-hizmete-girdi","status":"publish","type":"post","link":"https:\/\/www.enerjigazetesi.ist\/en\/zorlu-enerjinin-kizildere-3-jeotermal-santralinin-ilk-fazi-hizmete-girdi\/","title":{"rendered":"(Turkish) Zorlu Enerji\u2019nin K\u0131z\u0131ldere III Jeotermal Santralinin \u0130lk Faz\u0131 Hizmete Girdi"},"content":{"rendered":"<p class=\"qtranxs-available-languages-message qtranxs-available-languages-message-en\">Sorry, this entry is only available in <a href=\"https:\/\/www.enerjigazetesi.ist\/tr\/wp-json\/wp\/v2\/posts\/69421\" class=\"qtranxs-available-language-link qtranxs-available-language-link-tr\" title=\"Turkish\">Turkish<\/a>. For the sake of viewer convenience, the content is shown below in the alternative language. You may click the link to switch the active language.<\/p><p><strong>Zorlu Enerji\u2019nin 320 Milyon Dolar yat\u0131r\u0131mla tamamlad\u0131\u011f\u0131 K\u0131z\u0131ldere III projesinin 99,5 MW kurulu g\u00fcce sahip ilk \u00fcnitesinin resmi a\u00e7\u0131l\u0131\u015f\u0131, Cumhurba\u015fkan\u0131 Recep Tayyip Erdo\u011fan\u2019\u0131n ev sahipli\u011finde Enerji ve Tabii Kaynaklar Bakan\u0131 Berat Albayrak, Zorlu Holding Y\u00f6netim Kurulu Ba\u015fkan\u0131 Ahmet Zorlu ve Y\u00f6netim Kurulu \u00dcyesi Olgun Zorlu ve \u00e7ok say\u0131da kat\u0131l\u0131mc\u0131n\u0131n yer ald\u0131\u011f\u0131 t\u00f6renle Cumhurba\u015fkanl\u0131\u011f\u0131 K\u00fclliyesinde ger\u00e7ekle\u015ftirildi.<\/strong><\/p>\n<p>T\u00fcrkiye\u2019nin yerli ve yenilenebilir enerji kaynaklar\u0131n\u0131 s\u00fcrd\u00fcr\u00fclebilirlik vizyonu \u00e7er\u00e7evesinde ekonomiye kazand\u0131ran Zorlu Enerji\u2019nin K\u0131z\u0131ldere III jeotermal santralinin ilk faz a\u00e7\u0131l\u0131\u015f\u0131, Cumhurba\u015fkanl\u0131\u011f\u0131 K\u00fclliyesinde d\u00fczenlenen resmi t\u00f6renle ger\u00e7ekle\u015ftirildi. Cumhurba\u015fkan\u0131 Recep Tayyip Erdo\u011fan\u2019\u0131n ev<img loading=\"lazy\" class=\"alignright wp-image-69422 size-medium\" src=\"https:\/\/www.enerjigazetesi.ist\/wp-content\/uploads\/2017\/11\/zorlu-enerjinin-kizildere-3-jeotermal-santralinin-ilk-fazi-hizmete-girdi-300x225.jpg\" alt=\"\" width=\"300\" height=\"225\" srcset=\"https:\/\/www.enerjigazetesi.ist\/wp-content\/uploads\/2017\/11\/zorlu-enerjinin-kizildere-3-jeotermal-santralinin-ilk-fazi-hizmete-girdi-300x225.jpg 300w, https:\/\/www.enerjigazetesi.ist\/wp-content\/uploads\/2017\/11\/zorlu-enerjinin-kizildere-3-jeotermal-santralinin-ilk-fazi-hizmete-girdi-500x375.jpg 500w, https:\/\/www.enerjigazetesi.ist\/wp-content\/uploads\/2017\/11\/zorlu-enerjinin-kizildere-3-jeotermal-santralinin-ilk-fazi-hizmete-girdi-67x50.jpg 67w, https:\/\/www.enerjigazetesi.ist\/wp-content\/uploads\/2017\/11\/zorlu-enerjinin-kizildere-3-jeotermal-santralinin-ilk-fazi-hizmete-girdi.jpg 749w\" sizes=\"(max-width: 300px) 100vw, 300px\" \/> sahipli\u011finde ger\u00e7ekle\u015ftirilen t\u00f6rene, Enerji ve Tabii Kaynaklar Bakan\u0131 Berat Albayrak, Zorlu Holding Y\u00f6netim Kurulu Ba\u015fkan\u0131 Ahmet Zorlu ve Y\u00f6netim Kurulu \u00dcyesi Olgun Zorlu kat\u0131ld\u0131.<\/p>\n<p>Enerji sekt\u00f6r\u00fcn\u00fc temsilen, \u00e7ok say\u0131da kat\u0131l\u0131mc\u0131n\u0131n da yer ald\u0131\u011f\u0131 a\u00e7\u0131l\u0131\u015fta duygu ve d\u00fc\u015f\u00fcncelerini dile getiren Zorlu Holding Y\u00f6netim Kurulu Ba\u015fkan\u0131 Ahmet Zorlu; \u201cZorlu Holding olarak daha ya\u015fanabilir ve s\u00fcrd\u00fcr\u00fclebilir bir d\u00fcnya hayalimize hayat verecek uzun soluklu yat\u0131r\u0131mlar i\u00e7in \u00f6nemli ad\u0131mlar at\u0131yoruz. Son 10 y\u0131lda 2 milyar dolar civar\u0131nda yat\u0131r\u0131m yapt\u0131\u011f\u0131m\u0131z enerjide, s\u00fcrd\u00fcr\u00fclebilir bir gelecek in\u015fa edebilmek ad\u0131na yerli, yenilenebilir ve temiz enerji kaynaklar\u0131na dayal\u0131 yat\u0131r\u0131mlar yapmaya devam ediyoruz. Bunun bir yans\u0131mas\u0131 olarak, Zorlu Enerji\u2019nin bug\u00fcn T\u00fcrkiye\u2019deki kurulu g\u00fcc\u00fcn\u00fcn y\u00fczde 76\u2019s\u0131 yenilenebilir enerji kaynaklar\u0131na dayan\u0131yor. Zorlu Enerji\u2019nin T\u00fcrkiye\u2019deki d\u00f6rd\u00fcnc\u00fc jeotermal enerji projesi olan K\u0131z\u0131ldere III jeotermal santralimizin ilk faz\u0131 i\u00e7in 320 Milyon Dolar yat\u0131r\u0131m yapt\u0131k. \u00d6n\u00fcm\u00fczdeki y\u0131l tamamlamay\u0131 planlad\u0131\u011f\u0131m\u0131z K\u0131z\u0131ldere III santral projemiz sahip olaca\u011f\u0131 toplam 165 MW kurulu g\u00fc\u00e7 ile T\u00fcrkiye\u2019nin en b\u00fcy\u00fck jeotermal santrali olacak\u201d dedi.<\/p>\n<p>Denizli\u2019nin Sarayk\u00f6y il\u00e7esinde kurulumuna ge\u00e7en y\u0131l itibar\u0131yla ba\u015flanan K\u0131z\u0131ldere III jeotermal santralinin sisteme kabul\u00fc Enerji ve Tabii Kaynaklar Bakanl\u0131\u011f\u0131 taraf\u0131ndan ge\u00e7ti\u011fimiz aylarda ger\u00e7ekle\u015ftirilmi\u015fti. Ticari elektrik sat\u0131\u015f\u0131na ba\u015flanan K\u0131z\u0131ldere III jeotermal santralinin 99,5 MW kurulu g\u00fcce sahip ilk \u00fcnitesi y\u0131lda 720 milyon KW\/saat elektrik \u00fcretecek.<\/p>","protected":false},"excerpt":{"rendered":"<p>Sorry, this entry is only available in Turkish. For the sake of viewer convenience, the content is shown below in the alternative language. You may click the link to switch the active language.Zorlu Enerji\u2019nin 320 Milyon Dolar yat\u0131r\u0131mla tamamlad\u0131\u011f\u0131 K\u0131z\u0131ldere III projesinin 99,5 MW kurulu g\u00fcce sahip ilk \u00fcnitesinin resmi a\u00e7\u0131l\u0131\u015f\u0131, Cumhurba\u015fkan\u0131 Recep Tayyip Erdo\u011fan\u2019\u0131n [&hellip;]<\/p>\n","protected":false},"author":1,"featured_media":69422,"comment_status":"open","ping_status":"open","sticky":false,"template":"","format":"standard","meta":[],"categories":[53,48],"tags":[67,1009,16077,34986,34985,36112,105,344],"views":1886,"_links":{"self":[{"href":"https:\/\/www.enerjigazetesi.ist\/en\/wp-json\/wp\/v2\/posts\/69421"}],"collection":[{"href":"https:\/\/www.enerjigazetesi.ist\/en\/wp-json\/wp\/v2\/posts"}],"about":[{"href":"https:\/\/www.enerjigazetesi.ist\/en\/wp-json\/wp\/v2\/types\/post"}],"author":[{"embeddable":true,"href":"https:\/\/www.enerjigazetesi.ist\/en\/wp-json\/wp\/v2\/users\/1"}],"replies":[{"embeddable":true,"href":"https:\/\/www.enerjigazetesi.ist\/en\/wp-json\/wp\/v2\/comments?post=69421"}],"version-history":[{"count":2,"href":"https:\/\/www.enerjigazetesi.ist\/en\/wp-json\/wp\/v2\/posts\/69421\/revisions"}],"predecessor-version":[{"id":69438,"href":"https:\/\/www.enerjigazetesi.ist\/en\/wp-json\/wp\/v2\/posts\/69421\/revisions\/69438"}],"wp:featuredmedia":[{"embeddable":true,"href":"https:\/\/www.enerjigazetesi.ist\/en\/wp-json\/wp\/v2\/media\/69422"}],"wp:attachment":[{"href":"https:\/\/www.enerjigazetesi.ist\/en\/wp-json\/wp\/v2\/media?parent=69421"}],"wp:term":[{"taxonomy":"category","embeddable":true,"href":"https:\/\/www.enerjigazetesi.ist\/en\/wp-json\/wp\/v2\/categories?post=69421"},{"taxonomy":"post_tag","embeddable":true,"href":"https:\/\/www.enerjigazetesi.ist\/en\/wp-json\/wp\/v2\/tags?post=69421"}],"curies":[{"name":"wp","href":"https:\/\/api.w.org\/{rel}","templated":true}]}}