{"id":69385,"date":"2017-11-21T14:52:53","date_gmt":"2017-11-21T11:52:53","guid":{"rendered":"https:\/\/www.enerjigazetesi.ist\/?p=69385"},"modified":"2017-11-21T14:52:53","modified_gmt":"2017-11-21T11:52:53","slug":"aksa-jenerator-eemkon-2017de-paydaslariyla-bulustu","status":"publish","type":"post","link":"https:\/\/www.enerjigazetesi.ist\/en\/aksa-jenerator-eemkon-2017de-paydaslariyla-bulustu\/","title":{"rendered":"(Turkish) AKSA Jenerat\u00f6r, EEMKON 2017\u2019de Payda\u015flar\u0131yla Bulu\u015ftu"},"content":{"rendered":"<p class=\"qtranxs-available-languages-message qtranxs-available-languages-message-en\">Sorry, this entry is only available in <a href=\"https:\/\/www.enerjigazetesi.ist\/tr\/wp-json\/wp\/v2\/posts\/69385\" class=\"qtranxs-available-language-link qtranxs-available-language-link-tr\" title=\"Turkish\">Turkish<\/a>. For the sake of viewer convenience, the content is shown below in the alternative language. You may click the link to switch the active language.<\/p><p><strong>Uzun y\u0131llard\u0131r T\u00fcrkiye jenerat\u00f6r pazar\u0131n\u0131n lideri olan ve d\u00fcnya \u00e7ap\u0131nda faaliyet g\u00f6steren AKSA Jenerat\u00f6r, 16-18 Kas\u0131m aras\u0131nda Harbiye Askeri M\u00fcze K\u00fclt\u00fcr Sitesi&#8217;nde d\u00fczenlenen EEMKON 2017\u2019ye kat\u0131larak sekt\u00f6r payda\u015flar\u0131yla bir araya geldi.<\/strong><\/p>\n<p><img loading=\"lazy\" class=\"alignleft size-medium wp-image-69386\" src=\"https:\/\/www.enerjigazetesi.ist\/wp-content\/uploads\/2017\/11\/1511259749_EEMKOM_LOGO-300x293.jpg\" alt=\"\" width=\"300\" height=\"293\" srcset=\"https:\/\/www.enerjigazetesi.ist\/wp-content\/uploads\/2017\/11\/1511259749_EEMKOM_LOGO-300x293.jpg 300w, https:\/\/www.enerjigazetesi.ist\/wp-content\/uploads\/2017\/11\/1511259749_EEMKOM_LOGO-410x400.jpg 410w, https:\/\/www.enerjigazetesi.ist\/wp-content\/uploads\/2017\/11\/1511259749_EEMKOM_LOGO-51x50.jpg 51w, https:\/\/www.enerjigazetesi.ist\/wp-content\/uploads\/2017\/11\/1511259749_EEMKOM_LOGO.jpg 430w\" sizes=\"(max-width: 300px) 100vw, 300px\" \/><\/p>\n<p>T\u00fcrkiye jenerat\u00f6r pazar\u0131n\u0131n lideri AKSA Jenerat\u00f6r, 16-18 Kas\u0131m aras\u0131nda Harbiye Askeri M\u00fcze K\u00fclt\u00fcr Sitesi&#8217;nde d\u00fczenlenen EEMKON (Elektrik Elektronik M\u00fchendisli\u011fi Kongresi) 2017\u2019ye kat\u0131ld\u0131. Elektrik, elektronik ve biyomedikal m\u00fchendisli\u011fi alanlar\u0131nda T\u00fcrkiye\u2019de ve d\u00fcnyadaki ya\u015fanan geli\u015fmelerin ve yeniliklerin payla\u015f\u0131laca\u011f\u0131, gelece\u011fe ili\u015fkin politikalar\u0131 tart\u0131\u015f\u0131ld\u0131\u011f\u0131 kongrede; AKSA Jenerat\u00f6r de sekt\u00f6r\u00fcn\u00fcn \u00f6nemli payda\u015flar\u0131yla bir araya geldi.<\/p>\n<p>Kongreye ili\u015fkin bir de\u011ferlendirmede bulunan<strong> AKSA Jenerat\u00f6r Ceo\u2019su Alper Peker<\/strong>, \u201c<em>Elektrik Elektronik M\u00fchendisli\u011fi Kongresi gibi yeniliklerin, geli\u015fmelerin konu\u015fuldu\u011fu bu tarz \u00f6nemli etkinlikler hem sekt\u00f6r\u00fcm\u00fcz hem de \u00fclkemiz ad\u0131na b\u00fcy\u00fck \u00f6nem ta\u015f\u0131yor. Biz de AKSA Jenerat\u00f6r olarak t\u00fcm d\u00fcnyada sekt\u00f6r\u00fcm\u00fczde ya\u015fanan geli\u015fmeleri yak\u0131ndan takip ederek kendimizi s\u00fcrekli yeniliyoruz. EEMKON gibi etkinlikler payda\u015flar\u0131m\u0131zla bir araya gelerek fikir al\u0131\u015fveri\u015finde bulunmak, sekt\u00f6r\u00fc birlikte de\u011ferlendirmek ad\u0131na da bize f\u0131rsat yarat\u0131yor<\/em>\u201d dedi.<\/p>","protected":false},"excerpt":{"rendered":"<p>Sorry, this entry is only available in Turkish. For the sake of viewer convenience, the content is shown below in the alternative language. You may click the link to switch the active language.Uzun y\u0131llard\u0131r T\u00fcrkiye jenerat\u00f6r pazar\u0131n\u0131n lideri olan ve d\u00fcnya \u00e7ap\u0131nda faaliyet g\u00f6steren AKSA Jenerat\u00f6r, 16-18 Kas\u0131m aras\u0131nda Harbiye Askeri M\u00fcze K\u00fclt\u00fcr Sitesi&#8217;nde d\u00fczenlenen [&hellip;]<\/p>\n","protected":false},"author":1,"featured_media":69386,"comment_status":"open","ping_status":"open","sticky":false,"template":"","format":"standard","meta":[],"categories":[51,53],"tags":[12982,28913,36090,36091,67,1009],"views":972,"_links":{"self":[{"href":"https:\/\/www.enerjigazetesi.ist\/en\/wp-json\/wp\/v2\/posts\/69385"}],"collection":[{"href":"https:\/\/www.enerjigazetesi.ist\/en\/wp-json\/wp\/v2\/posts"}],"about":[{"href":"https:\/\/www.enerjigazetesi.ist\/en\/wp-json\/wp\/v2\/types\/post"}],"author":[{"embeddable":true,"href":"https:\/\/www.enerjigazetesi.ist\/en\/wp-json\/wp\/v2\/users\/1"}],"replies":[{"embeddable":true,"href":"https:\/\/www.enerjigazetesi.ist\/en\/wp-json\/wp\/v2\/comments?post=69385"}],"version-history":[{"count":1,"href":"https:\/\/www.enerjigazetesi.ist\/en\/wp-json\/wp\/v2\/posts\/69385\/revisions"}],"predecessor-version":[{"id":69387,"href":"https:\/\/www.enerjigazetesi.ist\/en\/wp-json\/wp\/v2\/posts\/69385\/revisions\/69387"}],"wp:featuredmedia":[{"embeddable":true,"href":"https:\/\/www.enerjigazetesi.ist\/en\/wp-json\/wp\/v2\/media\/69386"}],"wp:attachment":[{"href":"https:\/\/www.enerjigazetesi.ist\/en\/wp-json\/wp\/v2\/media?parent=69385"}],"wp:term":[{"taxonomy":"category","embeddable":true,"href":"https:\/\/www.enerjigazetesi.ist\/en\/wp-json\/wp\/v2\/categories?post=69385"},{"taxonomy":"post_tag","embeddable":true,"href":"https:\/\/www.enerjigazetesi.ist\/en\/wp-json\/wp\/v2\/tags?post=69385"}],"curies":[{"name":"wp","href":"https:\/\/api.w.org\/{rel}","templated":true}]}}