{"id":69278,"date":"2017-11-17T11:41:47","date_gmt":"2017-11-17T08:41:47","guid":{"rendered":"https:\/\/www.enerjigazetesi.ist\/?p=69278"},"modified":"2017-11-17T11:41:47","modified_gmt":"2017-11-17T08:41:47","slug":"boschun-dogayi-korumak-icin-yaptigi-calismalar-odullendirildi","status":"publish","type":"post","link":"https:\/\/www.enerjigazetesi.ist\/en\/boschun-dogayi-korumak-icin-yaptigi-calismalar-odullendirildi\/","title":{"rendered":"(Turkish) Bosch\u2019un Do\u011fay\u0131 Korumak \u0130\u00e7in Yapt\u0131\u011f\u0131 \u00c7al\u0131\u015fmalar \u00d6d\u00fcllendirildi"},"content":{"rendered":"<p class=\"qtranxs-available-languages-message qtranxs-available-languages-message-en\">Sorry, this entry is only available in <a href=\"https:\/\/www.enerjigazetesi.ist\/tr\/wp-json\/wp\/v2\/posts\/69278\" class=\"qtranxs-available-language-link qtranxs-available-language-link-tr\" title=\"Turkish\">Turkish<\/a>. For the sake of viewer convenience, the content is shown below in the alternative language. You may click the link to switch the active language.<\/p><p><strong>Bosch Ev Aletleri &amp; TEMA i\u015f birli\u011finde haz\u0131rlanan \u201cDo\u011faya Yer A\u00e7an Reklam\u201d ilan\u0131 ile Kristal Elma 2017\u2019de G\u00fcm\u00fc\u015f Elma, 2017 Felis \u00d6d\u00fclleri\u2019nde ise Bas\u0131n B\u00f6l\u00fcm\u2019\u00fc Dayan\u0131kl\u0131 T\u00fcketim Mallar\u0131 Kategorisi\u2019nde \u00f6d\u00fcle lay\u0131k g\u00f6r\u00fcld\u00fc. Bosch Ev Aletleri\u2019nin deste\u011fiyle National Geographic taraf\u0131ndan haz\u0131rlanan \u201c\u0130klim Meselesi\u201d belgesel serisi kapsam\u0131nda hayata ge\u00e7irilen Rich Media Banner projesi de, Kristal Elma Reklam \u00d6d\u00fclleri 2017\u2019de \u201cMobil Medya Kullan\u0131m\u0131\u201d kategorisinde Bronz \u00f6d\u00fcl, Felis\u2019te ise \u201cMobil Banner\u201d \u00f6d\u00fcl\u00fc ald\u0131. <\/strong><\/p>\n<p>Geli\u015ftirdi\u011fi do\u011fa dostu teknolojilerle do\u011fal kaynaklar\u0131 koruyan ve sosyal sorumluluk bilincini ilke edinen Bosch Ev Aletleri\u2019nin % 60 enerji tasarrufu yapan A+++ buzdolaplar\u0131 i\u00e7in TEMA i\u015f birli\u011fiyle haz\u0131rlad\u0131\u011f\u0131 \u201cDo\u011faya Yer A\u00e7an Reklam\u201d ilan\u0131 iki \u00f6d\u00fcl birden kazand\u0131. Bosch\u2019un \u201cDo\u011faya Yer A\u00e7an Reklam\u201d ilan\u0131, <img loading=\"lazy\" class=\"alignleft size-medium wp-image-69279\" src=\"https:\/\/www.enerjigazetesi.ist\/wp-content\/uploads\/2017\/11\/boschun-dogayi-korumak-icin-yaptigi-calismalar-odullendirildi-300x300.jpg\" alt=\"\" width=\"300\" height=\"300\" srcset=\"https:\/\/www.enerjigazetesi.ist\/wp-content\/uploads\/2017\/11\/boschun-dogayi-korumak-icin-yaptigi-calismalar-odullendirildi-300x300.jpg 300w, https:\/\/www.enerjigazetesi.ist\/wp-content\/uploads\/2017\/11\/boschun-dogayi-korumak-icin-yaptigi-calismalar-odullendirildi-150x150.jpg 150w, https:\/\/www.enerjigazetesi.ist\/wp-content\/uploads\/2017\/11\/boschun-dogayi-korumak-icin-yaptigi-calismalar-odullendirildi-400x400.jpg 400w, https:\/\/www.enerjigazetesi.ist\/wp-content\/uploads\/2017\/11\/boschun-dogayi-korumak-icin-yaptigi-calismalar-odullendirildi-50x50.jpg 50w, https:\/\/www.enerjigazetesi.ist\/wp-content\/uploads\/2017\/11\/boschun-dogayi-korumak-icin-yaptigi-calismalar-odullendirildi-144x144.jpg 144w, https:\/\/www.enerjigazetesi.ist\/wp-content\/uploads\/2017\/11\/boschun-dogayi-korumak-icin-yaptigi-calismalar-odullendirildi.jpg 540w\" sizes=\"(max-width: 300px) 100vw, 300px\" \/>Reklamc\u0131lar Derne\u011fi taraf\u0131ndan d\u00fczenlenen, yarat\u0131c\u0131 reklam i\u015flerinin de\u011ferlendirildi\u011fi Kristal Elma Yarat\u0131c\u0131l\u0131k Festivali\u2019nde Medya Kullan\u0131m\u0131 Bas\u0131n Kategorisi\u2019nde G\u00fcm\u00fc\u015f Elma \u00f6d\u00fcl\u00fc ald\u0131. Bu \u00e7al\u0131\u015fma, reklamlar\u0131n hem yarat\u0131c\u0131l\u0131\u011f\u0131n\u0131 hem de yaratt\u0131\u011f\u0131 etkiyi de\u011ferlendiren Felis \u00d6d\u00fclleri\u2019nin Bas\u0131n B\u00f6l\u00fcm\u00fc Dayan\u0131kl\u0131 T\u00fcketim Mallar\u0131 kategorisinde \u00f6d\u00fcle lay\u0131k g\u00f6r\u00fcld\u00fc.<\/p>\n<p>National Geographic\u2019in Bosch Ev Aletleri\u2019nin deste\u011fiyle haz\u0131rlad\u0131\u011f\u0131 \u201c\u0130klim Meselesi\u201d belgesel serisi kapsam\u0131nda hayata ge\u00e7irilen rich media banner projesi de, Kristal Elma Reklam \u00d6d\u00fclleri 2017\u2019de \u201cMobil Medya Kullan\u0131m\u0131\u201d kategorisinde Bronz \u00f6d\u00fcle lay\u0131k g\u00f6r\u00fcld\u00fc. Proje, MediaCat taraf\u0131ndan bu y\u0131l Brandweek kapsam\u0131nda 12.si d\u00fczenlenen Felis \u00f6d\u00fcllerinde de \u201cMobil Banner\u201d \u00f6d\u00fcl\u00fcn\u00fc ald\u0131.<\/p>\n<p>\u00c7evre ve do\u011fal kaynaklar\u0131n korunmas\u0131 ilkesini t\u00fcm faaliyetlerinin oda\u011f\u0131nda tutan Bosch Ev Aletleri do\u011fa dostu teknolojileriyle enerji ve su tasarrufu sa\u011flayan \u00fcr\u00fcnler geli\u015ftiriyor, do\u011fal kaynaklar\u0131 koruyarak gelecek nesilleri d\u00fc\u015f\u00fcn\u00fcrken ayn\u0131 zamanda t\u00fcketicilerin hayat\u0131n\u0131 kolayla\u015ft\u0131r\u0131yor.<\/p>\n<p>Her ge\u00e7en y\u0131l etkisi daha fazla hissedilen iklim de\u011fi\u015fikli\u011fi konusunda fark\u0131ndal\u0131k yaratmay\u0131 hedefleyen ve bu y\u00f6nde \u00e7al\u0131\u015fmalar y\u00fcr\u00fcten Bosch Ev Aletleri<strong>,<\/strong> sosyal sorumluluk bilinciyle, her a\u00e7\u0131dan ya\u015fan\u0131labilir bir d\u00fcnya i\u00e7in \u00e7al\u0131\u015f\u0131yor. Do\u011fal kaynaklar\u0131 koruyan ve s\u00fcrd\u00fcr\u00fclebilir ya\u015fam\u0131 destekleyen teknolojiler geli\u015ftiren Bosch Ev Aletleri bu \u00e7er\u00e7evede, National Geographic Channel ile 2012 y\u0131l\u0131 itibar\u0131yla ba\u015flayan i\u015f birli\u011fi kapsam\u0131nda hayata ge\u00e7irdi\u011fi projelerle iklim de\u011fi\u015fikli\u011fine dikkat \u00e7ekiyor.<\/p>","protected":false},"excerpt":{"rendered":"<p>Sorry, this entry is only available in Turkish. For the sake of viewer convenience, the content is shown below in the alternative language. You may click the link to switch the active language.Bosch Ev Aletleri &amp; TEMA i\u015f birli\u011finde haz\u0131rlanan \u201cDo\u011faya Yer A\u00e7an Reklam\u201d ilan\u0131 ile Kristal Elma 2017\u2019de G\u00fcm\u00fc\u015f Elma, 2017 Felis \u00d6d\u00fclleri\u2019nde ise [&hellip;]<\/p>\n","protected":false},"author":1,"featured_media":69279,"comment_status":"open","ping_status":"open","sticky":false,"template":"","format":"standard","meta":[],"categories":[53,52],"tags":[1118,36049,67,1009,36050],"views":2213,"_links":{"self":[{"href":"https:\/\/www.enerjigazetesi.ist\/en\/wp-json\/wp\/v2\/posts\/69278"}],"collection":[{"href":"https:\/\/www.enerjigazetesi.ist\/en\/wp-json\/wp\/v2\/posts"}],"about":[{"href":"https:\/\/www.enerjigazetesi.ist\/en\/wp-json\/wp\/v2\/types\/post"}],"author":[{"embeddable":true,"href":"https:\/\/www.enerjigazetesi.ist\/en\/wp-json\/wp\/v2\/users\/1"}],"replies":[{"embeddable":true,"href":"https:\/\/www.enerjigazetesi.ist\/en\/wp-json\/wp\/v2\/comments?post=69278"}],"version-history":[{"count":1,"href":"https:\/\/www.enerjigazetesi.ist\/en\/wp-json\/wp\/v2\/posts\/69278\/revisions"}],"predecessor-version":[{"id":69280,"href":"https:\/\/www.enerjigazetesi.ist\/en\/wp-json\/wp\/v2\/posts\/69278\/revisions\/69280"}],"wp:featuredmedia":[{"embeddable":true,"href":"https:\/\/www.enerjigazetesi.ist\/en\/wp-json\/wp\/v2\/media\/69279"}],"wp:attachment":[{"href":"https:\/\/www.enerjigazetesi.ist\/en\/wp-json\/wp\/v2\/media?parent=69278"}],"wp:term":[{"taxonomy":"category","embeddable":true,"href":"https:\/\/www.enerjigazetesi.ist\/en\/wp-json\/wp\/v2\/categories?post=69278"},{"taxonomy":"post_tag","embeddable":true,"href":"https:\/\/www.enerjigazetesi.ist\/en\/wp-json\/wp\/v2\/tags?post=69278"}],"curies":[{"name":"wp","href":"https:\/\/api.w.org\/{rel}","templated":true}]}}