{"id":69231,"date":"2017-11-16T11:07:34","date_gmt":"2017-11-16T08:07:34","guid":{"rendered":"https:\/\/www.enerjigazetesi.ist\/?p=69231"},"modified":"2017-11-16T11:08:36","modified_gmt":"2017-11-16T08:08:36","slug":"kayseri-entegre-saglik-kampusu-sicak-su-ihtiyacini-gunesten-karsilayacak","status":"publish","type":"post","link":"https:\/\/www.enerjigazetesi.ist\/en\/kayseri-entegre-saglik-kampusu-sicak-su-ihtiyacini-gunesten-karsilayacak\/","title":{"rendered":"(Turkish) Kayseri Entegre Sa\u011fl\u0131k Kamp\u00fcs\u00fc, S\u0131cak Suyunu G\u00fcne\u015ften Kar\u015f\u0131layacak"},"content":{"rendered":"<p class=\"qtranxs-available-languages-message qtranxs-available-languages-message-en\">Sorry, this entry is only available in <a href=\"https:\/\/www.enerjigazetesi.ist\/tr\/wp-json\/wp\/v2\/posts\/69231\" class=\"qtranxs-available-language-link qtranxs-available-language-link-tr\" title=\"Turkish\">Turkish<\/a>. For the sake of viewer convenience, the content is shown below in the alternative language. You may click the link to switch the active language.<\/p><p><\/p>\n<h1>Kayseri Entegre Sa\u011fl\u0131k Kamp\u00fcs\u00fc, S\u0131cak Su \u0130htiyac\u0131n\u0131 G\u00fcne\u015ften Kar\u015f\u0131layacak<\/h1>\n<p><strong>\u0130klimlendirme sekt\u00f6r\u00fcn\u00fcn \u00f6nc\u00fc markalar\u0131ndan DemirD\u00f6k\u00fcm, \u00e7evreye sayg\u0131l\u0131, s\u00fcrd\u00fcr\u00fclebilir ekonomiye uygun, yenilik\u00e7i \u00fcr\u00fcnleri ile kurumlar\u0131 tasarruf ettirmeye devam ediyor. D\u00fcnyan\u0131n s\u00fcrd\u00fcr\u00fclebilir gelece\u011fi i\u00e7in t\u00fcm i\u015f yap\u0131\u015f \u015fekillerinde ve \u00fcr\u00fcnlerinde enerji verimlili\u011fine b\u00fcy\u00fck \u00f6nem veren DemirD\u00f6k\u00fcm, Kayseri Entegre Sa\u011fl\u0131k Kamp\u00fcs\u00fc\u2019nde ger\u00e7ekle\u015ftirdi\u011fi solar kolekt\u00f6r uygulamas\u0131 ile g\u00fcne\u015f panelindeki uzmanl\u0131\u011f\u0131n\u0131 bir kez daha g\u00f6sterdi. Kayseri Entegre Sa\u011fl\u0131k Kamp\u00fcs\u00fc\u2019nde kullan\u0131lan DemirD\u00f6k\u00fcm LYKIA 2,25 solar kolekt\u00f6rleri, s\u0131cak su \u00fcretiminde, do\u011fal gaz kullan\u0131m\u0131nda b\u00fcy\u00fck tasarruf sa\u011flarken, y\u0131ll\u0131k karbon emisyonunu 182 bin kilo azaltacak.<\/strong><\/p>\n<p>Enerji verimlili\u011fi odakl\u0131 \u00e7al\u0131\u015fmalar\u0131yla dikkat \u00e7eken DemirD\u00f6k\u00fcm, Boz\u00fcy\u00fck fabrikas\u0131nda \u00fcretti\u011fi termal <img loading=\"lazy\" class=\"alignright size-medium wp-image-69232\" src=\"https:\/\/www.enerjigazetesi.ist\/wp-content\/uploads\/2017\/11\/kayseri-entegre-saglik-kampusu-sicak-su-ihtiyacini-gunesten-karsilayacak-300x169.jpg\" alt=\"\" width=\"300\" height=\"169\" srcset=\"https:\/\/www.enerjigazetesi.ist\/wp-content\/uploads\/2017\/11\/kayseri-entegre-saglik-kampusu-sicak-su-ihtiyacini-gunesten-karsilayacak-300x169.jpg 300w, https:\/\/www.enerjigazetesi.ist\/wp-content\/uploads\/2017\/11\/kayseri-entegre-saglik-kampusu-sicak-su-ihtiyacini-gunesten-karsilayacak-500x281.jpg 500w, https:\/\/www.enerjigazetesi.ist\/wp-content\/uploads\/2017\/11\/kayseri-entegre-saglik-kampusu-sicak-su-ihtiyacini-gunesten-karsilayacak-80x45.jpg 80w, https:\/\/www.enerjigazetesi.ist\/wp-content\/uploads\/2017\/11\/kayseri-entegre-saglik-kampusu-sicak-su-ihtiyacini-gunesten-karsilayacak.jpg 640w\" sizes=\"(max-width: 300px) 100vw, 300px\" \/>g\u00fcne\u015f kollekt\u00f6rleri ile yenilenebilir enerji kullan\u0131m\u0131n\u0131 desteklemeye devam ediyor. \u00dcst\u00fcn teknolojiye sahip \u00fcr\u00fcnleriyle T\u00fcrkiye\u2019de ve d\u00fcnyan\u0131n 50 \u00fclkesindeki y\u00fczbinlerce aileye ve kuruma \u0131s\u0131l konforu sunan DemirD\u00f6k\u00fcm, Kayseri Entegre Sa\u011fl\u0131k Kamp\u00fcs\u00fc Termal Solar Sistem projesini tamamlad\u0131.<\/p>\n<p><strong>DO\u011eALGAZ T\u00dcKET\u0130M\u0130NDE YILLIK 71 B\u0130N METREK\u00dcP TASARRUF SA\u011eLAYACAK<\/strong><\/p>\n<p>YDA Group taraf\u0131ndan Kamu \u00d6zel \u0130\u015fbirli\u011fi (PPP-Public Private Partnership) modeliyle hayata ge\u00e7irilen, T\u00fcrkiye\u2019nin ilk Entegre Sa\u011fl\u0131k Kamp\u00fcs Projesi olan Kayseri Entegre Sa\u011fl\u0131k Kamp\u00fcs\u00fc\u2019nde kullan\u0131lan DemirD\u00f6k\u00fcm\u2019\u00fcn LYKIA 2,25 Termal Solar Kollekt\u00f6rleri ile s\u0131cak suyun \u00fcretilmesi i\u00e7in harcanacak enerjinin y\u00fczde 69,4&#8217;\u00fc g\u00fcne\u015ften al\u0131nan enerji ile kar\u015f\u0131lanacak. Kamp\u00fcse, do\u011falgazdan y\u0131ll\u0131k 71 bin 532 metrek\u00fcp oran\u0131nda tasarruf sa\u011flatacak proje, ayn\u0131 zamanda karbon emisyonunu da 182 bin 914 kilogram azalt\u0131lacak.<\/p>\n<p>S\u0131cak su ihtiyac\u0131n\u0131n kar\u015f\u0131lanmas\u0131 i\u00e7in g\u00fcne\u015f \u0131\u015f\u0131\u011f\u0131n\u0131 y\u00fczde 95 oran\u0131nda absorbe ederek hava s\u0131cakl\u0131\u011f\u0131 ne olursa olsun maksimum seviyede g\u00fcne\u015f \u0131\u015f\u0131\u011f\u0131n\u0131 enerjiye d\u00f6n\u00fc\u015ft\u00fcrmek \u00fczere tasarlanarak hizmet vermek i\u00e7in kurulan sistem, merkezi kazan sistemi ile entegre edilerek hastane konforunun en \u00fcst seviyede olacak \u015fekilde hibrit \u00e7al\u0131\u015fmas\u0131 sa\u011fland\u0131.<\/p>\n<p><strong>DemirD\u00f6k\u00fcm Y\u00f6netim Kurulu \u00dcyesi Erdem Ertuna <\/strong>hayata ge\u00e7irilen projeyle ilgili olarak \u015funlar\u0131 kaydetti;<\/p>\n<p>\u201cSonsuz, s\u0131n\u0131rs\u0131z, yenilenebilir, temiz ve ayn\u0131 zaman \u00fccretsiz bir enerji kayna\u011f\u0131 olan g\u00fcne\u015ften, hedeflenen \u0131s\u0131l konforu \u015fartlar\u0131n\u0131n olu\u015fturulmas\u0131 i\u00e7in DemirD\u00f6k\u00fcm olarak 6 y\u0131l \u00f6nce 1 milyon 390 bin Euro yat\u0131r\u0131m ile Termal Solar Kollekt\u00f6r \u00fcretimine ba\u015flad\u0131k. DemirD\u00f6k\u00fcm Ar-Ge m\u00fchendislerince geli\u015ftirilen solar kollekt\u00f6rlerimiz s\u0131cak suyun d\u0131\u015f\u0131nda; biyogaz tesislerinde, \u015fi\u015fe, y\u00fcn, iplik y\u0131kama prosesleri i\u00e7in s\u0131cak suya ihtiya\u00e7 duyan fabrikalarda da kullan\u0131labiliyor. \u015eirket olarak bu alana yat\u0131r\u0131m yapmaya devam ediyoruz. Sistemlerimiz ile 2023 y\u0131l\u0131nda ortaya \u00e7\u0131kacak enerji ihtiyac\u0131n\u0131n en az y\u00fczde 30\u2019unu solar enerji projeleri ile yenilenebilir enerji kaynaklar\u0131ndan elde etmeyi ama\u00e7layan \u00fclkemizin hedeflerine katk\u0131 sa\u011flamay\u0131 istiyoruz. En yeni teknolojiyle donat\u0131lan ve T\u00fcrkiye&#8217;nin ilk Entegre Sa\u011fl\u0131k Kamp\u00fcs\u00fc Projesi&#8217;nde yer almaktan gurur duyuyoruz. Projede eme\u011fi ge\u00e7en t\u00fcm i\u015f ortaklar\u0131m\u0131za te\u015fekk\u00fcr ederiz. Kamp\u00fcs\u00fcn ba\u015fta Kayseri olmak \u00fczere \u00e7evre illere hay\u0131rl\u0131 olmas\u0131n\u0131 dileriz.\u201d<\/p>","protected":false},"excerpt":{"rendered":"<p>Sorry, this entry is only available in Turkish. For the sake of viewer convenience, the content is shown below in the alternative language. You may click the link to switch the active language. Kayseri Entegre Sa\u011fl\u0131k Kamp\u00fcs\u00fc, S\u0131cak Su \u0130htiyac\u0131n\u0131 G\u00fcne\u015ften Kar\u015f\u0131layacak \u0130klimlendirme sekt\u00f6r\u00fcn\u00fcn \u00f6nc\u00fc markalar\u0131ndan DemirD\u00f6k\u00fcm, \u00e7evreye sayg\u0131l\u0131, s\u00fcrd\u00fcr\u00fclebilir ekonomiye uygun, yenilik\u00e7i \u00fcr\u00fcnleri ile [&hellip;]<\/p>\n","protected":false},"author":1,"featured_media":69232,"comment_status":"open","ping_status":"open","sticky":false,"template":"","format":"standard","meta":[],"categories":[53,49],"tags":[67,1009,13,23416,2643,36041,36042,105],"views":1637,"_links":{"self":[{"href":"https:\/\/www.enerjigazetesi.ist\/en\/wp-json\/wp\/v2\/posts\/69231"}],"collection":[{"href":"https:\/\/www.enerjigazetesi.ist\/en\/wp-json\/wp\/v2\/posts"}],"about":[{"href":"https:\/\/www.enerjigazetesi.ist\/en\/wp-json\/wp\/v2\/types\/post"}],"author":[{"embeddable":true,"href":"https:\/\/www.enerjigazetesi.ist\/en\/wp-json\/wp\/v2\/users\/1"}],"replies":[{"embeddable":true,"href":"https:\/\/www.enerjigazetesi.ist\/en\/wp-json\/wp\/v2\/comments?post=69231"}],"version-history":[{"count":2,"href":"https:\/\/www.enerjigazetesi.ist\/en\/wp-json\/wp\/v2\/posts\/69231\/revisions"}],"predecessor-version":[{"id":69234,"href":"https:\/\/www.enerjigazetesi.ist\/en\/wp-json\/wp\/v2\/posts\/69231\/revisions\/69234"}],"wp:featuredmedia":[{"embeddable":true,"href":"https:\/\/www.enerjigazetesi.ist\/en\/wp-json\/wp\/v2\/media\/69232"}],"wp:attachment":[{"href":"https:\/\/www.enerjigazetesi.ist\/en\/wp-json\/wp\/v2\/media?parent=69231"}],"wp:term":[{"taxonomy":"category","embeddable":true,"href":"https:\/\/www.enerjigazetesi.ist\/en\/wp-json\/wp\/v2\/categories?post=69231"},{"taxonomy":"post_tag","embeddable":true,"href":"https:\/\/www.enerjigazetesi.ist\/en\/wp-json\/wp\/v2\/tags?post=69231"}],"curies":[{"name":"wp","href":"https:\/\/api.w.org\/{rel}","templated":true}]}}