{"id":69216,"date":"2017-11-15T14:24:19","date_gmt":"2017-11-15T11:24:19","guid":{"rendered":"https:\/\/www.enerjigazetesi.ist\/?p=69216"},"modified":"2017-11-15T14:50:34","modified_gmt":"2017-11-15T11:50:34","slug":"enerji-oncelikli-olarak-yenilenebilir-enerji-ve-dogalgaz-ile-karsilanacak","status":"publish","type":"post","link":"https:\/\/www.enerjigazetesi.ist\/en\/enerji-oncelikli-olarak-yenilenebilir-enerji-ve-dogalgaz-ile-karsilanacak\/","title":{"rendered":"(Turkish) \u201cEnerji \u00d6ncelikli Olarak Yenilenebilir Enerji ve Do\u011falgaz ile Kar\u015f\u0131lanacak\u201d"},"content":{"rendered":"<p class=\"qtranxs-available-languages-message qtranxs-available-languages-message-en\">Sorry, this entry is only available in <a href=\"https:\/\/www.enerjigazetesi.ist\/tr\/wp-json\/wp\/v2\/posts\/69216\" class=\"qtranxs-available-language-link qtranxs-available-language-link-tr\" title=\"Turkish\">Turkish<\/a>. For the sake of viewer convenience, the content is shown below in the alternative language. You may click the link to switch the active language.<\/p><p><strong>Uluslararas\u0131 Enerji Ajans\u0131 (IEA) taraf\u0131ndan D\u00fcnya Enerji G\u00f6r\u00fcn\u00fcm\u00fc (WEO) 2017 raporu yay\u0131mland\u0131.\u00a0Raporda, \u00f6n\u00fcm\u00fczdeki 25 y\u0131l i\u00e7inde d\u00fcnyada artan enerji ihtiyac\u0131 \u00f6ncelikli olarak yenilenebilir enerji ve do\u011falgaz ile kar\u015f\u0131lanacak. Azala<\/strong><strong>n maliyetler g\u00fcne\u015f enerjisini<img loading=\"lazy\" class=\"alignright size-medium wp-image-31061\" src=\"https:\/\/www.enerjigazetesi.ist\/wp-content\/uploads\/2014\/09\/dunya-genelinde-gunes-ve-ruzgarin-elektrik-uretimindeki-payi-artti-300x217.jpg\" alt=\"\" width=\"300\" height=\"217\" srcset=\"https:\/\/www.enerjigazetesi.ist\/wp-content\/uploads\/2014\/09\/dunya-genelinde-gunes-ve-ruzgarin-elektrik-uretimindeki-payi-artti-300x217.jpg 300w, https:\/\/www.enerjigazetesi.ist\/wp-content\/uploads\/2014\/09\/dunya-genelinde-gunes-ve-ruzgarin-elektrik-uretimindeki-payi-artti-500x361.jpg 500w, https:\/\/www.enerjigazetesi.ist\/wp-content\/uploads\/2014\/09\/dunya-genelinde-gunes-ve-ruzgarin-elektrik-uretimindeki-payi-artti-69x50.jpg 69w, https:\/\/www.enerjigazetesi.ist\/wp-content\/uploads\/2014\/09\/dunya-genelinde-gunes-ve-ruzgarin-elektrik-uretimindeki-payi-artti.jpg 600w\" sizes=\"(max-width: 300px) 100vw, 300px\" \/> en ucuz yeni elektrik \u00fcretim kayna\u011f\u0131na haline getirecek.<\/strong><\/p>\n<p>WEO 2017\u2019ye g\u00f6re \u00f6n\u00fcm\u00fczdeki 20 y\u0131lda k\u00fcresel enerji sistemini etkileyecek olan d\u00f6rt fakt\u00f6r ise; 1) ABD tart\u0131\u015f\u0131lmaz k\u00fcresel petrol ve gaz lideri konumuna geliyor, 2) D\u00fc\u015fen maliyetlerle birlikte yenilenebilir kaynaklar h\u0131zl\u0131 bir \u015fekilde devreye al\u0131n\u0131yor, 3) Enerji kar\u0131\u015f\u0131m\u0131nda elektri\u011fin pay\u0131 art\u0131\u015f g\u00f6steriyor, 4) \u00c7in\u2019in yeni stratejisi onu daha temiz bir b\u00fcy\u00fcme moduna ge\u00e7iriyor, bunun etkileri de olacak. Di\u011fer yandan Avrupa Birli\u011fi\u2019nde r\u00fczgar, 2030\u2019dan hemen sonra ba\u015fl\u0131ca elektrik kayna\u011f\u0131 haline d\u00f6n\u00fc\u015fecek.<\/p>\n<p>IEA\u2019n\u0131n \u201cYeni Politikalar Senaryosu\u201d \u00e7er\u00e7evesinde, petrol fiyat\u0131 2020 y\u0131l\u0131n\u0131n ortalar\u0131na kadar 83 dolara \u00e7\u0131kmay\u0131 s\u00fcrd\u00fcrecek. IEA, 2025 y\u0131l\u0131na kadar yolda 50 milyon ve 2040 y\u0131l\u0131na kadar 300 milyon elektrikli ara\u00e7 olaca\u011f\u0131n\u0131 \u00f6ng\u00f6rmektedir. Bununla k\u00fcresel petrol talebinde g\u00fcnl\u00fck 2.5 milyon varil bir azaltma beklenmektedir.<\/p>","protected":false},"excerpt":{"rendered":"<p>Sorry, this entry is only available in Turkish. For the sake of viewer convenience, the content is shown below in the alternative language. You may click the link to switch the active language.Uluslararas\u0131 Enerji Ajans\u0131 (IEA) taraf\u0131ndan D\u00fcnya Enerji G\u00f6r\u00fcn\u00fcm\u00fc (WEO) 2017 raporu yay\u0131mland\u0131.\u00a0Raporda, \u00f6n\u00fcm\u00fczdeki 25 y\u0131l i\u00e7inde d\u00fcnyada artan enerji ihtiyac\u0131 \u00f6ncelikli olarak yenilenebilir [&hellip;]<\/p>\n","protected":false},"author":1,"featured_media":31061,"comment_status":"open","ping_status":"open","sticky":false,"template":"","format":"standard","meta":[],"categories":[46,53,49,50],"tags":[215,67,1009,13,1023,29929,12829,1853,59,347,16,3084,36039,12708],"views":1418,"_links":{"self":[{"href":"https:\/\/www.enerjigazetesi.ist\/en\/wp-json\/wp\/v2\/posts\/69216"}],"collection":[{"href":"https:\/\/www.enerjigazetesi.ist\/en\/wp-json\/wp\/v2\/posts"}],"about":[{"href":"https:\/\/www.enerjigazetesi.ist\/en\/wp-json\/wp\/v2\/types\/post"}],"author":[{"embeddable":true,"href":"https:\/\/www.enerjigazetesi.ist\/en\/wp-json\/wp\/v2\/users\/1"}],"replies":[{"embeddable":true,"href":"https:\/\/www.enerjigazetesi.ist\/en\/wp-json\/wp\/v2\/comments?post=69216"}],"version-history":[{"count":3,"href":"https:\/\/www.enerjigazetesi.ist\/en\/wp-json\/wp\/v2\/posts\/69216\/revisions"}],"predecessor-version":[{"id":69219,"href":"https:\/\/www.enerjigazetesi.ist\/en\/wp-json\/wp\/v2\/posts\/69216\/revisions\/69219"}],"wp:featuredmedia":[{"embeddable":true,"href":"https:\/\/www.enerjigazetesi.ist\/en\/wp-json\/wp\/v2\/media\/31061"}],"wp:attachment":[{"href":"https:\/\/www.enerjigazetesi.ist\/en\/wp-json\/wp\/v2\/media?parent=69216"}],"wp:term":[{"taxonomy":"category","embeddable":true,"href":"https:\/\/www.enerjigazetesi.ist\/en\/wp-json\/wp\/v2\/categories?post=69216"},{"taxonomy":"post_tag","embeddable":true,"href":"https:\/\/www.enerjigazetesi.ist\/en\/wp-json\/wp\/v2\/tags?post=69216"}],"curies":[{"name":"wp","href":"https:\/\/api.w.org\/{rel}","templated":true}]}}