{"id":69207,"date":"2017-11-15T12:24:05","date_gmt":"2017-11-15T09:24:05","guid":{"rendered":"https:\/\/www.enerjigazetesi.ist\/?p=69207"},"modified":"2017-11-15T12:24:05","modified_gmt":"2017-11-15T09:24:05","slug":"10-uncu-yilinda-eif-300-milyon-liralik-is-birligine-imza-atti","status":"publish","type":"post","link":"https:\/\/www.enerjigazetesi.ist\/en\/10-uncu-yilinda-eif-300-milyon-liralik-is-birligine-imza-atti\/","title":{"rendered":"(Turkish) 10 uncu Y\u0131l\u0131nda EIF \u201c300 Milyon Liral\u0131k \u0130\u015f Birli\u011fine\u201d \u0130mza Att\u0131&#8230;"},"content":{"rendered":"<p class=\"qtranxs-available-languages-message qtranxs-available-languages-message-en\">Sorry, this entry is only available in <a href=\"https:\/\/www.enerjigazetesi.ist\/tr\/wp-json\/wp\/v2\/posts\/69207\" class=\"qtranxs-available-language-link qtranxs-available-language-link-tr\" title=\"Turkish\">Turkish<\/a>. For the sake of viewer convenience, the content is shown below in the alternative language. You may click the link to switch the active language.<\/p><p><strong>B\u00fcy\u00fcyen T\u00fcrkiye ve b\u00fcy\u00fcyen ekonomi hamlesi i\u00e7erisinde b\u00fcy\u00fck \u00f6nem ta\u015f\u0131yan enerji, hem kongre hem fuar hem de B2B etkinliklerinin bir arada ger\u00e7ekle\u015ftirildi\u011fi uluslararas\u0131 tek platform olan EIF, sekt\u00f6r\u00fcn bilirki\u015filerini bir araya getirdi. Sekt\u00f6r\u00fcn devlerini bir araya getiren Kongre, bu y\u0131l 10. kez Ankara\u2019n\u0131n ev sahipli\u011finde enerjinin sorunlar\u0131n\u0131 ve \u00e7\u00f6z\u00fcmlerini t\u00fcm y\u00f6nleriyle ele ald\u0131. <\/strong><\/p>\n<p>Kongrede a\u00e7\u0131l\u0131\u015f konu\u015fmas\u0131 yapan Bilim Sanayi ve Teknoloji Bakan\u0131 Faruk \u00d6zl\u00fc ve Enerji ve Tabii Kaynaklar M\u00fcste\u015far\u0131 Fatih D\u00f6nmez, yerli \u00fcretim, yerli teknoloji ve yerli i\u015fg\u00fcc\u00fc ba\u015fl\u0131klar\u0131 ile kongreye <img loading=\"lazy\" class=\"alignright size-medium wp-image-69208\" src=\"https:\/\/www.enerjigazetesi.ist\/wp-content\/uploads\/2017\/11\/10-uncu-yilinda-eif-300-milyon-liralik-is-birligine-imza-atti-300x200.jpg\" alt=\"\" width=\"300\" height=\"200\" srcset=\"https:\/\/www.enerjigazetesi.ist\/wp-content\/uploads\/2017\/11\/10-uncu-yilinda-eif-300-milyon-liralik-is-birligine-imza-atti-300x200.jpg 300w, https:\/\/www.enerjigazetesi.ist\/wp-content\/uploads\/2017\/11\/10-uncu-yilinda-eif-300-milyon-liralik-is-birligine-imza-atti-500x333.jpg 500w, https:\/\/www.enerjigazetesi.ist\/wp-content\/uploads\/2017\/11\/10-uncu-yilinda-eif-300-milyon-liralik-is-birligine-imza-atti-75x50.jpg 75w, https:\/\/www.enerjigazetesi.ist\/wp-content\/uploads\/2017\/11\/10-uncu-yilinda-eif-300-milyon-liralik-is-birligine-imza-atti.jpg 699w\" sizes=\"(max-width: 300px) 100vw, 300px\" \/>damgas\u0131n\u0131 vurdu. Ankara\u2019da d\u00fcnyan\u0131n \u00f6nde gelen enerji sekt\u00f6r\u00fc karar al\u0131c\u0131lar\u0131n\u0131, uzmanlar\u0131n\u0131, \u00f6zel sekt\u00f6r temsilcilerini bir araya getiren EIF\u2019te bu y\u0131l yerli yabanc\u0131 210 kat\u0131l\u0131mc\u0131 firma stant a\u00e7arken 35 oturum, 175 konu\u015fmac\u0131 sekt\u00f6r\u00fcn gelece\u011fini de\u011ferlendirdi. EIF 10. y\u0131l\u0131nda 13 bin 200 delege ile 300 milyon TL\u2019lik b\u00fcy\u00fck bir i\u015f birli\u011fine imza att\u0131\u2026<\/p>\n<p>T\u00fcrkiye enerji alan\u0131nda kendi \u00fcretimini ger\u00e7ekle\u015ftiren ve bunu ihra\u00e7 eden bir \u00fclke olma yolunda h\u0131zla ilerliyor. Yerli \u00fcretim te\u015fviki ve n\u00fckleer enerji yat\u0131r\u0131mlar\u0131 ile T\u00fcrkiye enerji alan\u0131nda kendi kendine yetebilen \u00fclke konumuna geliyor.<\/p>\n<p><strong>YERL\u0130 \u00dcRET\u0130M, YERL\u0130 TEKNOLOJ\u0130, YERL\u0130 \u0130\u015e G\u00dcC\u00dc<\/strong><\/p>\n<p>Devlet ve \u00f6zel sekt\u00f6r i\u015f birli\u011fi ile ortak b\u00fcy\u00fcme s\u00f6yleminin kar\u015f\u0131l\u0131k buldu\u011funu, kat\u0131l\u0131m g\u00f6steren bir\u00e7ok T\u00fcrk firmas\u0131 geli\u015ftirdikleri inovatif \u00fcr\u00fcnlerle ispatlad\u0131. 10. y\u0131l\u0131nda da Ankara\u2019da T\u00fcrkiye\u2019nin enerji at\u0131l\u0131m\u0131na destek olan EIF, yo\u011fun kat\u0131l\u0131m ve ba\u015far\u0131l\u0131 i\u015f birli\u011fi g\u00f6r\u00fc\u015fmelerinin ard\u0131ndan kap\u0131lar\u0131n\u0131 2018\u2019de tekrar a\u00e7mak \u00fczere kapatt\u0131. D\u00fcnya\u2019da ve T\u00fcrkiye\u2019de enerjinin gelece\u011fi, yenilenebilir enerji t\u00fcrlerinin \u00f6nemi ve kullan\u0131m\u0131, do\u011fal gaz gibi enerji kaynaklar\u0131n\u0131n durumu ba\u015fta olmak \u00fczere bir\u00e7ok \u00f6nemli konu hakk\u0131nda konu\u015fmalar\u0131n yap\u0131ld\u0131\u011f\u0131 fuara yo\u011fun ilgi ve kat\u0131l\u0131m vard\u0131. 15 bin metrekarelik alanda 210 kat\u0131l\u0131mc\u0131 firma ile toplamda 35 oturum ger\u00e7ekle\u015ftirildi.<\/p>\n<p>Kongre g\u00fcndeminde yer alan yenilenebilir enerji EIF\u2019in 10. y\u0131l\u0131nda en \u00e7ok tart\u0131\u015f\u0131lan konu oldu. Yerli ve yenilenebilir kaynaklar\u0131n harekete ge\u00e7irilerek verimlili\u011fini artt\u0131rmak amac\u0131 ile \u00f6nemlerin al\u0131nmas\u0131 i\u00e7in kamu ve \u00f6zel sekt\u00f6r i\u015f birli\u011fi g\u00fcndeme geldi. Devlet ve \u00f6zel sekt\u00f6r mesajlar\u0131n\u0131n yan\u0131 s\u0131ra EIF\u2019in Onur Konu\u011fu <strong>Nobel Bar\u0131\u015f \u00d6d\u00fcll\u00fc ilk Yemenli Arap Kad\u0131n Tevekk\u00fcl Karman<\/strong> \u201cTemiz Enerji Gelecektir\u201d s\u00f6ylemi ile enerji sekt\u00f6r\u00fcne bar\u0131\u015f \u00e7a\u011fr\u0131s\u0131nda bulundu. Karman, daha iyi bir ya\u015fam i\u00e7in do\u011faya zarar verenlerin her daim kar\u015f\u0131s\u0131nda olaca\u011f\u0131na vurgu yapt\u0131.<\/p>\n<p><strong>Global Enerji Derne\u011fi Ba\u015fkan\u0131 \u00c7i\u011fdem Dilek<\/strong> EIF kapan\u0131\u015f konu\u015fmas\u0131nda: \u201cEIF her sene oldu\u011fu gibi bu sene de dikkat \u00e7ekici konular\u0131 ile T\u00fcrkiye\u2019nin enerji sekt\u00f6r\u00fcne yeni bir ivme kazand\u0131rd\u0131. Son zamanlarda T\u00fcrkiye\u2019de yerli enerji \u00fcretmenin \u00f6neminin vurguland\u0131\u011f\u0131 kongrede yeni i\u015f birliklerine olanak sa\u011flamaktan ve fark\u0131ndal\u0131k olu\u015fturmaktan b\u00fcy\u00fck memnuniyet duyuyoruz.\u201d Dedi.<\/p>","protected":false},"excerpt":{"rendered":"<p>Sorry, this entry is only available in Turkish. For the sake of viewer convenience, the content is shown below in the alternative language. You may click the link to switch the active language.B\u00fcy\u00fcyen T\u00fcrkiye ve b\u00fcy\u00fcyen ekonomi hamlesi i\u00e7erisinde b\u00fcy\u00fck \u00f6nem ta\u015f\u0131yan enerji, hem kongre hem fuar hem de B2B etkinliklerinin bir arada ger\u00e7ekle\u015ftirildi\u011fi uluslararas\u0131 [&hellip;]<\/p>\n","protected":false},"author":1,"featured_media":69208,"comment_status":"open","ping_status":"open","sticky":false,"template":"","format":"standard","meta":[],"categories":[53],"tags":[34125,67,1009],"views":682,"_links":{"self":[{"href":"https:\/\/www.enerjigazetesi.ist\/en\/wp-json\/wp\/v2\/posts\/69207"}],"collection":[{"href":"https:\/\/www.enerjigazetesi.ist\/en\/wp-json\/wp\/v2\/posts"}],"about":[{"href":"https:\/\/www.enerjigazetesi.ist\/en\/wp-json\/wp\/v2\/types\/post"}],"author":[{"embeddable":true,"href":"https:\/\/www.enerjigazetesi.ist\/en\/wp-json\/wp\/v2\/users\/1"}],"replies":[{"embeddable":true,"href":"https:\/\/www.enerjigazetesi.ist\/en\/wp-json\/wp\/v2\/comments?post=69207"}],"version-history":[{"count":1,"href":"https:\/\/www.enerjigazetesi.ist\/en\/wp-json\/wp\/v2\/posts\/69207\/revisions"}],"predecessor-version":[{"id":69209,"href":"https:\/\/www.enerjigazetesi.ist\/en\/wp-json\/wp\/v2\/posts\/69207\/revisions\/69209"}],"wp:featuredmedia":[{"embeddable":true,"href":"https:\/\/www.enerjigazetesi.ist\/en\/wp-json\/wp\/v2\/media\/69208"}],"wp:attachment":[{"href":"https:\/\/www.enerjigazetesi.ist\/en\/wp-json\/wp\/v2\/media?parent=69207"}],"wp:term":[{"taxonomy":"category","embeddable":true,"href":"https:\/\/www.enerjigazetesi.ist\/en\/wp-json\/wp\/v2\/categories?post=69207"},{"taxonomy":"post_tag","embeddable":true,"href":"https:\/\/www.enerjigazetesi.ist\/en\/wp-json\/wp\/v2\/tags?post=69207"}],"curies":[{"name":"wp","href":"https:\/\/api.w.org\/{rel}","templated":true}]}}