{"id":69198,"date":"2017-11-15T11:28:32","date_gmt":"2017-11-15T08:28:32","guid":{"rendered":"https:\/\/www.enerjigazetesi.ist\/?p=69198"},"modified":"2017-11-15T11:32:03","modified_gmt":"2017-11-15T08:32:03","slug":"enerji-verimliligini-artiracak-unsurlari-cogaltmak-tasarimla-baslar","status":"publish","type":"post","link":"https:\/\/www.enerjigazetesi.ist\/en\/enerji-verimliligini-artiracak-unsurlari-cogaltmak-tasarimla-baslar\/","title":{"rendered":"(Turkish) \u201cEnerji Verimlili\u011fini Art\u0131rarak \u00c7o\u011faltmak Tasar\u0131mla Ba\u015flar&#8230;\u201d"},"content":{"rendered":"<p class=\"qtranxs-available-languages-message qtranxs-available-languages-message-en\">Sorry, this entry is only available in <a href=\"https:\/\/www.enerjigazetesi.ist\/tr\/wp-json\/wp\/v2\/posts\/69198\" class=\"qtranxs-available-language-link qtranxs-available-language-link-tr\" title=\"Turkish\">Turkish<\/a>. For the sake of viewer convenience, the content is shown below in the alternative language. You may click the link to switch the active language.<\/p><p><\/p>\n<h2>Bug\u00fcne kadar kurumsal ofis ve konut fonksiyonlar\u0131 ba\u015fta olmak \u00fczere birbirinden \u00e7ok farkl\u0131 tipolojilerdeki yap\u0131lar\u0131n i\u00e7 mimari tasar\u0131mlar\u0131n\u0131, g\u00fcn\u00fcm\u00fcz\u00fcn de\u011fi\u015fen ihtiya\u00e7lar\u0131na cevap veren \u00e7a\u011fda\u015f bir yakla\u015f\u0131mla ele alan EDDA Mimarl\u0131k kurucusu \u0130\u00e7 Mimar Eda Tahmaz, gelece\u011fin s\u00fcrd\u00fcr\u00fclebilir ye\u015fil binalar\u0131n\u0131, \u201csosyal ve \u00e7evresel sorumluluk anlay\u0131\u015f\u0131yla b\u00fct\u00fcnc\u00fcl bir \u015fekilde tasarlanan, yenilenebilir enerji kaynaklar\u0131na y\u00f6nelmi\u015f, ihtiyac\u0131 kadar t\u00fcketen ve eko-sisteme duyarl\u0131 yap\u0131lar\u201d olarak tan\u0131ml\u0131yor.<\/h2>\n<p>Tasar\u0131mlar\u0131nda s\u00fcrd\u00fcr\u00fclebilirlik kriterlerini en \u00f6nemli unsurlardan biri olarak de\u011ferlendiren <strong>EDDA Mimarl\u0131k <\/strong>kurucusu <strong>\u0130\u00e7 Mimar Eda Tahmaz<\/strong>\u2019a g\u00f6re enerji verimlili\u011fini artt\u0131racak unsurlar\u0131 \u00e7o\u011faltmak,<\/p>\n<p><img loading=\"lazy\" class=\"alignright wp-image-69199 size-medium\" src=\"https:\/\/www.enerjigazetesi.ist\/wp-content\/uploads\/2017\/11\/enerji-verimliligini-artiracak-unsurlari-cogaltmak-tasarimla-baslar-274x300.jpg\" alt=\"\" width=\"274\" height=\"300\" srcset=\"https:\/\/www.enerjigazetesi.ist\/wp-content\/uploads\/2017\/11\/enerji-verimliligini-artiracak-unsurlari-cogaltmak-tasarimla-baslar-274x300.jpg 274w, https:\/\/www.enerjigazetesi.ist\/wp-content\/uploads\/2017\/11\/enerji-verimliligini-artiracak-unsurlari-cogaltmak-tasarimla-baslar-365x400.jpg 365w, https:\/\/www.enerjigazetesi.ist\/wp-content\/uploads\/2017\/11\/enerji-verimliligini-artiracak-unsurlari-cogaltmak-tasarimla-baslar-46x50.jpg 46w, https:\/\/www.enerjigazetesi.ist\/wp-content\/uploads\/2017\/11\/enerji-verimliligini-artiracak-unsurlari-cogaltmak-tasarimla-baslar.jpg 443w\" sizes=\"(max-width: 274px) 100vw, 274px\" \/><\/p>\n<p>tasar\u0131mla ba\u015fl\u0131yor. S\u00fcrd\u00fcr\u00fclebilir ye\u015fil binalar\u0131, sosyal ve \u00e7evresel sorumluluk anlay\u0131\u015f\u0131yla tasarlanan, iklim verilerine ve o yere \u00f6zg\u00fc ko\u015fullara uygun olarak ihtiyac\u0131 kadar t\u00fcketen, yenilenebilir enerji kaynaklar\u0131na y\u00f6nelmi\u015f, do\u011fal malzemelerin kullan\u0131ld\u0131\u011f\u0131, bulundu\u011fu arazinin ya\u015fam d\u00f6ng\u00fcs\u00fc \u00e7er\u00e7evesinde \u015fekillenerek eko-sisteme duyarl\u0131 hale gelen yap\u0131lar olarak tan\u0131mlayan <strong>Tahmaz<\/strong>, gelece\u011fi in\u015fa ederken, sadece teknolojik de\u011fi\u015fimlerin de\u011fil, sosyal ve demografik de\u011fi\u015fimlerin de g\u00f6z \u00f6n\u00fcnde bulundurulmas\u0131 gerekti\u011fini \u00f6nemle vurguluyor.<\/p>\n<p>Binalarda, do\u011fru malzemelerin tercih edilmesi, bina kabu\u011funun cephe, \u00e7at\u0131 ve temel dahil \u0131s\u0131 ve su i\u00e7in yal\u0131t\u0131lmas\u0131, amac\u0131na uygun cam ve do\u011frama kullan\u0131m\u0131n\u0131n yan\u0131 s\u0131ra, do\u011fru \u0131s\u0131tma ve so\u011futma sistemlerinin se\u00e7ilmesi ve verimli cihazlar\u0131n kullan\u0131m\u0131n\u0131n enerji verimlili\u011fini etkileyen unsurlar oldu\u011funu ifade eden <strong>Eda Tahmaz<\/strong>\u2019\u0131n g\u00f6r\u00fc\u015f\u00fc, bu unsurlar\u0131n karbondioksit sal\u0131n\u0131m\u0131n\u0131n azalt\u0131lmas\u0131nda da \u00e7ok b\u00fcy\u00fck \u00f6nem ta\u015f\u0131d\u0131\u011f\u0131 y\u00f6n\u00fcnde.<\/p>\n<p><strong>Halaman Matbaac\u0131l\u0131k Y\u00f6netim Ofisi, R\u00f6le Teknik Merkez Ofisi, Ecostar Merkez Ofisi <\/strong>ve <strong>Aktif Group Y\u00f6netim Binas\u0131\u2019<\/strong>n\u0131n yan\u0131 s\u0131ra ger\u00e7ekle\u015ftirdi\u011fi banka i\u00e7 mekan tasar\u0131mlar\u0131nda ve konut projelerinde g\u00fcn \u0131\u015f\u0131\u011f\u0131 kullan\u0131m\u0131n\u0131 maksimum d\u00fczeyde tutarak, do\u011fal enerji t\u00fcketimine katk\u0131 sa\u011flamay\u0131 hedeflediklerini belirten <strong>Tahmaz<\/strong>, ayn\u0131 zamanda binalar\u0131n cephelerinde ya da \u00e7at\u0131lar\u0131nda kullan\u0131lan panellerle art\u0131k kendi enerjilerini \u00fcretmeleri gerekti\u011fini de dile getiriyor. Tam da bu ama\u00e7 do\u011frultusunda, kullan\u0131c\u0131 konforundan \u00f6d\u00fcn vermeden binan\u0131n enerji harcamalar\u0131n\u0131n en alt d\u00fczeyde olmas\u0131n\u0131 sa\u011flayan ak\u0131ll\u0131 binalar\u0131n tasar\u0131mlar\u0131nda ise, kullan\u0131lan malzemelerin \u00f6zenle se\u00e7ilmesi, yang\u0131n gibi tehlikeli bir felaketle kar\u015f\u0131la\u015f\u0131ld\u0131\u011f\u0131nda alevlerin b\u00fcy\u00fcmesine sebep olacak malzemelerden ka\u00e7\u0131n\u0131lmas\u0131 ve otomatik s\u00f6nd\u00fcrme ve uyar\u0131 mekanizmalar\u0131n\u0131n devreye girmesine dikkat edilmesi gerekiyor.<\/p>\n<p><strong>Eda Tahmaz<\/strong>\u2019a g\u00f6re \u00f6n\u00fcm\u00fczdeki 10 y\u0131l\u0131n temel toplumsal ihtiya\u00e7lar\u0131 ve gelecekte ihtiya\u00e7 duyulacak konut \u00f6zellikleri dikkate al\u0131nd\u0131\u011f\u0131nda, in\u015faat sekt\u00f6r\u00fcndeki en \u00f6nemli inovasyon alanlar\u0131, yap\u0131 malzemeleri&#8230; Mevcut malzemelere yeni ve \u00fcst\u00fcn \u00f6zelliklerin kazand\u0131r\u0131lmas\u0131 veya tamamen yeni ve \u00fcst\u00fcn nitelikli malzemelerin geli\u015ftirilmesi, stratejik olarak en \u00f6nemli inovasyon alan\u0131 oldu\u011funu belirten <strong>Tahmaz<\/strong>, gelecekte daha hafif, daha esnek, dayan\u0131m\u0131 daha y\u00fcksek, daha uzun \u00f6m\u00fcrl\u00fc, hem kullan\u0131m\u0131 hem de \u00fcretimi s\u00fcresince \u00e7evreye daha az zararl\u0131, do\u011fal enerji kaynaklar\u0131ndan daha etkin \u015fekilde faydalanabilen yap\u0131 malzemelerine ihtiya\u00e7 duyulaca\u011f\u0131n\u0131 belirtiyor. Bu yap\u0131 malzemelerinin geli\u015ftirilmesinde ise, g\u00fcn\u00fcm\u00fcz\u00fcn en \u00f6nemli teknoloji alanlar\u0131ndan biri olan nanoteknolojinin \u00e7ok \u00f6nemli katk\u0131lar sa\u011flayaca\u011f\u0131n\u0131 da vurguluyor.<\/p>\n<p><strong>Eda Tahmaz, <\/strong>gelece\u011fi in\u015fa ederken teknolojik geli\u015fimlerle beraber sosyal ve demografik de\u011fi\u015fimlerin de de\u011ferlendirilmesi gerekti\u011finin \u015fu s\u00f6zlerle alt\u0131n\u0131 \u00e7iziyor: <strong>\u201c\u00d6n\u00fcm\u00fczdeki 10 y\u0131ll\u0131k s\u00fcre\u00e7te sosyal yap\u0131da, k\u00fclt\u00fcrel hayat\u0131m\u0131zda ve \u00f6nceliklerimizde ya\u015fayacak oldu\u011fumuz de\u011fi\u015fimler, nas\u0131l binalara ihtiyac\u0131m\u0131z olaca\u011f\u0131 konusunda bize \u00f6nemli ipu\u00e7lar\u0131 veriyor. Konut ba\u015f\u0131na d\u00fc\u015fen birey say\u0131s\u0131 azal\u0131rken, yaln\u0131z ya\u015famay\u0131 tercih eden bireylerin say\u0131s\u0131nda da h\u0131zl\u0131 bir art\u0131\u015f g\u00f6zleniyor. \u00d6te yandan \u015fehirle\u015fme ve buna ba\u011fl\u0131 olarak b\u00fcy\u00fck \u015fehirlerde konut ihtiyac\u0131 da h\u0131zla art\u0131yor. \u00c7evreyi daha az kirleten, do\u011faya daha az zarar veren, do\u011fal kaynaklar\u0131 daha etkin olarak kullanabilen yap\u0131lara ve binalara ihtiyac\u0131m\u0131z var&#8230;\u201d <\/strong><\/p>","protected":false},"excerpt":{"rendered":"<p>Sorry, this entry is only available in Turkish. For the sake of viewer convenience, the content is shown below in the alternative language. You may click the link to switch the active language. Bug\u00fcne kadar kurumsal ofis ve konut fonksiyonlar\u0131 ba\u015fta olmak \u00fczere birbirinden \u00e7ok farkl\u0131 tipolojilerdeki yap\u0131lar\u0131n i\u00e7 mimari tasar\u0131mlar\u0131n\u0131, g\u00fcn\u00fcm\u00fcz\u00fcn de\u011fi\u015fen ihtiya\u00e7lar\u0131na cevap [&hellip;]<\/p>\n","protected":false},"author":1,"featured_media":69199,"comment_status":"open","ping_status":"open","sticky":false,"template":"","format":"standard","meta":[],"categories":[53,52],"tags":[36036,36037,67,1009,12,36038,793],"views":925,"_links":{"self":[{"href":"https:\/\/www.enerjigazetesi.ist\/en\/wp-json\/wp\/v2\/posts\/69198"}],"collection":[{"href":"https:\/\/www.enerjigazetesi.ist\/en\/wp-json\/wp\/v2\/posts"}],"about":[{"href":"https:\/\/www.enerjigazetesi.ist\/en\/wp-json\/wp\/v2\/types\/post"}],"author":[{"embeddable":true,"href":"https:\/\/www.enerjigazetesi.ist\/en\/wp-json\/wp\/v2\/users\/1"}],"replies":[{"embeddable":true,"href":"https:\/\/www.enerjigazetesi.ist\/en\/wp-json\/wp\/v2\/comments?post=69198"}],"version-history":[{"count":2,"href":"https:\/\/www.enerjigazetesi.ist\/en\/wp-json\/wp\/v2\/posts\/69198\/revisions"}],"predecessor-version":[{"id":69201,"href":"https:\/\/www.enerjigazetesi.ist\/en\/wp-json\/wp\/v2\/posts\/69198\/revisions\/69201"}],"wp:featuredmedia":[{"embeddable":true,"href":"https:\/\/www.enerjigazetesi.ist\/en\/wp-json\/wp\/v2\/media\/69199"}],"wp:attachment":[{"href":"https:\/\/www.enerjigazetesi.ist\/en\/wp-json\/wp\/v2\/media?parent=69198"}],"wp:term":[{"taxonomy":"category","embeddable":true,"href":"https:\/\/www.enerjigazetesi.ist\/en\/wp-json\/wp\/v2\/categories?post=69198"},{"taxonomy":"post_tag","embeddable":true,"href":"https:\/\/www.enerjigazetesi.ist\/en\/wp-json\/wp\/v2\/tags?post=69198"}],"curies":[{"name":"wp","href":"https:\/\/api.w.org\/{rel}","templated":true}]}}