{"id":69108,"date":"2017-11-11T23:59:43","date_gmt":"2017-11-11T20:59:43","guid":{"rendered":"https:\/\/www.enerjigazetesi.ist\/?p=69108"},"modified":"2017-11-11T23:59:43","modified_gmt":"2017-11-11T20:59:43","slug":"cop23-iklim-gorusmeleri-suruyor","status":"publish","type":"post","link":"https:\/\/www.enerjigazetesi.ist\/en\/cop23-iklim-gorusmeleri-suruyor\/","title":{"rendered":"(Turkish) COP23 \u0130klim G\u00f6r\u00fc\u015fmeleri S\u00fcr\u00fcyor&#8230;"},"content":{"rendered":"<p class=\"qtranxs-available-languages-message qtranxs-available-languages-message-en\">Sorry, this entry is only available in <a href=\"https:\/\/www.enerjigazetesi.ist\/tr\/wp-json\/wp\/v2\/posts\/69108\" class=\"qtranxs-available-language-link qtranxs-available-language-link-tr\" title=\"Turkish\">Turkish<\/a>. For the sake of viewer convenience, the content is shown below in the alternative language. You may click the link to switch the active language.<\/p><p><img loading=\"lazy\" class=\"alignleft size-medium wp-image-69109\" src=\"https:\/\/www.enerjigazetesi.ist\/wp-content\/uploads\/2017\/11\/cop23-iklim-gorusmeleri-suruyor-300x200.jpg\" alt=\"\" width=\"300\" height=\"200\" srcset=\"https:\/\/www.enerjigazetesi.ist\/wp-content\/uploads\/2017\/11\/cop23-iklim-gorusmeleri-suruyor.jpg 300w, https:\/\/www.enerjigazetesi.ist\/wp-content\/uploads\/2017\/11\/cop23-iklim-gorusmeleri-suruyor-75x50.jpg 75w\" sizes=\"(max-width: 300px) 100vw, 300px\" \/><\/p>\n<p><strong>\u0130klim De\u011fi\u015fikli\u011fi \u00dczerine Birle\u015fmi\u015f Milletler \u00c7er\u00e7eve S\u00f6zle\u015fmesi (UNFCCC) kapsam\u0131nda 1995 y\u0131l\u0131ndan beri her y\u0131l ger\u00e7ekle\u015ftirilen Taraflar Konferans\u0131\u2019n\u0131n (Conference of Parties &#8211; COP) 23\u2019\u00fcnc\u00fcs\u00fc (COP23) Ada \u00fclkesi Fiji ba\u015fkanl\u0131\u011f\u0131nda Almanya\u2019n\u0131n Bonn kentinde devam ediyor.<\/strong><\/p>\n<p>COP23\u2019e kat\u0131lan m\u00fczakerecilerince \u00f6n\u00fcm\u00fczdeki hafta i\u00e7inde Paris \u0130klim Anla\u015fmas\u0131\u2019n\u0131n d\u00fczenlemeleri ve k\u00fcresel \u0131s\u0131nma de\u011ferleri netle\u015ftirilecek.<\/p>\n<p>Fakat g\u00f6r\u00fc\u015fmeler, ABD Trump y\u00f6netiminin k\u00f6m\u00fcre te\u015fvik ve Paris \u0130klim Anla\u015fmas\u0131\u2019ndan \u00e7ekilece\u011fi a\u00e7\u0131klamalar\u0131 g\u00f6lgesinde ger\u00e7ekle\u015ftiriliyor. Kurala g\u00f6re, ABD anla\u015fmadan 2020&#8217;ye kadar \u00e7ekilemiyor. Bu neden ile ABD bu toplant\u0131ya bir m\u00fczakere ekibi de g\u00f6nderdi.<\/p>","protected":false},"excerpt":{"rendered":"<p>Sorry, this entry is only available in Turkish. For the sake of viewer convenience, the content is shown below in the alternative language. You may click the link to switch the active language. \u0130klim De\u011fi\u015fikli\u011fi \u00dczerine Birle\u015fmi\u015f Milletler \u00c7er\u00e7eve S\u00f6zle\u015fmesi (UNFCCC) kapsam\u0131nda 1995 y\u0131l\u0131ndan beri her y\u0131l ger\u00e7ekle\u015ftirilen Taraflar Konferans\u0131\u2019n\u0131n (Conference of Parties &#8211; COP) [&hellip;]<\/p>\n","protected":false},"author":1,"featured_media":69109,"comment_status":"open","ping_status":"open","sticky":false,"template":"","format":"standard","meta":[],"categories":[53,52],"tags":[1198,35997,67,1009,1224,1675],"views":938,"_links":{"self":[{"href":"https:\/\/www.enerjigazetesi.ist\/en\/wp-json\/wp\/v2\/posts\/69108"}],"collection":[{"href":"https:\/\/www.enerjigazetesi.ist\/en\/wp-json\/wp\/v2\/posts"}],"about":[{"href":"https:\/\/www.enerjigazetesi.ist\/en\/wp-json\/wp\/v2\/types\/post"}],"author":[{"embeddable":true,"href":"https:\/\/www.enerjigazetesi.ist\/en\/wp-json\/wp\/v2\/users\/1"}],"replies":[{"embeddable":true,"href":"https:\/\/www.enerjigazetesi.ist\/en\/wp-json\/wp\/v2\/comments?post=69108"}],"version-history":[{"count":1,"href":"https:\/\/www.enerjigazetesi.ist\/en\/wp-json\/wp\/v2\/posts\/69108\/revisions"}],"predecessor-version":[{"id":69110,"href":"https:\/\/www.enerjigazetesi.ist\/en\/wp-json\/wp\/v2\/posts\/69108\/revisions\/69110"}],"wp:featuredmedia":[{"embeddable":true,"href":"https:\/\/www.enerjigazetesi.ist\/en\/wp-json\/wp\/v2\/media\/69109"}],"wp:attachment":[{"href":"https:\/\/www.enerjigazetesi.ist\/en\/wp-json\/wp\/v2\/media?parent=69108"}],"wp:term":[{"taxonomy":"category","embeddable":true,"href":"https:\/\/www.enerjigazetesi.ist\/en\/wp-json\/wp\/v2\/categories?post=69108"},{"taxonomy":"post_tag","embeddable":true,"href":"https:\/\/www.enerjigazetesi.ist\/en\/wp-json\/wp\/v2\/tags?post=69108"}],"curies":[{"name":"wp","href":"https:\/\/api.w.org\/{rel}","templated":true}]}}