{"id":69070,"date":"2017-11-10T12:36:25","date_gmt":"2017-11-10T09:36:25","guid":{"rendered":"https:\/\/www.enerjigazetesi.ist\/?p=69070"},"modified":"2017-11-10T12:36:25","modified_gmt":"2017-11-10T09:36:25","slug":"irak-iran-ve-suriyeden-elektrik-paylasim-protokolu","status":"publish","type":"post","link":"https:\/\/www.enerjigazetesi.ist\/en\/irak-iran-ve-suriyeden-elektrik-paylasim-protokolu\/","title":{"rendered":"(Turkish) Irak, \u0130ran ve Suriye&#8217;den Elektrik Payla\u015f\u0131m Protokol\u00fc"},"content":{"rendered":"<p class=\"qtranxs-available-languages-message qtranxs-available-languages-message-en\">Sorry, this entry is only available in <a href=\"https:\/\/www.enerjigazetesi.ist\/tr\/wp-json\/wp\/v2\/posts\/69070\" class=\"qtranxs-available-language-link qtranxs-available-language-link-tr\" title=\"Turkish\">Turkish<\/a>. For the sake of viewer convenience, the content is shown below in the alternative language. You may click the link to switch the active language.<\/p><p><strong>Irak, \u0130ran ve Suriye aras\u0131nda ihtiya\u00e7 duyulmas\u0131 durumunda birbirleri ile elektrik payla\u015f\u0131m\u0131na y\u00f6nelik protokol imzaland\u0131.<\/strong><\/p>\n<p><img loading=\"lazy\" class=\"alignright size-medium wp-image-69071\" src=\"https:\/\/www.enerjigazetesi.ist\/wp-content\/uploads\/2017\/11\/irak-iran-ve-suriyeden-elektrik-paylasim-protokolu-300x152.jpg\" alt=\"\" width=\"300\" height=\"152\" srcset=\"https:\/\/www.enerjigazetesi.ist\/wp-content\/uploads\/2017\/11\/irak-iran-ve-suriyeden-elektrik-paylasim-protokolu-300x152.jpg 300w, https:\/\/www.enerjigazetesi.ist\/wp-content\/uploads\/2017\/11\/irak-iran-ve-suriyeden-elektrik-paylasim-protokolu-500x253.jpg 500w, https:\/\/www.enerjigazetesi.ist\/wp-content\/uploads\/2017\/11\/irak-iran-ve-suriyeden-elektrik-paylasim-protokolu-80x41.jpg 80w, https:\/\/www.enerjigazetesi.ist\/wp-content\/uploads\/2017\/11\/irak-iran-ve-suriyeden-elektrik-paylasim-protokolu.jpg 730w\" sizes=\"(max-width: 300px) 100vw, 300px\" \/><\/p>\n<p><span id=\"more-95359\"><\/span>Irak, \u0130ran ve Suriye aras\u0131nda b\u00f6lgesel i\u015fbirli\u011fi geni\u015fletiliyor. SANA\u2019n\u0131n haberine g\u00f6re, \u00fc\u00e7 \u00fclkenin elektrik bakanlar\u0131 Tahran\u2019da bir araya gelerek yap\u0131lan toplant\u0131da, \u00fc\u00e7 \u00fclke aras\u0131ndaki enerji ba\u011flant\u0131s\u0131 protokol\u00fcn\u00fcn yeniden aktive edilmesine y\u00f6nelik karar al\u0131nd\u0131.<\/p>\n<p>\u0130mzalanan protokol ile \u00fc\u00e7 \u00fclke, ihtiya\u00e7 durumunda birbirine elektrik sa\u011flayacak. Elektrik de\u011fi\u015f-toku\u015fu 155 ve 42 km\u2019lik iki hat \u00fczerinden ger\u00e7ekle\u015ftirilecek. Bu hatlardan birisi, ge\u00e7en g\u00fcnlerde kurtar\u0131lan El Kaim\u2019den ge\u00e7mektedir.<\/p>","protected":false},"excerpt":{"rendered":"<p>Sorry, this entry is only available in Turkish. For the sake of viewer convenience, the content is shown below in the alternative language. You may click the link to switch the active language.Irak, \u0130ran ve Suriye aras\u0131nda ihtiya\u00e7 duyulmas\u0131 durumunda birbirleri ile elektrik payla\u015f\u0131m\u0131na y\u00f6nelik protokol imzaland\u0131. Irak, \u0130ran ve Suriye aras\u0131nda b\u00f6lgesel i\u015fbirli\u011fi geni\u015fletiliyor. [&hellip;]<\/p>\n","protected":false},"author":1,"featured_media":69071,"comment_status":"open","ping_status":"open","sticky":false,"template":"","format":"standard","meta":[],"categories":[51,53],"tags":[68,61,34979,2848,1478,35985,26353,14699,67,1009,1333,945,4731],"views":865,"_links":{"self":[{"href":"https:\/\/www.enerjigazetesi.ist\/en\/wp-json\/wp\/v2\/posts\/69070"}],"collection":[{"href":"https:\/\/www.enerjigazetesi.ist\/en\/wp-json\/wp\/v2\/posts"}],"about":[{"href":"https:\/\/www.enerjigazetesi.ist\/en\/wp-json\/wp\/v2\/types\/post"}],"author":[{"embeddable":true,"href":"https:\/\/www.enerjigazetesi.ist\/en\/wp-json\/wp\/v2\/users\/1"}],"replies":[{"embeddable":true,"href":"https:\/\/www.enerjigazetesi.ist\/en\/wp-json\/wp\/v2\/comments?post=69070"}],"version-history":[{"count":1,"href":"https:\/\/www.enerjigazetesi.ist\/en\/wp-json\/wp\/v2\/posts\/69070\/revisions"}],"predecessor-version":[{"id":69072,"href":"https:\/\/www.enerjigazetesi.ist\/en\/wp-json\/wp\/v2\/posts\/69070\/revisions\/69072"}],"wp:featuredmedia":[{"embeddable":true,"href":"https:\/\/www.enerjigazetesi.ist\/en\/wp-json\/wp\/v2\/media\/69071"}],"wp:attachment":[{"href":"https:\/\/www.enerjigazetesi.ist\/en\/wp-json\/wp\/v2\/media?parent=69070"}],"wp:term":[{"taxonomy":"category","embeddable":true,"href":"https:\/\/www.enerjigazetesi.ist\/en\/wp-json\/wp\/v2\/categories?post=69070"},{"taxonomy":"post_tag","embeddable":true,"href":"https:\/\/www.enerjigazetesi.ist\/en\/wp-json\/wp\/v2\/tags?post=69070"}],"curies":[{"name":"wp","href":"https:\/\/api.w.org\/{rel}","templated":true}]}}