{"id":69037,"date":"2017-11-09T11:52:28","date_gmt":"2017-11-09T08:52:28","guid":{"rendered":"https:\/\/www.enerjigazetesi.ist\/?p=69037"},"modified":"2017-11-09T11:53:42","modified_gmt":"2017-11-09T08:53:42","slug":"bedasa-bakanliktan-ar-ge-merkezi-onayi","status":"publish","type":"post","link":"https:\/\/www.enerjigazetesi.ist\/en\/bedasa-bakanliktan-ar-ge-merkezi-onayi\/","title":{"rendered":"(Turkish) BEDA\u015e Bakanl\u0131ktan \u2018Ar-Ge Merkezi\u2019 Onay\u0131 Ald\u0131"},"content":{"rendered":"<p class=\"qtranxs-available-languages-message qtranxs-available-languages-message-en\">Sorry, this entry is only available in <a href=\"https:\/\/www.enerjigazetesi.ist\/tr\/wp-json\/wp\/v2\/posts\/69037\" class=\"qtranxs-available-language-link qtranxs-available-language-link-tr\" title=\"Turkish\">Turkish<\/a>. For the sake of viewer convenience, the content is shown below in the alternative language. You may click the link to switch the active language.<\/p><p><strong>Elektrik da\u011f\u0131t\u0131m hizmetinde sekt\u00f6r\u00fcn liderlerinden biri olan BEDA\u015e, yapt\u0131\u011f\u0131 yat\u0131r\u0131mlarla adeta teknoloji \u015firketine d\u00f6n\u00fc\u015f\u00fcrken Bilim, Sanayi ve Teknoloji Bakanl\u0131\u011f\u0131\u2019ndan \u2018Ar-Ge Merkezi\u2019 olmak \u00fczere onay ald\u0131. BEDA\u015e, b\u00fcnyesinde bulunan 18 ki\u015filik ekiple yakla\u015f\u0131k 30 milyon TL\u2019lik 17 Ar-Ge projesini y\u00fcr\u00fct\u00fcyor.<\/strong><\/p>\n<p>\u0130stanbul Avrupa Yakas\u0131\u2019nda elektrik da\u011f\u0131t\u0131m hizmeti veren Bo\u011fazi\u00e7i Elektrik Da\u011f\u0131t\u0131m A.\u015e. (BEDA\u015e), ara\u015ft\u0131rma ve geli\u015ftirme alan\u0131na yapt\u0131\u011f\u0131 yat\u0131r\u0131mlar\u0131n meyvesini al\u0131yor. \u0130stanbul Taksim\u2019de 18 ki\u015filik <img loading=\"lazy\" class=\"alignleft size-medium wp-image-69038\" src=\"https:\/\/www.enerjigazetesi.ist\/wp-content\/uploads\/2017\/11\/bedasa-bakanliktan-ar-ge-merkezi-onayi-300x200.jpg\" alt=\"\" width=\"300\" height=\"200\" srcset=\"https:\/\/www.enerjigazetesi.ist\/wp-content\/uploads\/2017\/11\/bedasa-bakanliktan-ar-ge-merkezi-onayi-300x200.jpg 300w, https:\/\/www.enerjigazetesi.ist\/wp-content\/uploads\/2017\/11\/bedasa-bakanliktan-ar-ge-merkezi-onayi-500x333.jpg 500w, https:\/\/www.enerjigazetesi.ist\/wp-content\/uploads\/2017\/11\/bedasa-bakanliktan-ar-ge-merkezi-onayi-75x50.jpg 75w, https:\/\/www.enerjigazetesi.ist\/wp-content\/uploads\/2017\/11\/bedasa-bakanliktan-ar-ge-merkezi-onayi.jpg 750w\" sizes=\"(max-width: 300px) 100vw, 300px\" \/>personeli ile y\u00fcr\u00fctt\u00fc\u011f\u00fc 17 Ar-Ge projesinden 7\u2019sini hayata ge\u00e7iren BEDA\u015e\u2019\u0131n Ar-Ge Merkezi olma ba\u015fvurusuna Bilim, Sanayi ve Teknoloji Bakanl\u0131\u011f\u0131\u2019ndan onay geldi. BEDA\u015e\u2019\u0131n Ar-Ge Merkezi, sekt\u00f6r\u00fcnde 2\u2019nci, T\u00fcrkiye\u2019nin ise 679\u2019uncu merkezi unvan\u0131na sahip oldu.<\/p>\n<p>2013 y\u0131l\u0131ndaki \u00f6zelle\u015ftirme s\u00fcrecinin ard\u0131ndan 2014\u2019te b\u00fcnyesinde Ar-Ge birimi olu\u015fturan ve ilk ad\u0131m\u0131 Y\u0131ld\u0131z Teknik \u00dcniversitesi\u2019nde yer alan Teknopark\u2019ta atan BEDA\u015e, Haziran 2017\u2019de s\u00f6z konusu birimi \u0130stanbul Taksim\u2019deki binas\u0131na ta\u015f\u0131d\u0131. 7\u2019si tamamlanm\u0131\u015f toplam 17 Ar-Ge projesi bulunan BEDA\u015e, Temmuz 2017\u2019de de Bilim, Sanayi ve Teknoloji Bakanl\u0131\u011f\u0131\u2019na Ar-Ge Merkezi olma ba\u015fvurusunda bulundu. Bakanl\u0131k taraf\u0131ndan 1 Kas\u0131m 2017 tarihi itibar\u0131yla ba\u015fvuruya olumlu yan\u0131t verildi.<\/p>\n<p><strong>\u2018AR-GE\u2019N\u0130N \u00d6NEM\u0130N\u0130N FARKINDAYIZ\u2019<\/strong><\/p>\n<p>Daha \u00f6nce \u2018ak\u0131ll\u0131 m\u00fch\u00fcr\u2019 olarak ifade edilen, elektrik saya\u00e7lar\u0131nda ka\u00e7a\u011f\u0131n \u00f6n\u00fcne ge\u00e7en projenin y\u00fcr\u00fct\u00fclmesinde bizzat yer alan, her zaman ara\u015ft\u0131rma geli\u015ftirme \u00e7al\u0131\u015fmalar\u0131na verdi\u011fi \u00f6nemin alt\u0131n\u0131 \u00e7izen <strong>BEDA\u015e Genel M\u00fcd\u00fcr\u00fc Murat Yi\u011fit<\/strong>, \u201cElektrik da\u011f\u0131t\u0131m sekt\u00f6r\u00fc giderek teknoloji sekt\u00f6r\u00fcne, bizler de teknoloji \u015firketlerine d\u00f6n\u00fc\u015f\u00fcyoruz. Ak\u0131ll\u0131 \u015fehirlere giden yolda, bizler de ak\u0131ll\u0131 \u015febeke altyap\u0131lar\u0131n\u0131 olu\u015fturuyoruz. Bu nedenle Ar-Ge\u2019nin \u00f6neminin, bu alanda yap\u0131lan \u00e7al\u0131\u015fmalar\u0131n\u0131n \u00e7ok de\u011ferli oldu\u011funun fark\u0131nday\u0131z. Sanayi Bakanl\u0131\u011f\u0131\u2019n\u0131n ba\u015fvurumuzu kabul etmesi ile birlikte bu yolda att\u0131\u011f\u0131m\u0131z ad\u0131mlar\u0131 \u00e7ok daha h\u0131zland\u0131raca\u011f\u0131z\u201d diye konu\u015ftu.<\/p>\n<p><strong>17 PROJEYE, 30 M\u0130LYON TL<\/strong><\/p>\n<p>BEDA\u015e Ar-Ge Merkezi\u2019nin \u00f6ncelikle \u015febekede kar\u015f\u0131la\u015f\u0131lan sorunlar\u0131 minimize edecek, enerji arz\u0131n\u0131, kalite ve verimini y\u00fckseltecek projelere imza ataca\u011f\u0131n\u0131 dile getiren Yi\u011fit s\u00f6zlerine \u015f\u00f6yle devam etti:<\/p>\n<p>\u201cBunun yan\u0131 s\u0131ra \u00f6zellikle ak\u0131ll\u0131 \u015febeke uygulamalar\u0131 ba\u015fta olmak \u00fczere Avrupa ve di\u011fer d\u00fcnya \u00fclkelerindeki geli\u015fmeleri ve sekt\u00f6r\u00fc yak\u0131ndan takip ederek gelecekte kar\u015f\u0131la\u015f\u0131lmas\u0131 \u00f6ng\u00f6r\u00fclen zorluklara haz\u0131rlan\u0131lmas\u0131 i\u00e7in EPDK, T\u00dcB\u0130TAK ve d\u00fcnyan\u0131n en b\u00fcy\u00fck sivil ara\u015ft\u0131rma program\u0131 olma \u00f6zelli\u011fine sahip Horizon 2020 proje desteklerini alarak yeni projeler geli\u015ftirmekteyiz. Tamamlanan ve devam etmekte olan toplam 17 Ar-Ge projemizin de\u011feri 30 milyon TL\u2019yi buluyor. Ar-Ge Merkezi onay\u0131ndan sonra proje say\u0131s\u0131 ve buraya ay\u0131rd\u0131\u011f\u0131m\u0131z kaynak daha da artacak.\u201d<\/p>","protected":false},"excerpt":{"rendered":"<p>Sorry, this entry is only available in Turkish. For the sake of viewer convenience, the content is shown below in the alternative language. You may click the link to switch the active language.Elektrik da\u011f\u0131t\u0131m hizmetinde sekt\u00f6r\u00fcn liderlerinden biri olan BEDA\u015e, yapt\u0131\u011f\u0131 yat\u0131r\u0131mlarla adeta teknoloji \u015firketine d\u00f6n\u00fc\u015f\u00fcrken Bilim, Sanayi ve Teknoloji Bakanl\u0131\u011f\u0131\u2019ndan \u2018Ar-Ge Merkezi\u2019 olmak \u00fczere [&hellip;]<\/p>\n","protected":false},"author":1,"featured_media":69038,"comment_status":"open","ping_status":"open","sticky":false,"template":"","format":"standard","meta":[],"categories":[51,53],"tags":[1506,8058,1266,34979,26353,67,1009,32927],"views":975,"_links":{"self":[{"href":"https:\/\/www.enerjigazetesi.ist\/en\/wp-json\/wp\/v2\/posts\/69037"}],"collection":[{"href":"https:\/\/www.enerjigazetesi.ist\/en\/wp-json\/wp\/v2\/posts"}],"about":[{"href":"https:\/\/www.enerjigazetesi.ist\/en\/wp-json\/wp\/v2\/types\/post"}],"author":[{"embeddable":true,"href":"https:\/\/www.enerjigazetesi.ist\/en\/wp-json\/wp\/v2\/users\/1"}],"replies":[{"embeddable":true,"href":"https:\/\/www.enerjigazetesi.ist\/en\/wp-json\/wp\/v2\/comments?post=69037"}],"version-history":[{"count":2,"href":"https:\/\/www.enerjigazetesi.ist\/en\/wp-json\/wp\/v2\/posts\/69037\/revisions"}],"predecessor-version":[{"id":69040,"href":"https:\/\/www.enerjigazetesi.ist\/en\/wp-json\/wp\/v2\/posts\/69037\/revisions\/69040"}],"wp:featuredmedia":[{"embeddable":true,"href":"https:\/\/www.enerjigazetesi.ist\/en\/wp-json\/wp\/v2\/media\/69038"}],"wp:attachment":[{"href":"https:\/\/www.enerjigazetesi.ist\/en\/wp-json\/wp\/v2\/media?parent=69037"}],"wp:term":[{"taxonomy":"category","embeddable":true,"href":"https:\/\/www.enerjigazetesi.ist\/en\/wp-json\/wp\/v2\/categories?post=69037"},{"taxonomy":"post_tag","embeddable":true,"href":"https:\/\/www.enerjigazetesi.ist\/en\/wp-json\/wp\/v2\/tags?post=69037"}],"curies":[{"name":"wp","href":"https:\/\/api.w.org\/{rel}","templated":true}]}}