{"id":69015,"date":"2017-11-08T12:18:32","date_gmt":"2017-11-08T09:18:32","guid":{"rendered":"https:\/\/www.enerjigazetesi.ist\/?p=69015"},"modified":"2017-11-08T12:18:32","modified_gmt":"2017-11-08T09:18:32","slug":"ruzgarda-surprizi-bol-bir-yil-bizleri-bekliyor","status":"publish","type":"post","link":"https:\/\/www.enerjigazetesi.ist\/en\/ruzgarda-surprizi-bol-bir-yil-bizleri-bekliyor\/","title":{"rendered":"(Turkish) R\u00fczgarda S\u00fcrprizi Bol Bir Y\u0131l Bizleri Bekliyor&#8230;"},"content":{"rendered":"<p class=\"qtranxs-available-languages-message qtranxs-available-languages-message-en\">Sorry, this entry is only available in <a href=\"https:\/\/www.enerjigazetesi.ist\/tr\/wp-json\/wp\/v2\/posts\/69015\" class=\"qtranxs-available-language-link qtranxs-available-language-link-tr\" title=\"Turkish\">Turkish<\/a>. For the sake of viewer convenience, the content is shown below in the alternative language. You may click the link to switch the active language.<\/p><p><strong>T\u00fcreb\u2019in 6.\u2019s\u0131n\u0131 d\u00fczenledi\u011fi T\u00dcREK organizasyonunda \u201cYEKA&#8217;da s\u00fcrpriz ad\u0131mlar geliyor&#8221; diyen Enerji Bakan\u0131 Berat Albayrak, 2018 y\u0131l\u0131nda YEKA&#8217;da, \u00f6zellikle r\u00fczgar lisans\u0131 i\u00e7in \u015fa\u015f\u0131rt\u0131c\u0131 hamleler ger\u00e7ekle\u015ftireceklerini s\u00f6yledi. EPDK Ba\u015fkan\u0131 Y\u0131lmaz ise y\u0131l sonundan \u00f6nce yeni RES lisans yar\u0131\u015fmalar\u0131 yap\u0131laca\u011f\u0131n\u0131 a\u00e7\u0131klad\u0131. <\/strong><\/p>\n<p>Ankara&#8217;da 1-2 Kas\u0131m tarihlerinde ger\u00e7ekle\u015fen 6. T\u00fcrkiye R\u00fczgar Enerjisi Kongresi (T\u00dcREK) sekt\u00f6r\u00fcn \u00f6nemli isimlerini a\u011f\u0131rlad\u0131. \u0130ki g\u00fcn boyunca dolu dolu ge\u00e7en organizasyonda 12 oturum ger\u00e7ekle\u015fti. <img loading=\"lazy\" class=\"alignright size-medium wp-image-69016\" src=\"https:\/\/www.enerjigazetesi.ist\/wp-content\/uploads\/2017\/11\/ruzgarda-surprizi-bol-bir-yil-bizleri-bekliyor-300x200.jpg\" alt=\"\" width=\"300\" height=\"200\" srcset=\"https:\/\/www.enerjigazetesi.ist\/wp-content\/uploads\/2017\/11\/ruzgarda-surprizi-bol-bir-yil-bizleri-bekliyor-300x200.jpg 300w, https:\/\/www.enerjigazetesi.ist\/wp-content\/uploads\/2017\/11\/ruzgarda-surprizi-bol-bir-yil-bizleri-bekliyor-500x333.jpg 500w, https:\/\/www.enerjigazetesi.ist\/wp-content\/uploads\/2017\/11\/ruzgarda-surprizi-bol-bir-yil-bizleri-bekliyor-75x50.jpg 75w, https:\/\/www.enerjigazetesi.ist\/wp-content\/uploads\/2017\/11\/ruzgarda-surprizi-bol-bir-yil-bizleri-bekliyor.jpg 684w\" sizes=\"(max-width: 300px) 100vw, 300px\" \/>A\u00e7\u0131l\u0131\u015f\u0131n\u0131 Enerji Bakan\u0131 Berat Albayrak\u2019\u0131n yapt\u0131\u011f\u0131 etkinlikte \u00f6nemli mesajlar verildi.<\/p>\n<p><strong>YEKA\u2019lar\u0131 heyecanla bekliyoruz<\/strong><\/p>\n<p>T\u00fcrkiye R\u00fczgar Enerjisi Birli\u011fi (T\u00dcREB) Ba\u015fkan\u0131 Mustafa Serdar Ataseven, T\u00fcrkiye&#8217;de r\u00fczgar enerjisinin \u00f6zellikle son be\u015f y\u0131lda \u00e7ok h\u0131zl\u0131 bir geli\u015fim g\u00f6sterdi\u011fini belirterek, bundan sonra da sekt\u00f6r\u00fcn \u00f6n\u00fcn\u00fcn a\u00e7\u0131k oldu\u011funu kaydetti. Sadece r\u00fczgar yat\u0131r\u0131mlar\u0131 de\u011fil ayn\u0131 zamanda r\u00fczgar end\u00fcstrisinin de geli\u015fti\u011fine dikkat \u00e7eken Ataseven, sekt\u00f6r\u00fcn bekledi\u011fi geriye kalan ihalelerin yap\u0131lmas\u0131n\u0131 ve ikinci YEKA haz\u0131rl\u0131klar\u0131n\u0131 heyecanla beklediklerini s\u00f6yledi.<\/p>\n<p><strong>Piyasalar\u0131 \u015fa\u015f\u0131rtmaya devam edece\u011fiz<\/strong><\/p>\n<p>Enerji ve Tabii Kaynaklar Bakan\u0131 Berat Albayrak, kongrede yapt\u0131\u011f\u0131 konu\u015fmada Yenilenebilir Enerji Kaynaklar\u0131 Destekleme Mekanizmas\u0131n\u0131n (YEKDEM) 2020 y\u0131l\u0131nda sona erece\u011fini belirterek, &#8220;\u0130lk a\u011f\u0131zdan s\u00f6yl\u00fcyorum, &#8216;hay\u0131r&#8217; devam etmeyece\u011fiz. O g\u00fcn\u00fcn ko\u015fullar\u0131nda ciddi katk\u0131 yapt\u0131 ancak miad\u0131n\u0131 doldurdu. T\u00fcm payda\u015flar\u0131 tatmin eden bir model ortaya koymad\u0131\u011f\u0131n\u0131z s\u00fcrece bu model s\u00fcrd\u00fcr\u00fclebilir de\u011fildir. Yat\u0131r\u0131mc\u0131y\u0131, t\u00fcketiciyi, end\u00fcstriyi, kamuyu, hepsini e\u015fit anlamda tatmin etmeli ki s\u00fcrd\u00fcr\u00fclebilir olsun. Yoksa bir s\u00fcre sonra bir ba\u015fkas\u0131 gelir bu modeli durdurur&#8221; diye konu\u015ftu.<\/p>\n<p>YEKA modelinin uygulanmaya devam edece\u011fini kaydeden Bakan Albayrak \u015f\u00f6yle dedi: &#8220;2018&#8217;de s\u00fcrpriz baz\u0131 ad\u0131mlarla, r\u00fczgarda \u00f6zellikle, YEKA&#8217;lar devam edecek. G\u00fcne\u015fte d\u00fcnyan\u0131n en b\u00fcy\u00fck ihalesini yapt\u0131k, hakikaten \u00e7ok ba\u015far\u0131l\u0131yd\u0131. R\u00fczgarda da g\u00fcne\u015fte de ayn\u0131 \u015fekilde seneye farkl\u0131 s\u00fcrpriz ad\u0131mlarla devam edecek. Bundan hi\u00e7bir \u015fekilde geri ad\u0131m atmayaca\u011f\u0131z. Geli\u015fme anlam\u0131nda piyasalar\u0131 \u015fa\u015f\u0131rtmaya devam edece\u011fiz.&#8221;<\/p>\n<p>T\u00fcrkiye&#8217;nin enerji sekt\u00f6r\u00fcnde i\u00e7 piyasada maksimum rekabeti sa\u011flamak zorunda oldu\u011funu vurgulayan Bakan Albayrak: &#8220;Bu \u015fartlar ne kadar rekabet\u00e7i ve ba\u015far\u0131l\u0131 bir \u015fekilde tesis edilirse o kadar b\u00fcy\u00fck firmalar, d\u00fcnyada rekabet eden k\u00f6\u015fe ba\u015f\u0131 kurumlar ortaya \u00e7\u0131kar\u0131rs\u0131n\u0131z. T\u00fcrkiye bu alanda, r\u00fczgar enerjisi noktas\u0131nda \u00e7ok ciddi bir ba\u015far\u0131 hikayesi, kapasitelerin devreye al\u0131nmas\u0131 anlam\u0131nda \u00f6zellikle \u00f6nemli ad\u0131mlar atmaya devam edecek. Daha \u015feffaf, daha rekabet\u00e7i daha liberal bir piyasa, kazan-kazan-kazan resminin ortaya \u00e7\u0131kt\u0131\u011f\u0131 g\u00fczel bir resim ortaya koyaca\u011f\u0131z.&#8221; Dedi.<\/p>\n<p><strong>Yeni RES yar\u0131\u015fmalar\u0131 y\u0131lba\u015f\u0131ndan \u00f6nce<\/strong><\/p>\n<p>Enerji Piyasas\u0131 D\u00fczenleme Kurumu (EPDK) Ba\u015fkan\u0131 Mustafa Y\u0131lmaz da T\u00dcREK&#8217;teki konu\u015fmas\u0131nda, ge\u00e7ti\u011fimiz bahar aylar\u0131n\u0131n sonunda ger\u00e7ekle\u015ftirilen 710 MW&#8217;lik kapasite i\u00e7in ger\u00e7ekle\u015ftirilen r\u00fczgar lisans yar\u0131\u015f\u0131 ihalelerinde 18 projenin lisansland\u0131r\u0131ld\u0131\u011f\u0131n\u0131 hat\u0131rlatt\u0131. Y\u0131lmaz, kalan 31 b\u00f6lge i\u00e7in de y\u0131lba\u015f\u0131ndan \u00f6nce ihalelerin tamamlanaca\u011f\u0131n\u0131 s\u00f6yledi. Bu a\u00e7\u0131klama, 2300 MVV&#8217;ye yak\u0131n kapasite i\u00e7in yeni r\u00fczgar lisans yar\u0131\u015fmalar\u0131n\u0131n bu y\u0131l i\u00e7inde tamamlanaca\u011f\u0131 anlam\u0131na geliyor.<\/p>\n<p><strong>Yabanc\u0131 Yat\u0131r\u0131mc\u0131lar Eksi Fiyata Temkinli Yakla\u015f\u0131yor<\/strong><\/p>\n<p>Avrupa R\u00fczgar Enerjisi Birli\u011fi WindEurope CEO&#8217;su Giles Dickson, r\u00fczgar ihalelerindeki negatif fiyat tekliflerinin bir y\u00f6n\u00fcyle ba\u015far\u0131 oldu\u011funu ancak rekabet ve tedarik zinciri geli\u015fimi a\u00e7\u0131s\u0131ndan dikkatle de\u011ferlendirilmesi gerekti\u011fini s\u00f6yledi. Ayr\u0131ca basit izin ve ruhsat sisteminin olmas\u0131n\u0131n gereklili\u011fini dile getiren Dickson, proje geli\u015ftiriciler i\u00e7in tek elden bu i\u015flerin yap\u0131lmas\u0131n\u0131n \u00e7ok \u00f6nemli oldu\u011funu ve yat\u0131r\u0131mc\u0131n\u0131n \u00f6n\u00fcn\u00fc g\u00f6rebildi\u011fi \u00f6l\u00e7\u00fcde yat\u0131r\u0131m yapaca\u011f\u0131n\u0131 belirtti.<\/p>\n<p><strong>\u00d6ng\u00f6r\u00fclebilirlik \u00d6nemli<\/strong><\/p>\n<p>K\u00fcresel R\u00fczgar Enerjisi Konseyi (GWEC) Genel Sekreteri Steve Sawyer, T\u00dcREK&#8217;teki konu\u015fmas\u0131nda, enerji sekt\u00f6r\u00fc i\u00e7in art\u0131k \u00e7ok h\u0131zl\u0131 ve d\u00fczeni bozucu b\u00fcy\u00fck de\u011fi\u015fikliklerin ya\u015fand\u0131\u011f\u0131 bir d\u00f6nemin ya\u015fand\u0131\u011f\u0131n\u0131 belirtti. Bu yeni d\u00f6nemde r\u00fczgar ve g\u00fcne\u015fin egemen olaca\u011f\u0131n\u0131 g\u00f6rd\u00fcklerini vurgulayan Sawyer, konu\u015fmas\u0131nda \u00f6ng\u00f6r\u00fclebilirli\u011fin son derece \u00f6nemli oldu\u011funun alt\u0131n\u0131 \u00e7izdi.<\/p>\n<p><strong>\u00c7evreye \u00d6nem Vermemiz Gerek<\/strong><\/p>\n<p>TBMM \u00c7evre Komisyonu Ba\u015fkan\u0131 Cihan Pekta\u015f &#8220;Nas\u0131l ki insan\u0131n bir kald\u0131rma kapasitesi varsa \u00e7evrenin de bir kald\u0131rma kapasitesi vard\u0131r. O nedenle \u00e7evreye \u00e7ok \u00f6nem vermemiz gerek. \u0130klim de\u011fi\u015fikli\u011fi ile ilgili t\u00fcm protokollere imza atm\u0131\u015f ve \u00e7evre konusunda \u00e7ok \u00f6nemli \u00e7al\u0131\u015fmalar yapan bir \u00fclkeyiz&#8221; dedi.<\/p>","protected":false},"excerpt":{"rendered":"<p>Sorry, this entry is only available in Turkish. For the sake of viewer convenience, the content is shown below in the alternative language. You may click the link to switch the active language.T\u00fcreb\u2019in 6.\u2019s\u0131n\u0131 d\u00fczenledi\u011fi T\u00dcREK organizasyonunda \u201cYEKA&#8217;da s\u00fcrpriz ad\u0131mlar geliyor&#8221; diyen Enerji Bakan\u0131 Berat Albayrak, 2018 y\u0131l\u0131nda YEKA&#8217;da, \u00f6zellikle r\u00fczgar lisans\u0131 i\u00e7in \u015fa\u015f\u0131rt\u0131c\u0131 hamleler [&hellip;]<\/p>\n","protected":false},"author":1,"featured_media":69016,"comment_status":"open","ping_status":"open","sticky":false,"template":"","format":"standard","meta":[],"categories":[53,50],"tags":[67,1009,3388,474,35002,16,24949,1682,6645,3390,25578],"views":794,"_links":{"self":[{"href":"https:\/\/www.enerjigazetesi.ist\/en\/wp-json\/wp\/v2\/posts\/69015"}],"collection":[{"href":"https:\/\/www.enerjigazetesi.ist\/en\/wp-json\/wp\/v2\/posts"}],"about":[{"href":"https:\/\/www.enerjigazetesi.ist\/en\/wp-json\/wp\/v2\/types\/post"}],"author":[{"embeddable":true,"href":"https:\/\/www.enerjigazetesi.ist\/en\/wp-json\/wp\/v2\/users\/1"}],"replies":[{"embeddable":true,"href":"https:\/\/www.enerjigazetesi.ist\/en\/wp-json\/wp\/v2\/comments?post=69015"}],"version-history":[{"count":1,"href":"https:\/\/www.enerjigazetesi.ist\/en\/wp-json\/wp\/v2\/posts\/69015\/revisions"}],"predecessor-version":[{"id":69017,"href":"https:\/\/www.enerjigazetesi.ist\/en\/wp-json\/wp\/v2\/posts\/69015\/revisions\/69017"}],"wp:featuredmedia":[{"embeddable":true,"href":"https:\/\/www.enerjigazetesi.ist\/en\/wp-json\/wp\/v2\/media\/69016"}],"wp:attachment":[{"href":"https:\/\/www.enerjigazetesi.ist\/en\/wp-json\/wp\/v2\/media?parent=69015"}],"wp:term":[{"taxonomy":"category","embeddable":true,"href":"https:\/\/www.enerjigazetesi.ist\/en\/wp-json\/wp\/v2\/categories?post=69015"},{"taxonomy":"post_tag","embeddable":true,"href":"https:\/\/www.enerjigazetesi.ist\/en\/wp-json\/wp\/v2\/tags?post=69015"}],"curies":[{"name":"wp","href":"https:\/\/api.w.org\/{rel}","templated":true}]}}