{"id":69012,"date":"2017-11-08T12:11:20","date_gmt":"2017-11-08T09:11:20","guid":{"rendered":"https:\/\/www.enerjigazetesi.ist\/?p=69012"},"modified":"2017-11-08T12:11:20","modified_gmt":"2017-11-08T09:11:20","slug":"yalitim-4-0-devrimi-dyotherm-markasi-ile-basladi","status":"publish","type":"post","link":"https:\/\/www.enerjigazetesi.ist\/en\/yalitim-4-0-devrimi-dyotherm-markasi-ile-basladi\/","title":{"rendered":"(Turkish) Yal\u0131t\u0131m 4.0 Devrimi DYOTHERM Markas\u0131 \u0130le Ba\u015flad\u0131!"},"content":{"rendered":"<p class=\"qtranxs-available-languages-message qtranxs-available-languages-message-en\">Sorry, this entry is only available in <a href=\"https:\/\/www.enerjigazetesi.ist\/tr\/wp-json\/wp\/v2\/posts\/69012\" class=\"qtranxs-available-language-link qtranxs-available-language-link-tr\" title=\"Turkish\">Turkish<\/a>. For the sake of viewer convenience, the content is shown below in the alternative language. You may click the link to switch the active language.<\/p><p><strong>Serdar Oran: \u201cMimarl<\/strong><strong>\u0131<\/strong><strong>kta biz yeni ne yapabiliriz?<\/strong><strong>\u2019<\/strong><strong> diye d<\/strong><strong>\u00fc<\/strong><strong>\u015f<\/strong><strong>\u00fc<\/strong><strong>nd<\/strong><strong>\u00fc<\/strong><strong>k. Yal<\/strong><strong>\u0131<\/strong><strong>t<\/strong><strong>\u0131<\/strong><strong>m 4.0 devrimini DYOTHERM markam<\/strong><strong>\u0131<\/strong><strong>zla ba<\/strong><strong>\u015f<\/strong><strong>latt<\/strong><strong>\u0131<\/strong><strong>k.<\/strong><strong>\u201d<\/strong><\/p>\n<p>\u201cMimarl\u0131kta Yeni Nedir?\u201d konsepti \u00e7er\u00e7evesinde \u00e7evre dostu \u00fcr\u00fcnlerin kullan\u0131m\u0131na dikkat \u00e7ekilen konferansta, \u00f6rnek \u00fcr\u00fcn olarak etkinli\u011fin destek\u00e7isi DYO Boya yeni yal\u0131t\u0131m markas\u0131 DYOTHERM\u2019in <img loading=\"lazy\" class=\"alignleft size-medium wp-image-69013\" src=\"https:\/\/www.enerjigazetesi.ist\/wp-content\/uploads\/2017\/11\/yalitim-4-0-devrimi-dyotherm-markasi-ile-basladi-300x200.jpg\" alt=\"\" width=\"300\" height=\"200\" srcset=\"https:\/\/www.enerjigazetesi.ist\/wp-content\/uploads\/2017\/11\/yalitim-4-0-devrimi-dyotherm-markasi-ile-basladi-300x200.jpg 300w, https:\/\/www.enerjigazetesi.ist\/wp-content\/uploads\/2017\/11\/yalitim-4-0-devrimi-dyotherm-markasi-ile-basladi-75x50.jpg 75w, https:\/\/www.enerjigazetesi.ist\/wp-content\/uploads\/2017\/11\/yalitim-4-0-devrimi-dyotherm-markasi-ile-basladi.jpg 460w\" sizes=\"(max-width: 300px) 100vw, 300px\" \/>lansman\u0131n\u0131 ger\u00e7ekle\u015ftirdi. DYOTHERM markas\u0131n\u0131n; A s\u0131n\u0131f\u0131 yang\u0131n direnci, ses yal\u0131t\u0131m\u0131na katk\u0131l\u0131, y\u00fcksek termal korumas\u0131 ile hibrit teknoloji ile \u00fcretilen \u00e7evre dostu yenilik\u00e7i \u0131s\u0131 yal\u0131t\u0131m \u00fcr\u00fcn\u00fc DYOTHERM ISOLTECO 110 tan\u0131t\u0131ld\u0131.<\/p>\n<p>DYO olarak yeni teknolojilerle mimarlar\u0131n tasar\u0131mlar\u0131na destek olmak istediklerini belirten DYO Boya Fabrikalar\u0131 Ba\u015fkan Yard\u0131mc\u0131s\u0131 ve Genel M\u00fcd\u00fcr\u00fc Serdar Oran \u201c\u00c7evreye yararl\u0131 \u00fcr\u00fcnler \u00fcretmek i\u00e7in \u00e7ok \u00e7al\u0131\u015f\u0131yoruz. Ciromuzun y\u00fczde 2.2\u2019sini AR-GE i\u00e7in ay\u0131r\u0131yoruz. D\u00fcnya \u00f6l\u00e7e\u011fine bakt\u0131\u011f\u0131m\u0131zda sekt\u00f6rdeki devlerin harcad\u0131\u011f\u0131 bir miktar bu. Bunu insanlar\u0131n hayat\u0131na katk\u0131da bulunmak i\u00e7in yap\u0131yoruz,\u201d diye konu\u015ftu. Boyan\u0131n t\u00fcm alt sekt\u00f6r\u00fcne hizmet veren T\u00fcrkiye\u2019deki tek \u015firket olduklar\u0131n\u0131 belirten Oran, s\u00f6zlerine \u015f\u00f6yle devam etti: \u201cSize dokundu\u011fumuz alanlar \u00e7ok fazla. Bug\u00fcn \u0131s\u0131 yal\u0131t\u0131mla ilgili gelece\u011fe de\u011fer katacak bir \u00fcr\u00fcn tan\u0131tmak istiyoruz. \u2018Mimarl\u0131kta biz yeni ne yapabiliriz?\u2019 diye d\u00fc\u015f\u00fcnd\u00fck. De\u011fi\u015fen pazar ihtiya\u00e7lar\u0131na y\u00f6nelik yenilik yapmaya \u00e7al\u0131\u015ft\u0131k ve 4.0 devrimini DYOTHERM markas\u0131 ile ba\u015flatt\u0131k. DYOTHERM ile daha iyi, daha temiz bir gelecek i\u00e7in yeni nesil \u00e7\u00f6z\u00fcmler \u00fcretiyoruz. Bu \u00fcr\u00fcn\u00fcn en b\u00fcy\u00fck \u00f6zelli\u011fi \u00e7evreci olmas\u0131. Yenilik\u00e7i yal\u0131t\u0131m gelece\u011fe yat\u0131r\u0131m diyerek \u00fcr\u00fcnlerimizi geli\u015ftirmeye devam edece\u011fiz.<\/p>\n<p>Is\u0131 yal\u0131t\u0131m\u0131n\u0131 sa\u011flarken binaya ekstra a\u011f\u0131rl\u0131k vermeyen DYOTHERM ISOLTECO 110, binan\u0131n \u00f6mr\u00fcn\u00fc uzat\u0131yor. \u0130klim ko\u015fullar\u0131n\u0131n i\u00e7eriye n\u00fcfus etmesini en aza indiren DYOTHERM ISOLTECO 110, enerji tasarrufu sa\u011flayan, \u00e7evreci bir \u00fcr\u00fcn. K\u0131\u015f\u0131n binay\u0131 so\u011fuktan koruyarak do\u011falgaz faturalar\u0131n\u0131n artmas\u0131n\u0131 engellerken, yaz\u0131n g\u00fcne\u015f \u0131\u015f\u0131nlar\u0131ndan koruyarak elektrik tasarrufu yap\u0131lmas\u0131n\u0131 sa\u011fl\u0131yor. Her y\u00fczeye uygulanabilen DYOTHERM ISOLTECO 110, yang\u0131n dayan\u0131m\u0131n\u0131 A s\u0131n\u0131f\u0131 yap\u0131yor ve ses yal\u0131t\u0131m\u0131na katk\u0131da bulunuyor.<\/p>","protected":false},"excerpt":{"rendered":"<p>Sorry, this entry is only available in Turkish. For the sake of viewer convenience, the content is shown below in the alternative language. You may click the link to switch the active language.Serdar Oran: \u201cMimarl\u0131kta biz yeni ne yapabiliriz?\u2019 diye d\u00fc\u015f\u00fcnd\u00fck. Yal\u0131t\u0131m 4.0 devrimini DYOTHERM markam\u0131zla ba\u015flatt\u0131k.\u201d \u201cMimarl\u0131kta Yeni Nedir?\u201d konsepti \u00e7er\u00e7evesinde \u00e7evre dostu \u00fcr\u00fcnlerin [&hellip;]<\/p>\n","protected":false},"author":1,"featured_media":69013,"comment_status":"open","ping_status":"open","sticky":false,"template":"","format":"standard","meta":[],"categories":[53,52],"tags":[35955,67,1009,103,12,35956,35954,793,128,35953,35957],"views":1568,"_links":{"self":[{"href":"https:\/\/www.enerjigazetesi.ist\/en\/wp-json\/wp\/v2\/posts\/69012"}],"collection":[{"href":"https:\/\/www.enerjigazetesi.ist\/en\/wp-json\/wp\/v2\/posts"}],"about":[{"href":"https:\/\/www.enerjigazetesi.ist\/en\/wp-json\/wp\/v2\/types\/post"}],"author":[{"embeddable":true,"href":"https:\/\/www.enerjigazetesi.ist\/en\/wp-json\/wp\/v2\/users\/1"}],"replies":[{"embeddable":true,"href":"https:\/\/www.enerjigazetesi.ist\/en\/wp-json\/wp\/v2\/comments?post=69012"}],"version-history":[{"count":1,"href":"https:\/\/www.enerjigazetesi.ist\/en\/wp-json\/wp\/v2\/posts\/69012\/revisions"}],"predecessor-version":[{"id":69014,"href":"https:\/\/www.enerjigazetesi.ist\/en\/wp-json\/wp\/v2\/posts\/69012\/revisions\/69014"}],"wp:featuredmedia":[{"embeddable":true,"href":"https:\/\/www.enerjigazetesi.ist\/en\/wp-json\/wp\/v2\/media\/69013"}],"wp:attachment":[{"href":"https:\/\/www.enerjigazetesi.ist\/en\/wp-json\/wp\/v2\/media?parent=69012"}],"wp:term":[{"taxonomy":"category","embeddable":true,"href":"https:\/\/www.enerjigazetesi.ist\/en\/wp-json\/wp\/v2\/categories?post=69012"},{"taxonomy":"post_tag","embeddable":true,"href":"https:\/\/www.enerjigazetesi.ist\/en\/wp-json\/wp\/v2\/tags?post=69012"}],"curies":[{"name":"wp","href":"https:\/\/api.w.org\/{rel}","templated":true}]}}