{"id":6897,"date":"2013-02-18T16:04:33","date_gmt":"2013-02-18T13:04:33","guid":{"rendered":"https:\/\/www.enerjigazetesi.ist\/?p=6897"},"modified":"2013-02-18T16:04:33","modified_gmt":"2013-02-18T13:04:33","slug":"denizlide-gunes-tarlalarina-ekim-basladi","status":"publish","type":"post","link":"https:\/\/www.enerjigazetesi.ist\/en\/denizlide-gunes-tarlalarina-ekim-basladi\/","title":{"rendered":"(Turkish) Denizli\u2019de G\u00fcne\u015f Tarlalar\u0131na Ekim Ba\u015flad\u0131"},"content":{"rendered":"<p class=\"qtranxs-available-languages-message qtranxs-available-languages-message-en\">Sorry, this entry is only available in <a href=\"https:\/\/www.enerjigazetesi.ist\/tr\/wp-json\/wp\/v2\/posts\/6897\" class=\"qtranxs-available-language-link qtranxs-available-language-link-tr\" title=\"Turkish\">Turkish<\/a>. For the sake of viewer convenience, the content is shown below in the alternative language. You may click the link to switch the active language.<\/p><p><strong>DEN\u0130ZL\u0130\u2019de Ahmet Nuri Eriko\u011flu Holding, yenilenebilir enerji kaynaklar\u0131 aras\u0131nda yer alan g\u00fcne\u015f enerjisi santrali kurmak i\u00e7in ilk ad\u0131m\u0131 att\u0131. Holding, b\u00fcnyesindeki ES Enerji ve NER Enerji ile \u0130talyan Sun Systems\u2019le i\u015fbirli\u011fi yaparak Serinhisar \u0130l\u00e7esi\u2019nde 20 dekar alana 1 milyon euro\u2019luk yat\u0131r\u0131mla 500 kilovat kurulu g\u00fcce sahip g\u00fcne\u015f enerjisi santrali kurmaya ba\u015flad\u0131. G\u00fcne\u015f panellerinin yerle\u015ftirilece\u011fi platformlar\u0131n montaj\u0131na ba\u015flan\u0131rken, ES Enerji Y\u00f6netim Kurulu \u00fcyesi Ahmet Nuri Eriko\u011flu, santralin mart ay\u0131 sonunda tamamlanaca\u011f\u0131n\u0131 s\u00f6yledi.<\/strong><\/p>\n<p><strong>G\u00fcne\u015f zengini Denizli\u2019de<\/strong> g\u00fcne\u015f enerjisini elektri\u011fe d\u00f6n\u00fc\u015ft\u00fcrecek yat\u0131r\u0131mlar\u0131 yapmak i\u00e7in 8 y\u0131ldan bu yana \u00e7al\u0131\u015fmalar yapan Ahmet Nuri Eriko\u011flu Holding, fizibilite \u00e7al\u0131\u015fmalar\u0131n\u0131 yat\u0131r\u0131ma d\u00f6n\u00fc\u015ft\u00fcrd\u00fc. G\u00fcne\u015f enerji sistemlerinde d\u00fcnyan\u0131n bilinen \u015firketlerinden \u0130talyan Sun Systems\u2019le i\u015fbirli\u011fi yapan holding, Serinhisar\u2019da 500 kilovatsaat kurulu g\u00fcce sahip g\u00fcne\u015f enerji santrali yat\u0131r\u0131m\u0131n\u0131 hayata ge\u00e7irdi.<\/p>\n<p><img loading=\"lazy\" class=\"alignright size-medium wp-image-6898\" title=\"denizli-gunes-tarlalari-ekim-basladi\" src=\"https:\/\/www.enerjigazetesi.ist\/wp-content\/uploads\/2013\/02\/denizli-gunes-tarlalari-ekim-basladi-300x168.png\" alt=\"\" width=\"300\" height=\"168\" srcset=\"https:\/\/www.enerjigazetesi.ist\/wp-content\/uploads\/2013\/02\/denizli-gunes-tarlalari-ekim-basladi-300x168.png 300w, https:\/\/www.enerjigazetesi.ist\/wp-content\/uploads\/2013\/02\/denizli-gunes-tarlalari-ekim-basladi-500x281.png 500w, https:\/\/www.enerjigazetesi.ist\/wp-content\/uploads\/2013\/02\/denizli-gunes-tarlalari-ekim-basladi-80x44.png 80w, https:\/\/www.enerjigazetesi.ist\/wp-content\/uploads\/2013\/02\/denizli-gunes-tarlalari-ekim-basladi.png 505w\" sizes=\"(max-width: 300px) 100vw, 300px\" \/>20 dekar arazinin 9 dekar\u0131na 1 milyon euro yat\u0131r\u0131mla y\u0131lda 900 bin kilovat elektrik \u00fcretecek g\u00fcne\u015f enerjisi santrali kurulmaya ba\u015fland\u0131. Tesviyesi yap\u0131lan arazide, g\u00fcne\u015f enerji panellerinin yerle\u015ftirilece\u011fi platformlar\u0131n montaj\u0131na ge\u00e7ildi. Yat\u0131r\u0131m tamamland\u0131\u011f\u0131nda T\u00fcrkiye\u2019nin yerde en y\u00fcksek kurulu g\u00fcce sahip g\u00fcne\u015f enerjisi santrali olacak.<\/p>\n<p>ES Enerji Y\u00f6netim Kurulu \u00fcyesi ve Eriko\u011flu Ailesi\u2019nin \u00fc\u00e7\u00fcnc\u00fc ku\u015fak y\u00f6neticilerinden Ahmet Nuri Eriko\u011flu, Enerji Piyasas\u0131 Denetleme Kurumu\u2019ndan (EPDK) yat\u0131r\u0131m i\u00e7in gerekli izinleri ald\u0131klar\u0131n\u0131, in\u015faat\u0131n s\u00fcrd\u00fc\u011f\u00fcn\u00fc, yat\u0131r\u0131m\u0131 mart sonu ya da nisan ay\u0131 ba\u015f\u0131nda tamamlayacaklar\u0131n\u0131 s\u00f6yledi. T\u00fcrkiye\u2019nin enerji ihtiyac\u0131na g\u00fcne\u015f gibi yenilenebilir bir kaynakla destek olmay\u0131 ama\u00e7lad\u0131klar\u0131n\u0131 belirten Eriko\u011flu \u015f\u00f6yle dedi:<\/p>\n<p>\u201cYenilenebilir enerji kaynaklar\u0131 konusunda 8 y\u0131ll\u0131k derin bir ara\u015ft\u0131rma ve geli\u015ftirme \u00e7al\u0131\u015fmam\u0131z var. Bu konuda sadece T\u00fcrkiye\u2019de de\u011fil, yenilenebilir enerji kayna\u011f\u0131 konusunda uzmanla\u015fm\u0131\u015f Almanya, \u0130talya gibi \u00fclkelerde ortak \u00e7al\u0131\u015fmalar y\u00fcr\u00fctt\u00fck. Eriko\u011flu olarak bu konuda uzmanl\u0131\u011fa ula\u015ft\u0131k. G\u00fcne\u015f fakiri Almanya\u2019da enerjinin y\u00fczde 35\u2019i g\u00fcne\u015ften kar\u015f\u0131lan\u0131yor. G\u00fcne\u015f zengini \u00fclkemizde bu konuda ge\u00e7 bile kal\u0131nd\u0131. Bu zenginli\u011fimiz kullanmak i\u00e7in harekete ge\u00e7tik.\u201d<\/p>\n<h2>Yat\u0131r\u0131mc\u0131lara destek<\/h2>\n<p>Ahmet Nuri Eriko\u011flu, g\u00fcne\u015f enerjisinden elektrik \u00fcretmek konusunda sadece yat\u0131r\u0131m yapan bir kurulu\u015f olmayacaklar\u0131n\u0131, sekt\u00f6re girecek yat\u0131r\u0131mc\u0131lara da \u00f6nc\u00fcl\u00fck yapmak istediklerini belirtti. Eriko\u011flu \u015f\u00f6yle konu\u015ftu:<\/p>\n<p>\u201cArt\u0131k g\u00fcne\u015fimizi kullanaca\u011f\u0131z. \u0130talyan orta\u011f\u0131m\u0131zla anahtar teslim g\u00fcne\u015ften elektrik \u00fcretecek tesisler kuraca\u011f\u0131z. Kendi yat\u0131r\u0131mlar\u0131m\u0131zda bu sekt\u00f6re \u00f6rnek olacak. G\u00fcne\u015f enerjisi i\u00e7in kurulan tesisler, 8y\u0131l i\u00e7inde \u00fcretti\u011fi elektrikle kendini amorti ediyor. Bir tesisin \u00f6mr\u00fc 25 y\u0131l. Yani neredeyse yat\u0131r\u0131mc\u0131s\u0131na 19 y\u0131l gibi uzun bir s\u00fcre\u00e7 kazan\u00e7 sa\u011fl\u0131yor. G\u00fcne\u015f sistemleri bu a\u00e7\u0131dan b\u00fcy\u00fck avantaj getiriyor. \u0130talyan orta\u011f\u0131m\u0131zla birlikte ES Enerji olarak anahtar teslim sistemler kuraca\u011f\u0131m\u0131z gibi, bak\u0131m ve onar\u0131m i\u00e7in de ekiplerimizle sekt\u00f6r\u00fcn yat\u0131r\u0131mc\u0131lar\u0131na destek verece\u011fiz.\u201d<\/p>\n<p>Kaynak: <a href=\"http:\/\/enerjienstitusu.com\/2013\/02\/18\/denizlide-gunes-tarlalarina-ekim-basladi\/\" target=\"_blank\">Enerji Enstit\u00fcs\u00fc<\/a><\/p>","protected":false},"excerpt":{"rendered":"<p>Sorry, this entry is only available in Turkish. For the sake of viewer convenience, the content is shown below in the alternative language. You may click the link to switch the active language.DEN\u0130ZL\u0130\u2019de Ahmet Nuri Eriko\u011flu Holding, yenilenebilir enerji kaynaklar\u0131 aras\u0131nda yer alan g\u00fcne\u015f enerjisi santrali kurmak i\u00e7in ilk ad\u0131m\u0131 att\u0131. Holding, b\u00fcnyesindeki ES Enerji [&hellip;]<\/p>\n","protected":false},"author":1,"featured_media":6898,"comment_status":"open","ping_status":"open","sticky":false,"template":"","format":"standard","meta":[],"categories":[53,49],"tags":[2568,845,67,2570,502,13,2569,2576,2575,2574,2571,2573,2572,508],"views":867,"_links":{"self":[{"href":"https:\/\/www.enerjigazetesi.ist\/en\/wp-json\/wp\/v2\/posts\/6897"}],"collection":[{"href":"https:\/\/www.enerjigazetesi.ist\/en\/wp-json\/wp\/v2\/posts"}],"about":[{"href":"https:\/\/www.enerjigazetesi.ist\/en\/wp-json\/wp\/v2\/types\/post"}],"author":[{"embeddable":true,"href":"https:\/\/www.enerjigazetesi.ist\/en\/wp-json\/wp\/v2\/users\/1"}],"replies":[{"embeddable":true,"href":"https:\/\/www.enerjigazetesi.ist\/en\/wp-json\/wp\/v2\/comments?post=6897"}],"version-history":[{"count":2,"href":"https:\/\/www.enerjigazetesi.ist\/en\/wp-json\/wp\/v2\/posts\/6897\/revisions"}],"predecessor-version":[{"id":6900,"href":"https:\/\/www.enerjigazetesi.ist\/en\/wp-json\/wp\/v2\/posts\/6897\/revisions\/6900"}],"wp:featuredmedia":[{"embeddable":true,"href":"https:\/\/www.enerjigazetesi.ist\/en\/wp-json\/wp\/v2\/media\/6898"}],"wp:attachment":[{"href":"https:\/\/www.enerjigazetesi.ist\/en\/wp-json\/wp\/v2\/media?parent=6897"}],"wp:term":[{"taxonomy":"category","embeddable":true,"href":"https:\/\/www.enerjigazetesi.ist\/en\/wp-json\/wp\/v2\/categories?post=6897"},{"taxonomy":"post_tag","embeddable":true,"href":"https:\/\/www.enerjigazetesi.ist\/en\/wp-json\/wp\/v2\/tags?post=6897"}],"curies":[{"name":"wp","href":"https:\/\/api.w.org\/{rel}","templated":true}]}}