{"id":68928,"date":"2017-11-06T12:33:28","date_gmt":"2017-11-06T09:33:28","guid":{"rendered":"https:\/\/www.enerjigazetesi.ist\/?p=68928"},"modified":"2017-11-06T12:35:32","modified_gmt":"2017-11-06T09:35:32","slug":"cati-ustu-gunes-pazarindaki-gelismelerin-ekonomiye-getirileri-olacaktir","status":"publish","type":"post","link":"https:\/\/www.enerjigazetesi.ist\/en\/cati-ustu-gunes-pazarindaki-gelismelerin-ekonomiye-getirileri-olacaktir\/","title":{"rendered":"(Turkish) &#8221;\u00c7at\u0131 \u00dcst\u00fc G\u00fcne\u015f Pazar\u0131ndaki Geli\u015fmelerin Ekonomiye Getirileri Olacak&#8221;"},"content":{"rendered":"<p class=\"qtranxs-available-languages-message qtranxs-available-languages-message-en\">Sorry, this entry is only available in <a href=\"https:\/\/www.enerjigazetesi.ist\/tr\/wp-json\/wp\/v2\/posts\/68928\" class=\"qtranxs-available-language-link qtranxs-available-language-link-tr\" title=\"Turkish\">Turkish<\/a>. For the sake of viewer convenience, the content is shown below in the alternative language. You may click the link to switch the active language.<\/p><p><strong>T\u00fcrkiye\u2019de \u00e7at\u0131 \u00fcst\u00fc g\u00fcne\u015f pazar\u0131n\u0131n geli\u015fmesinin ekonomiye ciddi boyutta getirilerinin olaca\u011f\u0131n\u0131 belirten Solarbaba Kurucusu U\u011furel, T\u00fcrkiye\u2019de en az 10 bin megavat g\u00fcce <img loading=\"lazy\" class=\"alignright  wp-image-49165\" src=\"https:\/\/www.enerjigazetesi.ist\/wp-content\/uploads\/2016\/01\/resmi-kurum-tarafindan-yapilan-en-buyuk-cati-ustu-gunes-sistemi.jpg\" alt=\"\" width=\"239\" height=\"239\" srcset=\"https:\/\/www.enerjigazetesi.ist\/wp-content\/uploads\/2016\/01\/resmi-kurum-tarafindan-yapilan-en-buyuk-cati-ustu-gunes-sistemi.jpg 300w, https:\/\/www.enerjigazetesi.ist\/wp-content\/uploads\/2016\/01\/resmi-kurum-tarafindan-yapilan-en-buyuk-cati-ustu-gunes-sistemi-150x150.jpg 150w, https:\/\/www.enerjigazetesi.ist\/wp-content\/uploads\/2016\/01\/resmi-kurum-tarafindan-yapilan-en-buyuk-cati-ustu-gunes-sistemi-50x50.jpg 50w\" sizes=\"(max-width: 239px) 100vw, 239px\" \/>sahip bir potansiyel bar\u0131nd\u0131r\u0131ld\u0131\u011f\u0131n\u0131, bunun ise 10 ila 12 milyar dolar de\u011ferinde bir pazara e\u015fde\u011fer oldu\u011funu dile getirdi.<\/strong><\/p>\n<p>T\u00fcrkiye g\u00fcne\u015f enerjisi sekt\u00f6r\u00fcn\u00fcn geli\u015fimi ve \u00e7at\u0131larda mini g\u00fcne\u015f santrali (GES) kurulumuyla ilgili g\u00f6r\u00fc\u015flerini ifade eden U\u011furel, T\u00fcrkiye\u2019de \u00e7at\u0131 uygulamalar\u0131 alan\u0131nda Enerji ve Tabii Kaynaklar Bakanl\u0131\u011f\u0131yla birlikte \u00c7evre ve \u015eehircilik Bakanl\u0131\u011f\u0131, Maliye Bakanl\u0131\u011f\u0131 ve Enerji Piyasas\u0131 D\u00fczenleme Kurumunun \u00e7al\u0131\u015fmaya destek verdi\u011fini, gereken \u00e7al\u0131\u015fmalar\u0131n bu kurumlarca y\u00fcr\u00fct\u00fclece\u011fini belirtti.<\/p>\n<p>Evinin \u00e7at\u0131s\u0131na g\u00fcne\u015f paneli kuran vatanda\u015f\u0131n, \u00fcretti\u011fi elektri\u011fi satma \u015fans\u0131 olmas\u0131 i\u00e7in mahsupla\u015fma sisteminin getirilmesinin gerekli oldu\u011funu anlatan U\u011furel, ticari m\u00fckellef olunmad\u0131\u011f\u0131 s\u00fcrece, \u015fahsi olarak \u00e7at\u0131ya mini GES kurman\u0131n anlam\u0131 olmad\u0131\u011f\u0131n\u0131, mahsupla\u015fma alan\u0131nda Maliye Bakanl\u0131\u011f\u0131\u2019n\u0131n devreye girdi\u011fini s\u00f6ylerek vergilerin devreye sokuldu\u011funu belirten U\u011furel, burada y\u0131ll\u0131k mahsupla\u015fma talep ettiklerini, sekt\u00f6r\u00fcn ilerlemesi y\u00f6n\u00fcndeki en \u00f6nemli sorunun mahsupla\u015fma sistemi oldu\u011funu ifade etti.<\/p>","protected":false},"excerpt":{"rendered":"<p>Sorry, this entry is only available in Turkish. For the sake of viewer convenience, the content is shown below in the alternative language. You may click the link to switch the active language.T\u00fcrkiye\u2019de \u00e7at\u0131 \u00fcst\u00fc g\u00fcne\u015f pazar\u0131n\u0131n geli\u015fmesinin ekonomiye ciddi boyutta getirilerinin olaca\u011f\u0131n\u0131 belirten Solarbaba Kurucusu U\u011furel, T\u00fcrkiye\u2019de en az 10 bin megavat g\u00fcce sahip [&hellip;]<\/p>\n","protected":false},"author":1,"featured_media":49165,"comment_status":"open","ping_status":"open","sticky":false,"template":"","format":"standard","meta":[],"categories":[53,49],"tags":[15452,35934,67,1009,750,2326,227,13,23416,34925,23131,15457,105],"views":627,"_links":{"self":[{"href":"https:\/\/www.enerjigazetesi.ist\/en\/wp-json\/wp\/v2\/posts\/68928"}],"collection":[{"href":"https:\/\/www.enerjigazetesi.ist\/en\/wp-json\/wp\/v2\/posts"}],"about":[{"href":"https:\/\/www.enerjigazetesi.ist\/en\/wp-json\/wp\/v2\/types\/post"}],"author":[{"embeddable":true,"href":"https:\/\/www.enerjigazetesi.ist\/en\/wp-json\/wp\/v2\/users\/1"}],"replies":[{"embeddable":true,"href":"https:\/\/www.enerjigazetesi.ist\/en\/wp-json\/wp\/v2\/comments?post=68928"}],"version-history":[{"count":4,"href":"https:\/\/www.enerjigazetesi.ist\/en\/wp-json\/wp\/v2\/posts\/68928\/revisions"}],"predecessor-version":[{"id":68932,"href":"https:\/\/www.enerjigazetesi.ist\/en\/wp-json\/wp\/v2\/posts\/68928\/revisions\/68932"}],"wp:featuredmedia":[{"embeddable":true,"href":"https:\/\/www.enerjigazetesi.ist\/en\/wp-json\/wp\/v2\/media\/49165"}],"wp:attachment":[{"href":"https:\/\/www.enerjigazetesi.ist\/en\/wp-json\/wp\/v2\/media?parent=68928"}],"wp:term":[{"taxonomy":"category","embeddable":true,"href":"https:\/\/www.enerjigazetesi.ist\/en\/wp-json\/wp\/v2\/categories?post=68928"},{"taxonomy":"post_tag","embeddable":true,"href":"https:\/\/www.enerjigazetesi.ist\/en\/wp-json\/wp\/v2\/tags?post=68928"}],"curies":[{"name":"wp","href":"https:\/\/api.w.org\/{rel}","templated":true}]}}