{"id":68921,"date":"2017-11-05T20:51:41","date_gmt":"2017-11-05T17:51:41","guid":{"rendered":"https:\/\/www.enerjigazetesi.ist\/?p=68921"},"modified":"2017-11-05T20:51:41","modified_gmt":"2017-11-05T17:51:41","slug":"ingas-dogalgazin-gelecegine-kopru-kurdu","status":"publish","type":"post","link":"https:\/\/www.enerjigazetesi.ist\/en\/ingas-dogalgazin-gelecegine-kopru-kurdu\/","title":{"rendered":"(Turkish) INGAS, Do\u011falgaz\u0131n Gelece\u011fine K\u00f6pr\u00fc Kurdu"},"content":{"rendered":"<p class=\"qtranxs-available-languages-message qtranxs-available-languages-message-en\">Sorry, this entry is only available in <a href=\"https:\/\/www.enerjigazetesi.ist\/tr\/wp-json\/wp\/v2\/posts\/68921\" class=\"qtranxs-available-language-link qtranxs-available-language-link-tr\" title=\"Turkish\">Turkish<\/a>. For the sake of viewer convenience, the content is shown below in the alternative language. You may click the link to switch the active language.<\/p><p><strong>\u0130GDA\u015e\u2019\u0131n d\u00fczenledi\u011fi Uluslararas\u0131 Do\u011falgaz Kongre ve Fuar\u0131 (INGAS), 2-3 Kas\u0131m tarihlerinde, Hali\u00e7 Kongre Merkezi\u2019nde ger\u00e7ekle\u015fti. A\u00e7\u0131l\u0131\u015f\u0131n\u0131, Enerji ve Tabii Kaynaklar Bakan\u0131 Dr. Berat Albayrak\u2019\u0131n yapt\u0131\u011f\u0131 INGAS\u2019a, 20\u2019nin \u00fczerinde \u00fclkeden 5 bin sekt\u00f6r temsilcisi kat\u0131ld\u0131. \u2018Do\u011falgaz\u0131n gelece\u011fine k\u00f6pr\u00fc\u2019 ana temas\u0131yla ger\u00e7ekle\u015ftirilen kongrede; 2 g\u00fcnde, 9 oturumda, yerli ve yabanc\u0131 toplam 50 uzman g\u00f6r\u00fc\u015flerini payla\u015ft\u0131.<\/strong><\/p>\n<p>\u0130stanbul B\u00fcy\u00fck\u015fehir Belediyesi\u2019nin bir i\u015ftiraki olan \u0130GDA\u015e, INGAS\u2019\u0131 yedinci kez d\u00fczenledi. Do\u011falgaz <img loading=\"lazy\" class=\"alignright size-medium wp-image-68922\" src=\"https:\/\/www.enerjigazetesi.ist\/wp-content\/uploads\/2017\/11\/ingas-dogalgazin-gelecegine-kopru-kurdu-300x200.jpg\" alt=\"\" width=\"300\" height=\"200\" srcset=\"https:\/\/www.enerjigazetesi.ist\/wp-content\/uploads\/2017\/11\/ingas-dogalgazin-gelecegine-kopru-kurdu-300x200.jpg 300w, https:\/\/www.enerjigazetesi.ist\/wp-content\/uploads\/2017\/11\/ingas-dogalgazin-gelecegine-kopru-kurdu.jpg 500w, https:\/\/www.enerjigazetesi.ist\/wp-content\/uploads\/2017\/11\/ingas-dogalgazin-gelecegine-kopru-kurdu-75x50.jpg 75w\" sizes=\"(max-width: 300px) 100vw, 300px\" \/>da\u011f\u0131t\u0131m sekt\u00f6r\u00fcn\u00fcn en sayg\u0131n organizasyonlar\u0131ndan biri olarak kabul edilen INGAS\u2019\u0131n ana temas\u0131 \u2018do\u011falgaz\u0131n gelece\u011fine k\u00f6pr\u00fc\u2019yd\u00fc. Do\u011falgaz\u0131n gelece\u011finin konu\u015fuldu\u011fu kongrenin a\u00e7\u0131l\u0131\u015f\u0131n\u0131, Enerji ve Tabii Kaynaklar Bakan\u0131 Dr. Berat Albayrak yapt\u0131. A\u00e7\u0131l\u0131\u015f t\u00f6reninde, Bakan Albayrak\u2019\u0131n yan\u0131 s\u0131ra \u0130stanbul Valisi Vasip \u015eahin, \u0130stanbul B\u00fcy\u00fck\u015fehir Belediye Ba\u015fkan\u0131 Mevl\u00fct Uysal, \u0130GDA\u015e Genel M\u00fcd\u00fcr\u00fc Mehmet \u00c7evik ve GAZB\u0130R Ba\u015fkan\u0131 Ya\u015far Arslan da vard\u0131. INGAS\u2019\u0131n ikinci g\u00fcn\u00fc ise, Enerji Piyasalar\u0131 D\u00fczenleme Kurulu (EPDK ) Ba\u015fkan\u0131 Mustafa Y\u0131lmaz ve Enerji ve Tabii Kaynaklar Bakanl\u0131\u011f\u0131 M\u00fcste\u015far\u0131 Fatih D\u00f6nmez\u2019in a\u00e7\u0131l\u0131\u015f konu\u015fmalar\u0131yla ba\u015flad\u0131.<\/p>\n<p><strong>Avrupa\u2019n\u0131n enerji arz g\u00fcvenli\u011fi T\u00fcrkiye&#8217;den ba\u015flar <\/strong><\/p>\n<p>Konu\u015fmas\u0131nda, T\u00fcrkiye\u2019nin hem Do\u011fu Akdeniz\u2019de yapt\u0131\u011f\u0131 sismik ara\u015ft\u0131rmalar hem de depolama alan\u0131nda att\u0131\u011f\u0131 ad\u0131mlara de\u011finen Bakan Albayrak, \u201cBaz\u0131 b\u00f6lge \u00fclkelerinin izledi\u011fi gerginlik politikalar\u0131na ra\u011fmen biz, akl\u0131selimin h\u00e2kim oldu\u011fu bir enerji diplomasisi ile Do\u011fu Akdeniz gaz\u0131n\u0131n ticarile\u015fmesi i\u00e7in her t\u00fcrl\u00fc i\u015f birli\u011fine a\u00e7\u0131k oldu\u011fumuzu belirttik. Di\u011fer yandan, 2019-2020&#8217;de tamamlanmas\u0131 planlanan T\u00fcrkAk\u0131m projesi de taraflar\u0131n anla\u015fmas\u0131 durumunda Avrupa&#8217;n\u0131n do\u011falgaz arz g\u00fcvenli\u011fine katk\u0131da bulunacak. Geli\u015ftirdi\u011fimiz bu projeler, enerji uzmanlar\u0131n\u0131n dile getirdi\u011fi &#8216;Avrupa\u2019n\u0131n enerji arz g\u00fcvenli\u011fi T\u00fcrkiye&#8217;den ba\u015flar&#8217; tezini do\u011frulamaktad\u0131r. T\u00fcrkiye, b\u00f6lgenin enerjide anahtar \u00fclkesi. T\u00fcrkiye, \u00f6nemli bir b\u00f6lgesel akt\u00f6r ve g\u00fcvenilir ortak\u201d dedi.<\/p>\n<p><strong>\u0130GDA\u015e, sekt\u00f6r\u00fcnde ilklerin adresi<\/strong><\/p>\n<p>Kongrede \u0130GDA\u015e\u2019\u0131n \u00e7al\u0131\u015fmalar\u0131yla, \u0130stanbul\u2019un sorunlar\u0131n\u0131n \u00e7\u00f6z\u00fcm\u00fcnde \u00f6nemli bir g\u00f6rev \u00fcstlendi\u011fini belirten B\u00fcy\u00fck\u015fehir Belediye Ba\u015fkan\u0131 Mevl\u00fct Uysal, \u201c\u0130GDA\u015e, do\u011falgaz konusunda her zaman liderdi, \u00f6nc\u00fcyd\u00fc. Sekt\u00f6r\u00fcnde ilklerin adresi oldu. D\u00fczenlemi\u015f oldu\u011fu kongre ve fuarla da, T\u00fcrkiye\u2019de yeni ad\u0131mlar\u0131 atan kurulu\u015f olmaya devam edecek\u201d ifadelerini kulland\u0131.<\/p>\n<p>INGAS 2017\u2019nin ikinci g\u00fcn\u00fc yapt\u0131\u011f\u0131 konu\u015fmas\u0131nda kendisinin de eski bir \u0130GDA\u015e \u00e7al\u0131\u015fan\u0131 oldu\u011funu belirten Fatih D\u00f6nmez, \u201c\u0130stanbul bug\u00fcn \u0130GDA\u015e ile nefes al\u0131yor. Do\u011falgazdan \u00f6nce, \u0130stanbul\u2019da hava kirlili\u011fi tehlikeli seviyelere ula\u015fm\u0131\u015ft\u0131. Gazeteler maske hediye ediyordu, insanlara \u2018maske takmadan soka\u011fa \u00e7\u0131kmay\u0131n\u2019 diyorlard\u0131. \u0130GDA\u015e olmasayd\u0131 \u015fu anda g\u00f6ky\u00fcz\u00fcn\u00fc sadece mart\u0131lar ya da pilotlar g\u00f6rebilecekti\u201d diye konu\u015ftu.<\/p>\n<p><strong>INGAS, enerjide merkez \u00fclke hedefimize hizmet ediyor<\/strong><\/p>\n<p>EPDK Ba\u015fkan\u0131 Mustafa Y\u0131lmaz ise do\u011falgaz\u0131n gelece\u011fine k\u00f6pr\u00fc temas\u0131yla INGAS\u2019\u0131n, T\u00fcrkiye\u2019nin enerjide ticaret merkezi olma hedefine hizmet etti\u011fini belirterek, \u201cEPDK da bunu hedefliyor. Bunun i\u00e7in \u015feffaf yap\u0131m\u0131z\u0131 g\u00fc\u00e7lendirmemiz gerekti\u011fini biliyoruz. Sadece 6 ilde kullan\u0131lan do\u011falgaz\u0131 \u00fclkemizin her yan\u0131nda kullan\u0131labilir hale getirdik\u201d diye konu\u015ftu.<\/p>\n<p>D\u00fcnya do\u011falgaz sekt\u00f6r\u00fcn\u00fcn \u00f6nc\u00fc kurulu\u015flar\u0131 aras\u0131nda yer alan Uluslararas\u0131 Gaz Birli\u011fi\u2019nin (IGU) \u0130cra Direkt\u00f6r\u00fc Menelaos Ydreos da INGAS 2017\u2019deydi. Yapt\u0131\u011f\u0131 konu\u015fmada 14 Kas\u0131m\u2019da Londra\u2019da yay\u0131nlanacak olan World Energy Outlook\u2019u (WEO) okuma f\u0131rsat\u0131 buldu\u011funu ifade eden Ydreos, burada do\u011falgaz\u0131n \u00e7evresel avantaj\u0131n\u0131n vurgulanaca\u011f\u0131n\u0131 belirtti. Ydreos ayr\u0131ca metan sal\u0131n\u0131m\u0131yla ilgili d\u00fcnyan\u0131n en b\u00fcy\u00fck do\u011falgaz \u015firketlerinin ciddi anlamda \u00e7al\u0131\u015ft\u0131\u011f\u0131n\u0131 s\u00f6zlerine ekledi.<\/p>\n<p><strong>INGAS\u2019ta ama\u00e7 h\u00e2s\u0131l oldu<\/strong><\/p>\n<p>Kapan\u0131\u015f konu\u015fmas\u0131nda INGAS 2017 ile T\u00fcrkiye\u2019nin \u2018enerjide merkez \u00fclke\u2019 stratejisine hizmet edebilmeyi hedeflediklerini belirten \u0130GDA\u015e Genel M\u00fcd\u00fcr\u00fc Mehmet \u00c7evik, \u201cEnerji ve Tabi Kaynaklar Bakan\u0131m\u0131z Dr. Berat Albayrak\u2019\u0131n a\u00e7\u0131l\u0131\u015f t\u00f6reninde \u2018INGAS\u2019\u0131n, \u00fclkemizin do\u011falgazdaki stratejik pozisyonunu g\u00fc\u00e7lendirece\u011fine y\u00fcrekten inand\u0131\u011f\u0131n\u0131\u2019 ifade etmesi bizim i\u00e7in \u00e7ok de\u011ferli. Ne mutlu bizlere, demek ki amac\u0131m\u0131z h\u00e2s\u0131l oldu\u201d dedi.<\/p>","protected":false},"excerpt":{"rendered":"<p>Sorry, this entry is only available in Turkish. For the sake of viewer convenience, the content is shown below in the alternative language. You may click the link to switch the active language.\u0130GDA\u015e\u2019\u0131n d\u00fczenledi\u011fi Uluslararas\u0131 Do\u011falgaz Kongre ve Fuar\u0131 (INGAS), 2-3 Kas\u0131m tarihlerinde, Hali\u00e7 Kongre Merkezi\u2019nde ger\u00e7ekle\u015fti. A\u00e7\u0131l\u0131\u015f\u0131n\u0131, Enerji ve Tabii Kaynaklar Bakan\u0131 Dr. Berat [&hellip;]<\/p>\n","protected":false},"author":1,"featured_media":68922,"comment_status":"open","ping_status":"open","sticky":false,"template":"","format":"standard","meta":[],"categories":[46,53],"tags":[92,19761,34929,23219,67,1009,1690,5654,35933],"views":720,"_links":{"self":[{"href":"https:\/\/www.enerjigazetesi.ist\/en\/wp-json\/wp\/v2\/posts\/68921"}],"collection":[{"href":"https:\/\/www.enerjigazetesi.ist\/en\/wp-json\/wp\/v2\/posts"}],"about":[{"href":"https:\/\/www.enerjigazetesi.ist\/en\/wp-json\/wp\/v2\/types\/post"}],"author":[{"embeddable":true,"href":"https:\/\/www.enerjigazetesi.ist\/en\/wp-json\/wp\/v2\/users\/1"}],"replies":[{"embeddable":true,"href":"https:\/\/www.enerjigazetesi.ist\/en\/wp-json\/wp\/v2\/comments?post=68921"}],"version-history":[{"count":1,"href":"https:\/\/www.enerjigazetesi.ist\/en\/wp-json\/wp\/v2\/posts\/68921\/revisions"}],"predecessor-version":[{"id":68923,"href":"https:\/\/www.enerjigazetesi.ist\/en\/wp-json\/wp\/v2\/posts\/68921\/revisions\/68923"}],"wp:featuredmedia":[{"embeddable":true,"href":"https:\/\/www.enerjigazetesi.ist\/en\/wp-json\/wp\/v2\/media\/68922"}],"wp:attachment":[{"href":"https:\/\/www.enerjigazetesi.ist\/en\/wp-json\/wp\/v2\/media?parent=68921"}],"wp:term":[{"taxonomy":"category","embeddable":true,"href":"https:\/\/www.enerjigazetesi.ist\/en\/wp-json\/wp\/v2\/categories?post=68921"},{"taxonomy":"post_tag","embeddable":true,"href":"https:\/\/www.enerjigazetesi.ist\/en\/wp-json\/wp\/v2\/tags?post=68921"}],"curies":[{"name":"wp","href":"https:\/\/api.w.org\/{rel}","templated":true}]}}