{"id":68889,"date":"2017-11-04T13:51:55","date_gmt":"2017-11-04T10:51:55","guid":{"rendered":"https:\/\/www.enerjigazetesi.ist\/?p=68889"},"modified":"2017-11-04T13:51:55","modified_gmt":"2017-11-04T10:51:55","slug":"6-guneydogu-enerji-forumu-2017ye-hazirliklar-suruyor","status":"publish","type":"post","link":"https:\/\/www.enerjigazetesi.ist\/en\/6-guneydogu-enerji-forumu-2017ye-hazirliklar-suruyor\/","title":{"rendered":"(Turkish) 6. G\u00fcneydo\u011fu Enerji Forumu 2017&#8217;ye Haz\u0131rl\u0131klar S\u00fcr\u00fcyor!"},"content":{"rendered":"<p class=\"qtranxs-available-languages-message qtranxs-available-languages-message-en\">Sorry, this entry is only available in <a href=\"https:\/\/www.enerjigazetesi.ist\/tr\/wp-json\/wp\/v2\/posts\/68889\" class=\"qtranxs-available-language-link qtranxs-available-language-link-tr\" title=\"Turkish\">Turkish<\/a>. For the sake of viewer convenience, the content is shown below in the alternative language. You may click the link to switch the active language.<\/p><p><strong>Gaziantep\u2019te 6\u2019nc\u0131s\u0131 yap\u0131lacak olan G\u00fcneydo\u011fu Enerji Forumu 2017\u2019ye haz\u0131rl\u0131klar devam ediyor.\u00a0<\/strong><\/p>\n<p><img loading=\"lazy\" class=\"alignright size-medium wp-image-40268\" src=\"https:\/\/www.enerjigazetesi.ist\/wp-content\/uploads\/2015\/06\/res-ve-geslere-3-7-gwlik-lisanssiz-kapasite-tahsisi-2-300x198.jpg\" alt=\"\" width=\"300\" height=\"198\" srcset=\"https:\/\/www.enerjigazetesi.ist\/wp-content\/uploads\/2015\/06\/res-ve-geslere-3-7-gwlik-lisanssiz-kapasite-tahsisi-2-300x198.jpg 300w, https:\/\/www.enerjigazetesi.ist\/wp-content\/uploads\/2015\/06\/res-ve-geslere-3-7-gwlik-lisanssiz-kapasite-tahsisi-2-75x50.jpg 75w, https:\/\/www.enerjigazetesi.ist\/wp-content\/uploads\/2015\/06\/res-ve-geslere-3-7-gwlik-lisanssiz-kapasite-tahsisi-2.jpg 500w\" sizes=\"(max-width: 300px) 100vw, 300px\" \/><\/p>\n<p><span id=\"more-95207\"><\/span>Elektrik M\u00fchendisleri Odas\u0131 \u015eubesinin (EMO) yapt\u0131\u011f\u0131 a\u00e7\u0131klamada, Elektrik M\u00fchendisleri Odas\u0131 ve \u0130n\u015faat M\u00fchendisleri Odas\u0131 \u015eubeleri taraf\u0131ndan 25 Kas\u0131m 2017 Cumartesi Gaziantep Ticaret Odas\u0131 Konferans Salonu\u2019nda d\u00fczenlenecek \u201cG\u00fcneydo\u011fu Enerji Forumu 2017\u2033nin haz\u0131rl\u0131k \u00e7al\u0131\u015fmalar\u0131 s\u00fcrmektedir. denildi.<\/p>\n<p>Bu \u00e7er\u00e7evede \u201cForum Y\u00fcr\u00fctme Kurulu\u201d bir toplant\u0131 ger\u00e7ekle\u015ftirerek haz\u0131rl\u0131klar\u0131 de\u011ferlendirdi. G\u00fcneydo\u011fu Enerji Forumu 2017\u2019de \u00fclke ve b\u00f6lgenin enerji politikalar\u0131, yat\u0131r\u0131mlar, sorunlar ve \u00e7\u00f6z\u00fcm \u00f6nerileri, yap\u0131larda enerji verimlili\u011fi ve \u00f6zellikle b\u00f6lgeyi yak\u0131ndan ilgilendiren yenilenebilir enerji kaynaklar\u0131 masaya yat\u0131r\u0131lacak&#8230;<\/p>","protected":false},"excerpt":{"rendered":"<p>Sorry, this entry is only available in Turkish. For the sake of viewer convenience, the content is shown below in the alternative language. You may click the link to switch the active language.Gaziantep\u2019te 6\u2019nc\u0131s\u0131 yap\u0131lacak olan G\u00fcneydo\u011fu Enerji Forumu 2017\u2019ye haz\u0131rl\u0131klar devam ediyor.\u00a0 Elektrik M\u00fchendisleri Odas\u0131 \u015eubesinin (EMO) yapt\u0131\u011f\u0131 a\u00e7\u0131klamada, Elektrik M\u00fchendisleri Odas\u0131 ve \u0130n\u015faat [&hellip;]<\/p>\n","protected":false},"author":1,"featured_media":40268,"comment_status":"open","ping_status":"open","sticky":false,"template":"","format":"standard","meta":[],"categories":[53,52,49,50],"tags":[35924,1103,963,67,1009,12,508],"views":1105,"_links":{"self":[{"href":"https:\/\/www.enerjigazetesi.ist\/en\/wp-json\/wp\/v2\/posts\/68889"}],"collection":[{"href":"https:\/\/www.enerjigazetesi.ist\/en\/wp-json\/wp\/v2\/posts"}],"about":[{"href":"https:\/\/www.enerjigazetesi.ist\/en\/wp-json\/wp\/v2\/types\/post"}],"author":[{"embeddable":true,"href":"https:\/\/www.enerjigazetesi.ist\/en\/wp-json\/wp\/v2\/users\/1"}],"replies":[{"embeddable":true,"href":"https:\/\/www.enerjigazetesi.ist\/en\/wp-json\/wp\/v2\/comments?post=68889"}],"version-history":[{"count":1,"href":"https:\/\/www.enerjigazetesi.ist\/en\/wp-json\/wp\/v2\/posts\/68889\/revisions"}],"predecessor-version":[{"id":68890,"href":"https:\/\/www.enerjigazetesi.ist\/en\/wp-json\/wp\/v2\/posts\/68889\/revisions\/68890"}],"wp:featuredmedia":[{"embeddable":true,"href":"https:\/\/www.enerjigazetesi.ist\/en\/wp-json\/wp\/v2\/media\/40268"}],"wp:attachment":[{"href":"https:\/\/www.enerjigazetesi.ist\/en\/wp-json\/wp\/v2\/media?parent=68889"}],"wp:term":[{"taxonomy":"category","embeddable":true,"href":"https:\/\/www.enerjigazetesi.ist\/en\/wp-json\/wp\/v2\/categories?post=68889"},{"taxonomy":"post_tag","embeddable":true,"href":"https:\/\/www.enerjigazetesi.ist\/en\/wp-json\/wp\/v2\/tags?post=68889"}],"curies":[{"name":"wp","href":"https:\/\/api.w.org\/{rel}","templated":true}]}}