{"id":68869,"date":"2017-11-03T11:37:14","date_gmt":"2017-11-03T08:37:14","guid":{"rendered":"https:\/\/www.enerjigazetesi.ist\/?p=68869"},"modified":"2017-11-03T11:37:14","modified_gmt":"2017-11-03T08:37:14","slug":"rabat-cayi-uzerine-6-mw-gucunde-hes-kurulacak","status":"publish","type":"post","link":"https:\/\/www.enerjigazetesi.ist\/en\/rabat-cayi-uzerine-6-mw-gucunde-hes-kurulacak\/","title":{"rendered":"(Turkish) Rabat \u00c7ay\u0131 \u00dczerine 6 MW G\u00fcc\u00fcnde HES Kurulacak"},"content":{"rendered":"<p class=\"qtranxs-available-languages-message qtranxs-available-languages-message-en\">Sorry, this entry is only available in <a href=\"https:\/\/www.enerjigazetesi.ist\/tr\/wp-json\/wp\/v2\/posts\/68869\" class=\"qtranxs-available-language-link qtranxs-available-language-link-tr\" title=\"Turkish\">Turkish<\/a>. For the sake of viewer convenience, the content is shown below in the alternative language. You may click the link to switch the active language.<\/p><p><strong>Elhes Elektrik taraf\u0131ndan Erzincan&#8217;\u0131n Kemaliye il\u00e7esi ve Tunceli&#8217;nin \u00c7emi\u015fgezek \u0130l\u00e7esi s\u0131n\u0131rlar\u0131nda yer alan Rabat \u00c7ay\u0131 \u00fczerinde 6 MW g\u00fcc\u00fcnde G\u00f6k\u00e7ek\u00f6y HES kurulacak.<\/strong><\/p>\n<p><img loading=\"lazy\" class=\"alignright size-medium wp-image-68871\" src=\"https:\/\/www.enerjigazetesi.ist\/wp-content\/uploads\/2017\/11\/rabat-cayi-uzerine-6-mw-gucunde-hes-kurulacak-300x200.jpg\" alt=\"\" width=\"300\" height=\"200\" srcset=\"https:\/\/www.enerjigazetesi.ist\/wp-content\/uploads\/2017\/11\/rabat-cayi-uzerine-6-mw-gucunde-hes-kurulacak-300x200.jpg 300w, https:\/\/www.enerjigazetesi.ist\/wp-content\/uploads\/2017\/11\/rabat-cayi-uzerine-6-mw-gucunde-hes-kurulacak-75x50.jpg 75w, https:\/\/www.enerjigazetesi.ist\/wp-content\/uploads\/2017\/11\/rabat-cayi-uzerine-6-mw-gucunde-hes-kurulacak.jpg 354w\" sizes=\"(max-width: 300px) 100vw, 300px\" \/><\/p>\n<p>Erzincan \u0130li, Kemaliye \u0130l\u00e7esi ile Tunceli \u0130li, \u00c7emi\u015fgezek \u0130l\u00e7esi s\u0131n\u0131rlar\u0131 i\u00e7erisinde Rabat \u00c7ay\u0131 \u00fczerinde, 6,18 MWm \/ 6,00 MWe kurulu g\u00fcc\u00fcnde G\u00f6k\u00e7ek\u00f6y Reg\u00fclat\u00f6r\u00fc, Hidroelektrik Santral\u0131 (HES), K\u0131rma-Eleme Tesisi ve Haz\u0131r Beton \u00dcretim Tesisinin kurulup i\u015fletilmesi planlanmaktad\u0131r.<\/p>\n<p>18 milyon 530 bin lira de\u011ferindeki projeyle santralden y\u0131lda toplam da 31,08 GWh elektrik \u00fcretilmesi ve \u00fcretilen elektri\u011fin kurulacak olan 32 km uzunlu\u011funda \u00e7ift devre 2&#215;45(3&#215;477 MCM) 34,5 kV gerilime sahip Enerji Nakil Hatt\u0131 ile \u015febekeye verilecektir.<\/p>","protected":false},"excerpt":{"rendered":"<p>Sorry, this entry is only available in Turkish. For the sake of viewer convenience, the content is shown below in the alternative language. You may click the link to switch the active language.Elhes Elektrik taraf\u0131ndan Erzincan&#8217;\u0131n Kemaliye il\u00e7esi ve Tunceli&#8217;nin \u00c7emi\u015fgezek \u0130l\u00e7esi s\u0131n\u0131rlar\u0131nda yer alan Rabat \u00c7ay\u0131 \u00fczerinde 6 MW g\u00fcc\u00fcnde G\u00f6k\u00e7ek\u00f6y HES kurulacak. Erzincan [&hellip;]<\/p>\n","protected":false},"author":1,"featured_media":68871,"comment_status":"open","ping_status":"open","sticky":false,"template":"","format":"standard","meta":[],"categories":[53,47],"tags":[35915,67,1009,8131,34926,26043,1090,26044],"views":2692,"_links":{"self":[{"href":"https:\/\/www.enerjigazetesi.ist\/en\/wp-json\/wp\/v2\/posts\/68869"}],"collection":[{"href":"https:\/\/www.enerjigazetesi.ist\/en\/wp-json\/wp\/v2\/posts"}],"about":[{"href":"https:\/\/www.enerjigazetesi.ist\/en\/wp-json\/wp\/v2\/types\/post"}],"author":[{"embeddable":true,"href":"https:\/\/www.enerjigazetesi.ist\/en\/wp-json\/wp\/v2\/users\/1"}],"replies":[{"embeddable":true,"href":"https:\/\/www.enerjigazetesi.ist\/en\/wp-json\/wp\/v2\/comments?post=68869"}],"version-history":[{"count":1,"href":"https:\/\/www.enerjigazetesi.ist\/en\/wp-json\/wp\/v2\/posts\/68869\/revisions"}],"predecessor-version":[{"id":68872,"href":"https:\/\/www.enerjigazetesi.ist\/en\/wp-json\/wp\/v2\/posts\/68869\/revisions\/68872"}],"wp:featuredmedia":[{"embeddable":true,"href":"https:\/\/www.enerjigazetesi.ist\/en\/wp-json\/wp\/v2\/media\/68871"}],"wp:attachment":[{"href":"https:\/\/www.enerjigazetesi.ist\/en\/wp-json\/wp\/v2\/media?parent=68869"}],"wp:term":[{"taxonomy":"category","embeddable":true,"href":"https:\/\/www.enerjigazetesi.ist\/en\/wp-json\/wp\/v2\/categories?post=68869"},{"taxonomy":"post_tag","embeddable":true,"href":"https:\/\/www.enerjigazetesi.ist\/en\/wp-json\/wp\/v2\/tags?post=68869"}],"curies":[{"name":"wp","href":"https:\/\/api.w.org\/{rel}","templated":true}]}}