{"id":68864,"date":"2017-11-03T11:00:32","date_gmt":"2017-11-03T08:00:32","guid":{"rendered":"https:\/\/www.enerjigazetesi.ist\/?p=68864"},"modified":"2017-11-03T11:01:07","modified_gmt":"2017-11-03T08:01:07","slug":"surdurulebilir-yasam-film-festivali-10-yilinda-10-sehirde-es-zamanli-duzenleniyor","status":"publish","type":"post","link":"https:\/\/www.enerjigazetesi.ist\/en\/surdurulebilir-yasam-film-festivali-10-yilinda-10-sehirde-es-zamanli-duzenleniyor\/","title":{"rendered":"(Turkish) S\u00fcrd\u00fcr\u00fclebilir Ya\u015fam Film Festivali 10. Y\u0131l\u0131nda 10 \u015eehirde E\u015f Zamanl\u0131&#8230;"},"content":{"rendered":"<p class=\"qtranxs-available-languages-message qtranxs-available-languages-message-en\">Sorry, this entry is only available in <a href=\"https:\/\/www.enerjigazetesi.ist\/tr\/wp-json\/wp\/v2\/posts\/68864\" class=\"qtranxs-available-language-link qtranxs-available-language-link-tr\" title=\"Turkish\">Turkish<\/a>. For the sake of viewer convenience, the content is shown below in the alternative language. You may click the link to switch the active language.<\/p><p><strong>Sorunlar\u0131 yaratan d\u00fc\u015f\u00fcnce kal\u0131plar\u0131m\u0131zdan kurtulmaya belki de sorular\u0131m\u0131z\u0131 de\u011fi\u015ftirerek ba\u015flayabiliriz: \u201c<em>Ne olacak bu d\u00fcnyan\u0131n hali? Teknoloji imdad\u0131m\u0131za yeti\u015febilecek mi?<\/em><\/strong><\/p>\n<p><strong><em>\u00a0Ben ne yapabilirim ki?\u201d gibi <\/em><\/strong><strong><em>endi\u015fe ve \u015f\u00fcpheye dayal\u0131 sorularla gelece\u011fi tahmin etmeye \u00e7al\u0131\u015fmaktansa birlikte yarataca\u011f\u0131m\u0131z gelece\u011fi konu\u015fabiliriz<\/em><\/strong><strong>!<\/strong><\/p>\n<p><img loading=\"lazy\" class=\"alignleft size-medium wp-image-68866\" src=\"https:\/\/www.enerjigazetesi.ist\/wp-content\/uploads\/2017\/11\/surdurulebilir-yasam-film-festivali-10-yilinda-10-sehirde-es-zamanli-duzenleniyor-300x165.jpg\" alt=\"\" width=\"300\" height=\"165\" srcset=\"https:\/\/www.enerjigazetesi.ist\/wp-content\/uploads\/2017\/11\/surdurulebilir-yasam-film-festivali-10-yilinda-10-sehirde-es-zamanli-duzenleniyor-300x165.jpg 300w, https:\/\/www.enerjigazetesi.ist\/wp-content\/uploads\/2017\/11\/surdurulebilir-yasam-film-festivali-10-yilinda-10-sehirde-es-zamanli-duzenleniyor-768x422.jpg 768w, https:\/\/www.enerjigazetesi.ist\/wp-content\/uploads\/2017\/11\/surdurulebilir-yasam-film-festivali-10-yilinda-10-sehirde-es-zamanli-duzenleniyor-1024x563.jpg 1024w, https:\/\/www.enerjigazetesi.ist\/wp-content\/uploads\/2017\/11\/surdurulebilir-yasam-film-festivali-10-yilinda-10-sehirde-es-zamanli-duzenleniyor-500x275.jpg 500w, https:\/\/www.enerjigazetesi.ist\/wp-content\/uploads\/2017\/11\/surdurulebilir-yasam-film-festivali-10-yilinda-10-sehirde-es-zamanli-duzenleniyor-80x44.jpg 80w, https:\/\/www.enerjigazetesi.ist\/wp-content\/uploads\/2017\/11\/surdurulebilir-yasam-film-festivali-10-yilinda-10-sehirde-es-zamanli-duzenleniyor.jpg 2026w\" sizes=\"(max-width: 300px) 100vw, 300px\" \/><\/p>\n<p>S\u00fcrd\u00fcr\u00fclebilir bir ya\u015fam hayalini payla\u015fanlar\u0131n bir araya geldi\u011fi S\u00fcrd\u00fcr\u00fclebilir Ya\u015fam Film Festivali (SYFF) 10. ya\u015f\u0131n\u0131 kutlad\u0131\u011f\u0131 2017\u2019de 22-26 Kas\u0131m tarihlerinde 10 \u015fehirde e\u015f zamanl\u0131 ger\u00e7ekle\u015fecek.<\/p>\n<p>Karma\u015f\u0131k k\u00fcresel sorunlar\u0131 ve bu sorunlara yerel \u00f6l\u00e7ekte \u00e7\u00f6z\u00fcm \u00fcretmeye \u00e7al\u0131\u015fanlar\u0131n ilham verici hikayelerini anlatan k\u0131sa ve uzun metraj belgesellerden olu\u015fan SYFF 2017 se\u00e7kisinde yer alan \u0130ran, Kanada, Hollanda, Kongo, Fransa, Rusya, T\u00fcrkiye, Hindistan, \u0130spanya, \u0130srail, Filistin ve \u0130ngiltere yap\u0131m\u0131 filmler \u00fccretsiz olarak izleyiciyle bulu\u015facak.<\/p>\n<p>De\u011fi\u015fimin m\u00fcmk\u00fcn oldu\u011funu kan\u0131tlayan hikayeleri t\u00fcm d\u00fcnyayla payla\u015fmak amac\u0131yla tutkulu y\u00f6netmenler taraf\u0131ndan \u00e7ekilen bu belgeseller normalle\u015ftirdiklerimize farkl\u0131 a\u00e7\u0131lardan bakmam\u0131z\u0131 sa\u011fl\u0131yor; bizi kendimize getiriyor, umudu canl\u0131 tutuyor ve harekete davet ediyor:\u00a0 Yeni bir ya\u015fam k\u00fclt\u00fcr\u00fc yaratabiliriz.<\/p>\n<p><strong>Yeni Sorular<\/strong><\/p>\n<p><em>&#8211; Yenilenebilir enerjiyi fosil yak\u0131tlardan daha ucuza \u00fcretebilir miyiz?<\/em><\/p>\n<p><em>&#8211; \u0130nsanl\u0131k plastik \u00fcretmeden ya\u015fam\u0131n\u0131 s\u00fcrd\u00fcrebilir mi? <\/em><\/p>\n<p><em>&#8211; \u00c7ocuk k\u00f6lelerin \u00e7al\u0131\u015fmad\u0131\u011f\u0131 bir \u00e7ikolata \u00fcretmek m\u00fcmk\u00fcn m\u00fc?<\/em><\/p>\n<p><em>&#8211; \u0130nsanlar\u0131n ihtiyac\u0131 olan hizmetleri ve \u00fcr\u00fcnleri \u00e7ok daha ucuza \u00fcretebilir miyiz?<\/em><\/p>\n<p><em>&#8211; \u0130klim de\u011fi\u015fikli\u011fini durdurabilir miyiz\u00a0 ve olumsuz etkilerine haz\u0131rlanabilir miyiz?<\/em><\/p>\n<p><em>&#8211; Daha anlaml\u0131 i\u015flerde \u00e7al\u0131\u015fabilir miyiz?<\/em><\/p>\n<p><em>&#8211; D\u00f6ng\u00fcsel bir ekonomi m\u00fcmk\u00fcn m\u00fc?<\/em><\/p>\n<p>&#8230;<\/p>\n<p><strong>Kolektif Festival<\/strong><\/p>\n<p>SYFF bu y\u0131l da yerel STK\u2019lar ve aktivist gruplardan olu\u015fan ekiplerle birlikte 10 \u015fehirde e\u015f zamanl\u0131 olarak ger\u00e7ekle\u015fiyor. Antalya, Bal\u0131kesir, Bursa, Eski\u015fehir, \u0130stanbul, \u0130zmir, Kayseri, K\u0131rklareli, Manisa ve Mersin\u2019de ger\u00e7ekle\u015fecek Festivalde filmlerin yan\u0131 s\u0131ra film i\u00e7erikleriyle alakal\u0131 konularda yapt\u0131klar\u0131 \u00e7al\u0131\u015fmalarla ilham veren konu\u015fmac\u0131lar, m\u00fczisyenler ve performanslar yer al\u0131yor.<\/p>\n<p><strong>SYFF2017 F\u0130LM SE\u00c7K\u0130S\u0130<\/strong><\/p>\n<p>&#8211; Anlam Pe\u015finde \/ A Quest for Meaning &#8211; 2015, Nathana\u00ebl Coste, Marc de la M\u00e9nardi\u00e8re<\/p>\n<p>&#8211; Birlikteli\u011fin Adas\u0131 \/ The Island of Alltogether \u2013 2015, Philip Brink, Marieke van der Velden<\/p>\n<p>&#8211; \u00c7ikolata Davas\u0131 \/ The Chocolate Case \u2013 2016, Benthe Forrer<\/p>\n<p>&#8211; \u00c7\u00f6z\u00fcmlerin Hikayesi \/ The Story of Solutions \u2013 2013, Louis Fox<\/p>\n<p>&#8211; Eid \/ Eid \u2013 2011, Saaheb Collective<\/p>\n<p>&#8211; Hayat Bazen \/ Life Sometimes \u2013 2017, Cem Hakverdi<\/p>\n<p>&#8211; Kokota: Umut Adac\u0131\u011f\u0131 \/ Kokota: The Islet of Hope \u2013 2016, Craig Norris<\/p>\n<p>&#8211; Korkutan Y\u00fck: Deniz Ta\u015f\u0131mac\u0131l\u0131\u011f\u0131n\u0131n Ger\u00e7ek Bedeli \/ Freightened: The Real Price of Shipping \u2013 2016, Denis Delestrac<\/p>\n<p>&#8211; K\u00f6r Su\u015fi \/ Blind Sushi \u2013 2016, Eric Heimbold<\/p>\n<p>&#8211; K\u00fc\u00e7\u00fck \u0130nsanlar B\u00fcy\u00fck A\u011fa\u00e7lar \/ Small People Big Trees \u2013 2016, Vadim Vitovtsev<\/p>\n<p>&#8211; Mutluluk \u015eehri \/ City of Joy &#8211; 2016, Madeleine Gavin<\/p>\n<p>&#8211; Nehir Mavisi \/ River Blue \u2013 2017, David McIlvride, Roger Williams<\/p>\n<p>&#8211; \u00d6l\u00fcmc\u00fcl Tasar\u0131m \/ Death by Design \u2013 2016, Sue Williams<\/p>\n<p>&#8211; Plastik Okyanus \/ A Plastic Ocean \u2013 2016, Craig Leeson<\/p>\n<p>&#8211; Suyu G\u00f6zlerken \/ Eyes on the Water \u2013 2017, Graelyn Brashear, Jason Hanasik<\/p>\n<p>&#8211; S\u00fcrd\u00fcr\u00fclebilirlik Y\u00fckseli\u015fte \/ The Rise of Sustainability \u2013 2017, Complexity Labs<\/p>\n<p>&#8211; \u015eirket \u015eehri \/ Company Town \u2013 2016, Alan Snitow, Deborah Kaufmann<\/p>\n<p>&#8211; Ya\u015fam Katili \/ Matricide \u2013 2016, Komeil Sohani<\/p>\n<p>&#8211; Yeni D\u00fcnya \/ Nouveau Monde \u2013 2016, Yann Richet<\/p>\n<p>&#8211; Yenilenebilir Enerji At\u0131l\u0131m\u0131 \/ The Breakthrough in Renewable Energy \u2013 2016, Martijn Kieft<\/p>\n<p>&#8211; Yeni Simyac\u0131lar \/ Neo Alchemists \u2013 2015, Yasmin K\u0131dwai<\/p>\n<p>&#8211; Y\u00fcz Bin Kalp \/ One Hundred Thousand Beating Hearts \u2013 2016, Peter Byck<\/p>","protected":false},"excerpt":{"rendered":"<p>Sorry, this entry is only available in Turkish. For the sake of viewer convenience, the content is shown below in the alternative language. You may click the link to switch the active language.Sorunlar\u0131 yaratan d\u00fc\u015f\u00fcnce kal\u0131plar\u0131m\u0131zdan kurtulmaya belki de sorular\u0131m\u0131z\u0131 de\u011fi\u015ftirerek ba\u015flayabiliriz: \u201cNe olacak bu d\u00fcnyan\u0131n hali? Teknoloji imdad\u0131m\u0131za yeti\u015febilecek mi? \u00a0Ben ne yapabilirim ki?\u201d [&hellip;]<\/p>\n","protected":false},"author":1,"featured_media":68865,"comment_status":"open","ping_status":"open","sticky":false,"template":"","format":"standard","meta":[],"categories":[53],"tags":[67,1009,35914,4388,35913],"views":929,"_links":{"self":[{"href":"https:\/\/www.enerjigazetesi.ist\/en\/wp-json\/wp\/v2\/posts\/68864"}],"collection":[{"href":"https:\/\/www.enerjigazetesi.ist\/en\/wp-json\/wp\/v2\/posts"}],"about":[{"href":"https:\/\/www.enerjigazetesi.ist\/en\/wp-json\/wp\/v2\/types\/post"}],"author":[{"embeddable":true,"href":"https:\/\/www.enerjigazetesi.ist\/en\/wp-json\/wp\/v2\/users\/1"}],"replies":[{"embeddable":true,"href":"https:\/\/www.enerjigazetesi.ist\/en\/wp-json\/wp\/v2\/comments?post=68864"}],"version-history":[{"count":2,"href":"https:\/\/www.enerjigazetesi.ist\/en\/wp-json\/wp\/v2\/posts\/68864\/revisions"}],"predecessor-version":[{"id":68868,"href":"https:\/\/www.enerjigazetesi.ist\/en\/wp-json\/wp\/v2\/posts\/68864\/revisions\/68868"}],"wp:featuredmedia":[{"embeddable":true,"href":"https:\/\/www.enerjigazetesi.ist\/en\/wp-json\/wp\/v2\/media\/68865"}],"wp:attachment":[{"href":"https:\/\/www.enerjigazetesi.ist\/en\/wp-json\/wp\/v2\/media?parent=68864"}],"wp:term":[{"taxonomy":"category","embeddable":true,"href":"https:\/\/www.enerjigazetesi.ist\/en\/wp-json\/wp\/v2\/categories?post=68864"},{"taxonomy":"post_tag","embeddable":true,"href":"https:\/\/www.enerjigazetesi.ist\/en\/wp-json\/wp\/v2\/tags?post=68864"}],"curies":[{"name":"wp","href":"https:\/\/api.w.org\/{rel}","templated":true}]}}