{"id":68858,"date":"2017-11-03T10:46:11","date_gmt":"2017-11-03T07:46:11","guid":{"rendered":"https:\/\/www.enerjigazetesi.ist\/?p=68858"},"modified":"2017-11-03T10:46:11","modified_gmt":"2017-11-03T07:46:11","slug":"dogalgazdaki-stratejik-pozisyonumuz-guclenecek","status":"publish","type":"post","link":"https:\/\/www.enerjigazetesi.ist\/en\/dogalgazdaki-stratejik-pozisyonumuz-guclenecek\/","title":{"rendered":"(Turkish) \u201cDo\u011falgazdaki Stratejik Pozisyonumuz G\u00fc\u00e7lenecek\u201d"},"content":{"rendered":"<p class=\"qtranxs-available-languages-message qtranxs-available-languages-message-en\">Sorry, this entry is only available in <a href=\"https:\/\/www.enerjigazetesi.ist\/tr\/wp-json\/wp\/v2\/posts\/68858\" class=\"qtranxs-available-language-link qtranxs-available-language-link-tr\" title=\"Turkish\">Turkish<\/a>. For the sake of viewer convenience, the content is shown below in the alternative language. You may click the link to switch the active language.<\/p><p><strong>INGAS 2017\u2019de konu\u015fan Enerji ve Tabii Kaynaklar Bakan\u0131 Berat Albayrak, \u201cBu kongrede al\u0131nan kararlar \u00fclkemizin do\u011falgaz alan\u0131ndaki stratejik pozisyonunu daha da g\u00fc\u00e7lendirecek\u201d dedi.<\/strong><\/p>\n<p>7. Uluslararas\u0131 Do\u011falgaz Kongre ve Fuar\u0131\u2019n\u0131n a\u00e7\u0131l\u0131\u015f konu\u015fmas\u0131n\u0131 yapan Enerji ve Tabii Kaynaklar Bakan\u0131 Berat Albayrak, \u201cINGAS 2017 hakikaten sekt\u00f6r noktas\u0131nda \u015fahs\u0131m ad\u0131na ve bakanl\u0131\u011f\u0131m\u0131z ad\u0131na \u00e7ok <img loading=\"lazy\" class=\"alignright size-medium wp-image-68859\" src=\"https:\/\/www.enerjigazetesi.ist\/wp-content\/uploads\/2017\/11\/dogalgazdaki-stratejik-pozisyonumuz-guclenecek-300x199.jpg\" alt=\"\" width=\"300\" height=\"199\" srcset=\"https:\/\/www.enerjigazetesi.ist\/wp-content\/uploads\/2017\/11\/dogalgazdaki-stratejik-pozisyonumuz-guclenecek-300x199.jpg 300w, https:\/\/www.enerjigazetesi.ist\/wp-content\/uploads\/2017\/11\/dogalgazdaki-stratejik-pozisyonumuz-guclenecek-500x332.jpg 500w, https:\/\/www.enerjigazetesi.ist\/wp-content\/uploads\/2017\/11\/dogalgazdaki-stratejik-pozisyonumuz-guclenecek-75x50.jpg 75w, https:\/\/www.enerjigazetesi.ist\/wp-content\/uploads\/2017\/11\/dogalgazdaki-stratejik-pozisyonumuz-guclenecek.jpg 536w\" sizes=\"(max-width: 300px) 100vw, 300px\" \/>\u00f6nemli bir program olarak anlam ifade ediyor. Bir\u00e7ok sekt\u00f6r temsilcisini bir araya getiren bu kongrede al\u0131nan kararlar\u0131n \u00fclkemizin do\u011falgaz alan\u0131ndaki stratejik pozisyonunu daha da g\u00fc\u00e7lendirece\u011fine y\u00fcrekten inan\u0131yorum\u201d dedi.<\/p>\n<p><strong>\u201cDO\u011eALGAZ DAHA DA UCUZLAYACAK\u201d<\/strong><br \/>\nBakan Albayrak s\u00f6zlerini \u015f\u00f6yle s\u00fcrd\u00fcrd\u00fc: \u201cArt\u0131k, sat\u0131c\u0131lardan ziyade al\u0131c\u0131lar\u0131n piyasay\u0131 domine etti\u011fi bir y\u00f6ne do\u011fru gidiyoruz ve T\u00fcrkiye, bu piyasada daha aktif oluyor. Gaz in\u015fallah daha da ucuzlayacak, \u015fehirlerde hane halk\u0131 da sanayi de daha ucuz gaz kullanacak. Depolama alan\u0131nda da tarihi b\u00fcy\u00fck ad\u0131mlar at\u0131yoruz. Kas\u0131m veya aral\u0131k ay\u0131 gibi ikinci y\u00fczer LNG santralini devreye al\u0131yoruz. Tuz G\u00f6l\u00fc&#8217;n\u00fcn ikinci faz\u0131 2019&#8217;da bitiyor. 2021-22&#8217;de y\u0131ll\u0131k 10 milyar metrek\u00fcp\u00fcn \u00fczerinde depolamayla T\u00fcrkiye enerjide ba\u015fka bir yere gidiyor.\u201d<\/p>\n<p><strong>\u201cDO\u011eALGAZ DEN\u0130NCE AKLA \u0130GDA\u015e GEL\u0130R\u201d<\/strong><br \/>\nA\u00e7\u0131l\u0131\u015fta konu\u015fan \u0130stanbul B\u00fcy\u00fck\u015fehir Belediye Ba\u015fkan\u0131 Mevl\u00fct Uysal, T\u00fcrkiye\u2019de do\u011falgaz denilince ilk akla gelen \u0130GDA\u015e\u2019t\u0131r. \u0130stanbul\u2019un havas\u0131n\u0131n temizlenmesi ve \u015fehirde daha konforlu bir ya\u015fam\u0131n tesis edilmesi i\u00e7in b\u00fcy\u00fck katk\u0131lar sa\u011flad\u0131. \u0130GDA\u015e, hayata ge\u00e7irdi\u011fi projelerle T\u00fcrkiye\u2019de ilkleri yapan, d\u00fczenlemi\u015f oldu\u011fu kongreyle ve fuarla hep ilk ad\u0131mlar\u0131 atan bir kurulu\u015f olmaya devam edecek. Kongremizin \u0130stanbul\u2019umuza, \u00fclkemize ve d\u00fcnyaya hay\u0131rl\u0131 olmas\u0131n\u0131 diliyorum\u201d diye konu\u015ftu.<\/p>\n<p><strong>\u201cENERJ\u0130DE MERKEZ \u00dcLKE STRATEJ\u0130S\u0130NE SAH\u0130P \u00c7IKALIM\u201d<\/strong><br \/>\n\u0130GDA\u015e Genel M\u00fcd\u00fcr\u00fc Mehmet \u00c7evik ise enerjide merkez \u00fclke stratejisine vurgu yaparak, \u201cBu stratejiye sekt\u00f6rdeki her kurum ve kurulu\u015fun sahip \u00e7\u0131kmas\u0131, imkanlar\u0131 ve g\u00fcc\u00fc \u00e7er\u00e7evesinde uygun hareket etmesi gerekti\u011fine inan\u0131yorum. Biz \u0130GDA\u015e olarak bu anlay\u0131\u015fla \u00e7al\u0131\u015f\u0131yoruz. Bu \u00e7al\u0131\u015fmalar\u0131m\u0131z sadece INGAS ile s\u0131n\u0131rl\u0131 de\u011fil. \u0130GDA\u015e olarak Balkanlarda, Kafkaslarda ve Orta Do\u011fu\u2019da do\u011falgaz da\u011f\u0131t\u0131m\u0131na ge\u00e7meyi planlayan mevcut altyap\u0131 yat\u0131r\u0131m\u0131n\u0131 geni\u015fletme s\u00fcrecinde olan b\u00fcy\u00fck kentlere dan\u0131\u015fmanl\u0131k hizmeti sunuyoruz\u201d dedi.<\/p>\n<p><strong>\u201c3 DERECEL\u0130K D\u00dc\u015e\u00dc\u015eLE Y\u00dcZDE 20 TASARRUF\u201d<\/strong><br \/>\nGAZB\u0130R Ba\u015fkan\u0131 Ya\u015far Arslan, \u201cT\u00fcrkiye\u2019nin 30 y\u0131ll\u0131k do\u011falgaz ge\u00e7mi\u015finde \u0130GDA\u015e\u2019\u0131n bir okul olarak \u00fclkemize b\u00fcy\u00fck katk\u0131lar\u0131 var. Sadece 6 ilde do\u011falgaz kullan\u0131l\u0131rken son 15 y\u0131lda 75 il do\u011falgaza kavu\u015ftu. \u00dclke olarak b\u00fcy\u00fck bir hamle yapt\u0131k\u201d dedi. Arslan ayr\u0131ca do\u011falgaz kullan\u0131m\u0131nda tasarruf i\u00e7in 3 derecelik d\u00fc\u015f\u00fc\u015fle y\u00fczde 20\u2019lik enerji tasarrufu sa\u011flanabilece\u011fini de s\u00f6zlerine ekledi.<\/p>","protected":false},"excerpt":{"rendered":"<p>Sorry, this entry is only available in Turkish. For the sake of viewer convenience, the content is shown below in the alternative language. You may click the link to switch the active language.INGAS 2017\u2019de konu\u015fan Enerji ve Tabii Kaynaklar Bakan\u0131 Berat Albayrak, \u201cBu kongrede al\u0131nan kararlar \u00fclkemizin do\u011falgaz alan\u0131ndaki stratejik pozisyonunu daha da g\u00fc\u00e7lendirecek\u201d dedi. [&hellip;]<\/p>\n","protected":false},"author":1,"featured_media":68859,"comment_status":"open","ping_status":"open","sticky":false,"template":"","format":"standard","meta":[],"categories":[46,53],"tags":[35231,27051,1128,19761,34929,23219,67,1009,34161],"views":782,"_links":{"self":[{"href":"https:\/\/www.enerjigazetesi.ist\/en\/wp-json\/wp\/v2\/posts\/68858"}],"collection":[{"href":"https:\/\/www.enerjigazetesi.ist\/en\/wp-json\/wp\/v2\/posts"}],"about":[{"href":"https:\/\/www.enerjigazetesi.ist\/en\/wp-json\/wp\/v2\/types\/post"}],"author":[{"embeddable":true,"href":"https:\/\/www.enerjigazetesi.ist\/en\/wp-json\/wp\/v2\/users\/1"}],"replies":[{"embeddable":true,"href":"https:\/\/www.enerjigazetesi.ist\/en\/wp-json\/wp\/v2\/comments?post=68858"}],"version-history":[{"count":1,"href":"https:\/\/www.enerjigazetesi.ist\/en\/wp-json\/wp\/v2\/posts\/68858\/revisions"}],"predecessor-version":[{"id":68860,"href":"https:\/\/www.enerjigazetesi.ist\/en\/wp-json\/wp\/v2\/posts\/68858\/revisions\/68860"}],"wp:featuredmedia":[{"embeddable":true,"href":"https:\/\/www.enerjigazetesi.ist\/en\/wp-json\/wp\/v2\/media\/68859"}],"wp:attachment":[{"href":"https:\/\/www.enerjigazetesi.ist\/en\/wp-json\/wp\/v2\/media?parent=68858"}],"wp:term":[{"taxonomy":"category","embeddable":true,"href":"https:\/\/www.enerjigazetesi.ist\/en\/wp-json\/wp\/v2\/categories?post=68858"},{"taxonomy":"post_tag","embeddable":true,"href":"https:\/\/www.enerjigazetesi.ist\/en\/wp-json\/wp\/v2\/tags?post=68858"}],"curies":[{"name":"wp","href":"https:\/\/api.w.org\/{rel}","templated":true}]}}